{"id":6753,"date":"2021-07-28T19:12:48","date_gmt":"2021-07-28T22:12:48","guid":{"rendered":"https:\/\/radiorevelacionfm.cl\/?p=6753"},"modified":"2021-07-28T19:12:48","modified_gmt":"2021-07-28T22:12:48","slug":"diputado-alinco-pide-declarar-ilegal-despido-de-mujer-enferma-de-cancer-desvinculada-en-chile-chico","status":"publish","type":"post","link":"https:\/\/radiorevelacionfm.cl\/?p=6753","title":{"rendered":"Diputado Alinco pide declarar ilegal despido de mujer enferma de c\u00e1ncer desvinculada en Chile Chico"},"content":{"rendered":"<div class=\"flex_column av_one_full  flex_column_div av-zero-column-padding first  avia-builder-el-0  el_before_av_one_full  avia-builder-el-first  \" style='border-radius:0px; '><div  class='avia-image-container  av-styling-    avia-builder-el-1  avia-builder-el-no-sibling  avia-align-center '  itemprop=\"image\" itemscope=\"itemscope\" itemtype=\"https:\/\/schema.org\/ImageObject\"  ><div class='avia-image-container-inner'><div class='avia-image-overlay-wrap'><img decoding=\"async\" class='wp-image-6754 avia-img-lazy-loading-not-6754 avia_image' src=\"https:\/\/radiorevelacionfm.cl\/wp-content\/uploads\/2021\/07\/diputado-alinco-4_optimized.jpg\" alt='' title='diputado-alinco-(4)_optimized' height=\"621\" width=\"1600\"  itemprop=\"thumbnailUrl\" srcset=\"https:\/\/radiorevelacionfm.cl\/wp-content\/uploads\/2021\/07\/diputado-alinco-4_optimized.jpg 1600w, https:\/\/radiorevelacionfm.cl\/wp-content\/uploads\/2021\/07\/diputado-alinco-4_optimized-300x116.jpg 300w, https:\/\/radiorevelacionfm.cl\/wp-content\/uploads\/2021\/07\/diputado-alinco-4_optimized-1030x400.jpg 1030w, https:\/\/radiorevelacionfm.cl\/wp-content\/uploads\/2021\/07\/diputado-alinco-4_optimized-768x298.jpg 768w, https:\/\/radiorevelacionfm.cl\/wp-content\/uploads\/2021\/07\/diputado-alinco-4_optimized-1536x596.jpg 1536w, https:\/\/radiorevelacionfm.cl\/wp-content\/uploads\/2021\/07\/diputado-alinco-4_optimized-1500x582.jpg 1500w, https:\/\/radiorevelacionfm.cl\/wp-content\/uploads\/2021\/07\/diputado-alinco-4_optimized-705x274.jpg 705w, https:\/\/radiorevelacionfm.cl\/wp-content\/uploads\/2021\/07\/diputado-alinco-4_optimized-600x233.jpg 600w\" sizes=\"(max-width: 1600px) 100vw, 1600px\" \/><\/div><\/div><\/div><\/div><div class=\"flex_column av_one_full  flex_column_div av-zero-column-padding first  avia-builder-el-2  el_after_av_one_full  el_before_av_one_full  column-top-margin\" style='border-radius:0px; '><section class=\"av_textblock_section \"  itemscope=\"itemscope\" itemtype=\"https:\/\/schema.org\/BlogPosting\" itemprop=\"blogPost\" ><div class='avia_textblock  '   itemprop=\"text\" ><p style=\"text-align: center;\"><strong><span style=\"font-size: 18pt;\">Diputado Alinco pide declarar ilegal despido de mujer enferma de c\u00e1ncer desvinculada en Chile Chico <\/span><\/strong><\/p>\n<div id=\"gtx-trans\" style=\"position: absolute; left: -50px; top: 4.31534px;\">\n<div class=\"gtx-trans-icon\"><\/div>\n<\/div>\n<\/div><\/section><\/div><div class=\"flex_column av_one_full  flex_column_div av-zero-column-padding first  avia-builder-el-4  el_after_av_one_full  el_before_av_hr  column-top-margin\" style='border-radius:0px; '><section class=\"av_textblock_section \"  itemscope=\"itemscope\" itemtype=\"https:\/\/schema.org\/BlogPosting\" itemprop=\"blogPost\" ><div class='avia_textblock  '   itemprop=\"text\" ><p dir=\"ltr\" style=\"text-align: justify;\">La Corte de Apelaciones de Coyhaique acogi\u00f3 un recurso de protecci\u00f3n presentado por el diputado independiente, Ren\u00e9 Alinco, junto con el abogado Rodrigo \u00c1lvarez, por el arbitrario despido de la ex locutora Ver\u00f3nica Pinto, quien a pesar de estar en pleno tratamiento por un c\u00e1ncer, fue despedida por el alcalde de Chile Chico, Luperciano Mu\u00f1oz.<\/p>\n<p dir=\"ltr\" style=\"text-align: justify;\">Seg\u00fan el documento \u00abla decisi\u00f3n de poner t\u00e9rmino a su v\u00ednculo contractual es ilegal al carecer de razonabilidad y fundamentos suficientes, afectando con ello la garant\u00eda de igualdad ante la ley al haber sido discriminada arbitrariamente\u00bb.<\/p>\n<p dir=\"ltr\" style=\"text-align: justify;\">El despido de Ver\u00f3nica se suma a las m\u00e1s de 120 desvinculaciones realizadas en las primeras 48 horas desde que asumi\u00f3 el edil, y que fueron informadas por una carta tipo, sin mayores razones, a pesar de que el municipio cuenta con disponibilidad financiera y presupuestaria.<\/p>\n<p dir=\"ltr\" style=\"text-align: justify;\">El diputado Alinco afirm\u00f3 que \u00abafortunadamente la Corte de Apelaciones de mi regi\u00f3n ya dio el primer paso otorgando admisibilidad del recurso de protecci\u00f3n que interpuse en nombre de la trabajadora, pero a\u00fan quedan m\u00e1s de 120 funcionarios desamparados, la mayor\u00eda contratados bajo la modalidad de honorarios en la Municipalidad, que quedaron sin su fuente laboral en plena pandemia, y que por temor, no se atrevieron a poner su nombre en el recurso\u00bb<\/p>\n<p dir=\"ltr\" style=\"text-align: justify;\">\u00abMe gustar\u00eda hacer un llamado a los dem\u00e1s trabajadores que no se atrevieron a interponer el recurso de protecci\u00f3n. No podemos permitir estas actitudes tiranas desde un alcalde. El trabajo es un derecho y como diputado siempre voy a defender a la clase obrera\u00bb, enfatiz\u00f3 el parlamentario.<\/p>\n<p dir=\"ltr\" style=\"text-align: justify;\">Mientras que el abogado Rodrigo \u00c1lvarez, se refiri\u00f3 a los despidos como \u00abun acto que ha sido irracional, arbitrario e ilegal por parte del alcalde Luperciano Mu\u00f1oz. Creemos que este recurso de protecci\u00f3n que hemos presentado junto al diputado Rene Alinco puede llevar a restablecer el imperio derecho. Ac\u00e1 hay un abuso del derecho, estamos hablando de personas que tienen un margen de protecci\u00f3n menor al estar contratados a honorarios\u00bb.<\/p>\n<p dir=\"ltr\" style=\"text-align: justify;\">Asimismo, el parlamentario a trav\u00e9s de Incidentes en la C\u00e1mara de Diputados, solicit\u00f3 oficiar a la Seremi del Trabajo, a la Seremi de la Mujer y al Instituto de Derechos Humanos, todos de la regi\u00f3n de Ays\u00e9n, para que desde sus \u00e1reas exijan todos los antecedentes relacionados a los m\u00e1s de 120 despidos realizados por el alcalde de Mu\u00f1oz.<\/p>\n<\/div><\/section><\/div><div  style='height:50px' class='hr hr-invisible   avia-builder-el-6  el_after_av_one_full  el_before_av_social_share '><span class='hr-inner ' ><span class='hr-inner-style'><\/span><\/span><\/div><\/p>\n<div  class='av-social-sharing-box  avia-builder-el-7  el_after_av_hr  el_before_av_hr  '><div class='av-share-box'><h5 class='av-share-link-description av-no-toc '>Compartir esta noticia<\/h5><ul class='av-share-box-list noLightbox'><li class='av-share-link av-social-link-facebook' ><a target=\"_blank\" aria-label=\"Compartir en Facebook\" href='https:\/\/www.facebook.com\/sharer.php?u=https:\/\/radiorevelacionfm.cl\/?p=6753&#038;t=Diputado%20Alinco%20pide%20declarar%20ilegal%20despido%20de%20mujer%20enferma%20de%20c%C3%A1ncer%20desvinculada%20en%20Chile%20Chico' aria-hidden='false' data-av_icon='\ue8f3' data-av_iconfont='entypo-fontello' title='' data-avia-related-tooltip='Compartir en Facebook' rel=\"noopener\"><span class='avia_hidden_link_text'>Compartir en Facebook<\/span><\/a><\/li><li class='av-share-link av-social-link-twitter' ><a target=\"_blank\" aria-label=\"Compartir en Twitter\" href='https:\/\/twitter.com\/share?text=Diputado%20Alinco%20pide%20declarar%20ilegal%20despido%20de%20mujer%20enferma%20de%20c%C3%A1ncer%20desvinculada%20en%20Chile%20Chico&#038;url=https:\/\/radiorevelacionfm.cl\/?p=6753' aria-hidden='false' data-av_icon='\ue8f1' data-av_iconfont='entypo-fontello' title='' data-avia-related-tooltip='Compartir en Twitter' rel=\"noopener\"><span class='avia_hidden_link_text'>Compartir en Twitter<\/span><\/a><\/li><li class='av-share-link av-social-link-whatsapp' ><a target=\"_blank\" aria-label=\"Compartir en Whatsapp\" href='https:\/\/api.whatsapp.com\/send?text=https:\/\/radiorevelacionfm.cl\/?p=6753' aria-hidden='false' data-av_icon='\uf232' data-av_iconfont='entypo-fontello' title='' data-avia-related-tooltip='Compartir en Whatsapp' rel=\"noopener\"><span class='avia_hidden_link_text'>Compartir en Whatsapp<\/span><\/a><\/li><li class='av-share-link av-social-link-linkedin' ><a target=\"_blank\" aria-label=\"Compartir en LinkedIn\" href='https:\/\/linkedin.com\/shareArticle?mini=true&#038;title=Diputado%20Alinco%20pide%20declarar%20ilegal%20despido%20de%20mujer%20enferma%20de%20c%C3%A1ncer%20desvinculada%20en%20Chile%20Chico&#038;url=https:\/\/radiorevelacionfm.cl\/?p=6753' aria-hidden='false' data-av_icon='\ue8fc' data-av_iconfont='entypo-fontello' title='' data-avia-related-tooltip='Compartir en LinkedIn' rel=\"noopener\"><span class='avia_hidden_link_text'>Compartir en LinkedIn<\/span><\/a><\/li><li class='av-share-link av-social-link-mail' ><a  aria-label=\"Compartir por correo\" href='mailto:?subject=Diputado%20Alinco%20pide%20declarar%20ilegal%20despido%20de%20mujer%20enferma%20de%20c%C3%A1ncer%20desvinculada%20en%20Chile%20Chico&#038;body=https:\/\/radiorevelacionfm.cl\/?p=6753' aria-hidden='false' data-av_icon='\ue805' data-av_iconfont='entypo-fontello' title='' data-avia-related-tooltip='Compartir por correo'><span class='avia_hidden_link_text'>Compartir por correo<\/span><\/a><\/li><\/ul><\/div><\/div>\n<div  style='height:50px' class='hr hr-invisible   avia-builder-el-8  el_after_av_social_share  el_before_av_comments_list '><span class='hr-inner ' ><span class='hr-inner-style'><\/span><\/span><\/div>\n<div  class='av-buildercomment  av-blog-meta-html-info-disabled av-blog-meta-tag-disabled  '><\/div>\n","protected":false},"excerpt":{"rendered":"","protected":false},"author":1,"featured_media":6754,"comment_status":"open","ping_status":"open","sticky":false,"template":"","format":"standard","meta":{"footnotes":""},"categories":[35],"tags":[],"class_list":["post-6753","post","type-post","status-publish","format-standard","has-post-thumbnail","hentry","category-politica"],"jetpack_featured_media_url":"https:\/\/radiorevelacionfm.cl\/wp-content\/uploads\/2021\/07\/diputado-alinco-4_optimized.jpg","_links":{"self":[{"href":"https:\/\/radiorevelacionfm.cl\/index.php?rest_route=\/wp\/v2\/posts\/6753","targetHints":{"allow":["GET"]}}],"collection":[{"href":"https:\/\/radiorevelacionfm.cl\/index.php?rest_route=\/wp\/v2\/posts"}],"about":[{"href":"https:\/\/radiorevelacionfm.cl\/index.php?rest_route=\/wp\/v2\/types\/post"}],"author":[{"embeddable":true,"href":"https:\/\/radiorevelacionfm.cl\/index.php?rest_route=\/wp\/v2\/users\/1"}],"replies":[{"embeddable":true,"href":"https:\/\/radiorevelacionfm.cl\/index.php?rest_route=%2Fwp%2Fv2%2Fcomments&post=6753"}],"version-history":[{"count":1,"href":"https:\/\/radiorevelacionfm.cl\/index.php?rest_route=\/wp\/v2\/posts\/6753\/revisions"}],"predecessor-version":[{"id":6755,"href":"https:\/\/radiorevelacionfm.cl\/index.php?rest_route=\/wp\/v2\/posts\/6753\/revisions\/6755"}],"wp:featuredmedia":[{"embeddable":true,"href":"https:\/\/radiorevelacionfm.cl\/index.php?rest_route=\/wp\/v2\/media\/6754"}],"wp:attachment":[{"href":"https:\/\/radiorevelacionfm.cl\/index.php?rest_route=%2Fwp%2Fv2%2Fmedia&parent=6753"}],"wp:term":[{"taxonomy":"category","embeddable":true,"href":"https:\/\/radiorevelacionfm.cl\/index.php?rest_route=%2Fwp%2Fv2%2Fcategories&post=6753"},{"taxonomy":"post_tag","embeddable":true,"href":"https:\/\/radiorevelacionfm.cl\/index.php?rest_route=%2Fwp%2Fv2%2Ftags&post=6753"}],"curies":[{"name":"wp","href":"https:\/\/api.w.org\/{rel}","templated":true}]}}