{"id":6749,"date":"2021-07-28T18:37:29","date_gmt":"2021-07-28T21:37:29","guid":{"rendered":"https:\/\/radiorevelacionfm.cl\/?p=6749"},"modified":"2021-07-28T18:37:29","modified_gmt":"2021-07-28T21:37:29","slug":"trabajo-intersectorial-permite-capacitar-a-productores-ovinos-de-villa-amengual","status":"publish","type":"post","link":"https:\/\/radiorevelacionfm.cl\/?p=6749","title":{"rendered":"Trabajo intersectorial permite capacitar a productores ovinos de Villa Amengual"},"content":{"rendered":"<div class=\"flex_column av_one_full  flex_column_div av-zero-column-padding first  avia-builder-el-0  el_before_av_one_full  avia-builder-el-first  \" style='border-radius:0px; '><div  class='avia-image-container  av-styling-    avia-builder-el-1  avia-builder-el-no-sibling  avia-align-center '  itemprop=\"image\" itemscope=\"itemscope\" itemtype=\"https:\/\/schema.org\/ImageObject\"  ><div class='avia-image-container-inner'><div class='avia-image-overlay-wrap'><img decoding=\"async\" class='wp-image-6751 avia-img-lazy-loading-not-6751 avia_image' src=\"https:\/\/radiorevelacionfm.cl\/wp-content\/uploads\/2021\/07\/amengual-3-1_optimized.jpg\" alt='' title='amengual-3-(1)_optimized' height=\"600\" width=\"865\"  itemprop=\"thumbnailUrl\" srcset=\"https:\/\/radiorevelacionfm.cl\/wp-content\/uploads\/2021\/07\/amengual-3-1_optimized.jpg 865w, https:\/\/radiorevelacionfm.cl\/wp-content\/uploads\/2021\/07\/amengual-3-1_optimized-300x208.jpg 300w, https:\/\/radiorevelacionfm.cl\/wp-content\/uploads\/2021\/07\/amengual-3-1_optimized-768x533.jpg 768w, https:\/\/radiorevelacionfm.cl\/wp-content\/uploads\/2021\/07\/amengual-3-1_optimized-705x489.jpg 705w, https:\/\/radiorevelacionfm.cl\/wp-content\/uploads\/2021\/07\/amengual-3-1_optimized-600x416.jpg 600w\" sizes=\"(max-width: 865px) 100vw, 865px\" \/><\/div><\/div><\/div><\/div><div class=\"flex_column av_one_full  flex_column_div av-zero-column-padding first  avia-builder-el-2  el_after_av_one_full  el_before_av_one_full  column-top-margin\" style='border-radius:0px; '><section class=\"av_textblock_section \"  itemscope=\"itemscope\" itemtype=\"https:\/\/schema.org\/BlogPosting\" itemprop=\"blogPost\" ><div class='avia_textblock  '   itemprop=\"text\" ><p style=\"text-align: center;\"><strong><span style=\"font-size: 18pt;\">Trabajo intersectorial permite capacitar a productores ovinos de Villa Amengual<\/span><\/strong><\/p>\n<div id=\"gtx-trans\" style=\"position: absolute; left: -50px; top: 4.31534px;\">\n<div class=\"gtx-trans-icon\"><\/div>\n<\/div>\n<\/div><\/section><\/div><div class=\"flex_column av_one_full  flex_column_div av-zero-column-padding first  avia-builder-el-4  el_after_av_one_full  el_before_av_hr  column-top-margin\" style='border-radius:0px; '><section class=\"av_textblock_section \"  itemscope=\"itemscope\" itemtype=\"https:\/\/schema.org\/BlogPosting\" itemprop=\"blogPost\" ><div class='avia_textblock  '   itemprop=\"text\" ><p style=\"text-align: justify;\">Tras una coordinaci\u00f3n entre el programa Prodesal convenio Municipalidad de Lago Verde \u2013 Indap, Seremi de Agricultura, SAG e INIA, en Villa Amengual se logr\u00f3 desarrollar una charla enfocada en los manejos sanitarios que se deben realizar al reba\u00f1o ovino. La relatora fue la m\u00e9dico veterinario Consuelo Zumelzu, quien se desempe\u00f1a como unos de los profesionales que est\u00e1n desarrollando el programa Modernizaci\u00f3n y Fortalecimiento del Negocio Ovejero de la Regi\u00f3n de Ays\u00e9n.<\/p>\n<p style=\"text-align: justify;\">\u201cLa charla que dict\u00e9 para los productores de la zona, fue sobre los manejos sanitarios y generales que tienen que considerar para sus reba\u00f1os ovinos. La idea es poder potenciar de cierta forma la producci\u00f3n tanto de la calidad de la lana como la calidad de la carne, realizando ciertos manejos en fechas estrat\u00e9gicas para que en el fondo puedan tener mejores ingresos\u201d, manifest\u00f3 Consuelo Zumelzu.<\/p>\n<p style=\"text-align: justify;\">Por su parte, el Director Regional del SAG, Mat\u00edas Vial, destac\u00f3 el desarrollo de esta iniciativa que se enmarca en un programa ovino que lleva adelante la Seremi de Agricultura de Ays\u00e9n.<\/p>\n<p style=\"text-align: justify;\">\u201cUna actividad organizada bajo el marco del programa ovino, iniciativa que lidera la Seremi de Agricultura a trav\u00e9s de sus servicios. Hoy d\u00eda se hizo una capacitaci\u00f3n en manejo sanitario a productores ovinos de la zona de Amengual. La verdad es que, fue una actividad muy interesante, la gente muy participativa, se nota que saben mucho, conocen su realidad. As\u00ed es que, fue un gusto poder compartir experiencias y a trav\u00e9s de los profesionales de INIA y del SAG se pudo entregar y traspasar conocimientos\u201d.<\/p>\n<p style=\"text-align: justify;\">El ingeniero agr\u00f3nomo, jefe t\u00e9cnico Prodesal Amengual \u2013 Tapera, Pablo Sandoval, puso en valor el permanente trabajo entre Indap y el Municipio, donde la autoridad comunal el Alcalde Nelson Opazo L\u00f3pez, ha relevado toda acci\u00f3n que vaya en beneficio de los campesinos y campesinas de la comuna.<\/p>\n<p style=\"text-align: justify;\">Sandoval, a\u00f1adi\u00f3 que, \u201cen nuestra unidad operativa existen tres agricultores que est\u00e1n participando de este programa ovino y en coordinaci\u00f3n con gente del INIA le solicitamos que vengan a dictar la charla a Villa Amengual. Se invit\u00f3 tambi\u00e9n a m\u00e1s agricultores de la unidad operativa, adem\u00e1s tuvimos la visita de dos agricultores del sector de Viviana. La Municipalidad de Lago Verde siempre est\u00e1 abierta a este tipo de actividades que signifiquen crear lazos con otras instituciones y que esto vaya siempre en beneficio de los agricultores de la comuna\u201d.<\/p>\n<p style=\"text-align: justify;\">Enrique B\u00fchler, fue uno de los campesinos presentes en la actividad, la que calific\u00f3 como positiva e interesante. \u201cLa reuni\u00f3n estuvo buena, cosas que no sab\u00edamos las vinimos a aprender y todo muy ilustrativo para todos los campesinos. As\u00ed es que, un siete sobre todo la Municipalidad, el Indap y ahora el INIA, son todos uno, van todos juntos y esperamos que sigan adelante as\u00ed, porque para nosotros son un apoyo muy grande\u201d.<\/p>\n<p style=\"text-align: justify;\">Durante la charla se abordaron temas como las enfermedades parasitarias m\u00e1s comunes que atacan a los ovinos, la forma en que se pueden remediar y la forma de prevenir estas enfermedades. Tambi\u00e9n se coment\u00f3 acerca de los costos asociados para la prevenci\u00f3n de estas enfermedades.<\/p>\n<\/div><\/section><\/div><div  style='height:50px' class='hr hr-invisible   avia-builder-el-6  el_after_av_one_full  el_before_av_social_share '><span class='hr-inner ' ><span class='hr-inner-style'><\/span><\/span><\/div><\/p>\n<div  class='av-social-sharing-box  avia-builder-el-7  el_after_av_hr  el_before_av_hr  '><div class='av-share-box'><h5 class='av-share-link-description av-no-toc '>Compartir esta noticia<\/h5><ul class='av-share-box-list noLightbox'><li class='av-share-link av-social-link-facebook' ><a target=\"_blank\" aria-label=\"Compartir en Facebook\" href='https:\/\/www.facebook.com\/sharer.php?u=https:\/\/radiorevelacionfm.cl\/?p=6749&#038;t=Trabajo%20intersectorial%20permite%20capacitar%20a%20productores%20ovinos%20de%20Villa%20Amengual' aria-hidden='false' data-av_icon='\ue8f3' data-av_iconfont='entypo-fontello' title='' data-avia-related-tooltip='Compartir en Facebook' rel=\"noopener\"><span class='avia_hidden_link_text'>Compartir en Facebook<\/span><\/a><\/li><li class='av-share-link av-social-link-twitter' ><a target=\"_blank\" aria-label=\"Compartir en Twitter\" href='https:\/\/twitter.com\/share?text=Trabajo%20intersectorial%20permite%20capacitar%20a%20productores%20ovinos%20de%20Villa%20Amengual&#038;url=https:\/\/radiorevelacionfm.cl\/?p=6749' aria-hidden='false' data-av_icon='\ue8f1' data-av_iconfont='entypo-fontello' title='' data-avia-related-tooltip='Compartir en Twitter' rel=\"noopener\"><span class='avia_hidden_link_text'>Compartir en Twitter<\/span><\/a><\/li><li class='av-share-link av-social-link-whatsapp' ><a target=\"_blank\" aria-label=\"Compartir en Whatsapp\" href='https:\/\/api.whatsapp.com\/send?text=https:\/\/radiorevelacionfm.cl\/?p=6749' aria-hidden='false' data-av_icon='\uf232' data-av_iconfont='entypo-fontello' title='' data-avia-related-tooltip='Compartir en Whatsapp' rel=\"noopener\"><span class='avia_hidden_link_text'>Compartir en Whatsapp<\/span><\/a><\/li><li class='av-share-link av-social-link-linkedin' ><a target=\"_blank\" aria-label=\"Compartir en LinkedIn\" href='https:\/\/linkedin.com\/shareArticle?mini=true&#038;title=Trabajo%20intersectorial%20permite%20capacitar%20a%20productores%20ovinos%20de%20Villa%20Amengual&#038;url=https:\/\/radiorevelacionfm.cl\/?p=6749' aria-hidden='false' data-av_icon='\ue8fc' data-av_iconfont='entypo-fontello' title='' data-avia-related-tooltip='Compartir en LinkedIn' rel=\"noopener\"><span class='avia_hidden_link_text'>Compartir en LinkedIn<\/span><\/a><\/li><li class='av-share-link av-social-link-mail' ><a  aria-label=\"Compartir por correo\" href='mailto:?subject=Trabajo%20intersectorial%20permite%20capacitar%20a%20productores%20ovinos%20de%20Villa%20Amengual&#038;body=https:\/\/radiorevelacionfm.cl\/?p=6749' aria-hidden='false' data-av_icon='\ue805' data-av_iconfont='entypo-fontello' title='' data-avia-related-tooltip='Compartir por correo'><span class='avia_hidden_link_text'>Compartir por correo<\/span><\/a><\/li><\/ul><\/div><\/div>\n<div  style='height:50px' class='hr hr-invisible   avia-builder-el-8  el_after_av_social_share  el_before_av_comments_list '><span class='hr-inner ' ><span class='hr-inner-style'><\/span><\/span><\/div>\n<div  class='av-buildercomment  av-blog-meta-html-info-disabled av-blog-meta-tag-disabled  '><\/div>\n","protected":false},"excerpt":{"rendered":"","protected":false},"author":1,"featured_media":6751,"comment_status":"open","ping_status":"open","sticky":false,"template":"","format":"standard","meta":{"footnotes":""},"categories":[58],"tags":[],"class_list":["post-6749","post","type-post","status-publish","format-standard","has-post-thumbnail","hentry","category-agricultura"],"jetpack_featured_media_url":"https:\/\/radiorevelacionfm.cl\/wp-content\/uploads\/2021\/07\/amengual-3-1_optimized.jpg","_links":{"self":[{"href":"https:\/\/radiorevelacionfm.cl\/index.php?rest_route=\/wp\/v2\/posts\/6749","targetHints":{"allow":["GET"]}}],"collection":[{"href":"https:\/\/radiorevelacionfm.cl\/index.php?rest_route=\/wp\/v2\/posts"}],"about":[{"href":"https:\/\/radiorevelacionfm.cl\/index.php?rest_route=\/wp\/v2\/types\/post"}],"author":[{"embeddable":true,"href":"https:\/\/radiorevelacionfm.cl\/index.php?rest_route=\/wp\/v2\/users\/1"}],"replies":[{"embeddable":true,"href":"https:\/\/radiorevelacionfm.cl\/index.php?rest_route=%2Fwp%2Fv2%2Fcomments&post=6749"}],"version-history":[{"count":1,"href":"https:\/\/radiorevelacionfm.cl\/index.php?rest_route=\/wp\/v2\/posts\/6749\/revisions"}],"predecessor-version":[{"id":6752,"href":"https:\/\/radiorevelacionfm.cl\/index.php?rest_route=\/wp\/v2\/posts\/6749\/revisions\/6752"}],"wp:featuredmedia":[{"embeddable":true,"href":"https:\/\/radiorevelacionfm.cl\/index.php?rest_route=\/wp\/v2\/media\/6751"}],"wp:attachment":[{"href":"https:\/\/radiorevelacionfm.cl\/index.php?rest_route=%2Fwp%2Fv2%2Fmedia&parent=6749"}],"wp:term":[{"taxonomy":"category","embeddable":true,"href":"https:\/\/radiorevelacionfm.cl\/index.php?rest_route=%2Fwp%2Fv2%2Fcategories&post=6749"},{"taxonomy":"post_tag","embeddable":true,"href":"https:\/\/radiorevelacionfm.cl\/index.php?rest_route=%2Fwp%2Fv2%2Ftags&post=6749"}],"curies":[{"name":"wp","href":"https:\/\/api.w.org\/{rel}","templated":true}]}}