{"id":6744,"date":"2021-07-28T17:58:43","date_gmt":"2021-07-28T20:58:43","guid":{"rendered":"https:\/\/radiorevelacionfm.cl\/?p=6744"},"modified":"2021-07-28T18:04:24","modified_gmt":"2021-07-28T21:04:24","slug":"84-emprendedoras-y-emprendedores-de-la-region-de-aysen-son-parte-del-cyberfosis","status":"publish","type":"post","link":"https:\/\/radiorevelacionfm.cl\/?p=6744","title":{"rendered":"84 emprendedoras y emprendedores de la regi\u00f3n de Ays\u00e9n son parte del CyberFOSIS"},"content":{"rendered":"<div class=\"flex_column av_one_full  flex_column_div av-zero-column-padding first  avia-builder-el-0  el_before_av_one_full  avia-builder-el-first  \" style='border-radius:0px; '><div  class='avia-image-container  av-styling-    avia-builder-el-1  avia-builder-el-no-sibling  avia-align-center '  itemprop=\"image\" itemscope=\"itemscope\" itemtype=\"https:\/\/schema.org\/ImageObject\"  ><div class='avia-image-container-inner'><div class='avia-image-overlay-wrap'><img decoding=\"async\" class='wp-image-0 avia-img-lazy-loading-not-0 avia_image' src=\"https:\/\/radiorevelacionfm.cl\/wp-content\/uploads\/2021\/07\/1-58-1_optimized-1.jpg\" alt='' title=''   itemprop=\"thumbnailUrl\"  \/><\/div><\/div><\/div><\/div><div class=\"flex_column av_one_full  flex_column_div av-zero-column-padding first  avia-builder-el-2  el_after_av_one_full  el_before_av_one_full  column-top-margin\" style='border-radius:0px; '><section class=\"av_textblock_section \"  itemscope=\"itemscope\" itemtype=\"https:\/\/schema.org\/BlogPosting\" itemprop=\"blogPost\" ><div class='avia_textblock  '   itemprop=\"text\" ><p style=\"text-align: center;\"><strong><span style=\"font-size: 18pt;\">84 emprendedoras y emprendedores de la regi\u00f3n de Ays\u00e9n son parte del CyberFOSIS <\/span><\/strong><\/p>\n<div id=\"gtx-trans\" style=\"position: absolute; left: -50px; top: 4.31534px;\">\n<div class=\"gtx-trans-icon\"><\/div>\n<\/div>\n<\/div><\/section><\/div><\/p>\n<div class=\"flex_column av_one_full  flex_column_div av-zero-column-padding first  avia-builder-el-4  el_after_av_one_full  el_before_av_hr  column-top-margin\" style='border-radius:0px; '><section class=\"av_textblock_section \"  itemscope=\"itemscope\" itemtype=\"https:\/\/schema.org\/BlogPosting\" itemprop=\"blogPost\" ><div class='avia_textblock  '   itemprop=\"text\" ><p style=\"text-align: justify;\">Hasta \u201cTaller El Colibr\u00ed\u201d llegaron la Directora Regional del FOSIS, el Seremi de Desarrollo Social y Familia y la Gobernadora Regional de Ays\u00e9n para conocer el trabajo de artesan\u00eda en madera nativa que desarrolla la emprendedora Claudia Flores, quien participa de esta nueva versi\u00f3n de CyberFOSIS.<\/p>\n<p style=\"text-align: justify;\">En la visita realiza, en contexto de lanzamiento de la vitrina digital, las autoridades pudieron apreciar el minucioso trabajo de corte, lijado y barnizado que realiza Claudia en cada una de las piezas que utiliza para dar forma a aves, mam\u00edferos, anfibios y otros dise\u00f1os decorativos, hechos principalmente con maderas de lenga, ma\u00f1\u00edo, raul\u00ed, ciruelillo, laurel y lingue.<\/p>\n<p style=\"text-align: justify;\">CyberFOSIS es una vitrina para que usuarios y usuarias que han sido parte de los programas de emprendimiento del FOSIS, tengan un espacio en el mundo digital, que les permita generar ventas online y aportar en el desarrollo de sus negocios en \u00e9poca de crisis.<\/p>\n<p style=\"text-align: justify;\">En esta nueva versi\u00f3n estar\u00e1n presentes 84 participantes de las 10 comunas de la regi\u00f3n de Ays\u00e9n, quienes ofrecer\u00e1n sus productos y servicios en distintas categor\u00edas como: Accesorios y regalos; artesan\u00eda; salud y belleza; gourmet; hogar; mundo infantil; servicios; y vestuario y calzado.<\/p>\n<p style=\"text-align: justify;\">La totalidad de las emprendedoras y emprendedores participantes de esta nueva vitrina digital de FOSIS reciben capacitaciones, asesor\u00eda t\u00e9cnica y un plan de financiamiento para fortalecer sus negocios, gracias recurso del programa Yo Emprendo FNDR, financiado por el Gobierno Regional de Ays\u00e9n y su Consejo.<\/p>\n<p style=\"text-align: justify;\">Claudia Flores, emprendedora y artesana de Taller El Colibr\u00ed, coment\u00f3 sus expectativas de este CyberFOSIS y detall\u00f3 el trabajo que realiza en madera nativa. \u201cEspero vender harto, es como lo principal y tambi\u00e9n ser m\u00e1s conocida, tratar de llegar a m\u00e1s gente que no nos ubica, no necesariamente para que nos compre ahora, pero nosotros somos un negocio que funciona todo el tiempo. Feliz de estar participando de este programa. He recibido hartas capacitaciones con respecto a redes sociales y c\u00f3mo funcionar mejor, as\u00ed que espero sean puras cosas provechosas para nuestro emprendimiento. Nosotros trabajamos diferentes t\u00e9cnicas, especialmente una que se llama intarsia, que es artesan\u00eda decorativa, una especie de mosaico de maderas diferentes. Trabajamos tambi\u00e9n puzles, cajas y juegos de ajedrez\u201d.<\/p>\n<p style=\"text-align: justify;\">La Directora Regional del FOSIS en Ays\u00e9n, Dominique Br\u00e4utigam, valor\u00f3 la labor colaborativa con el Gobierno Regional e invit\u00f3 a visitar la plataforma y preferir a las emprendedoras y emprendedores locales. \u201cQueremos destacar y reconocer el trabajo mancomunado que se ha realizado en la regi\u00f3n de Ays\u00e9n, que hoy nos permite lanzar el CyberFOSIS, que lidera FOSIS a nivel pa\u00eds, pero con el sello de que en nuestra regi\u00f3n participan emprendedores de las 10 comunas, quienes se caracterizan por poner su mano de obra local y que tienen una impronta regional \u00fanica a nivel nacional. En la plataforma de CyberFOSIS van a poder conocer a los 84 expositores locales, donde hay m\u00e1s de 570 emprendedores de todo el pa\u00eds, pero queremos recomendarles especialmente que conozcan y apoyen a los emprendedores de Ays\u00e9n.\u201d<\/p>\n<p style=\"text-align: justify;\">Marcelo J\u00e9lvez, Seremi de Desarrollo Social y Familia, recalc\u00f3 que \u201ccomo bien lo se\u00f1alaba la Gobernadora Regional la asociatividad es lo que buscamos como Gobierno, trabajar juntos y aunar fuerzas para reactivar la econom\u00eda nacional y particularmente nuestra econom\u00eda regional. Tenemos talentos como Claudia y muchos otros en artesan\u00eda de madera, en greda y una gran gama de emprendedores y artesanos de la regi\u00f3n que, con este trabajo mancomunado, pueden salir adelante y proyectarse. Como Ministerio estamos felices de poder contribuir junto a los recursos del Gobierno Regional para superar estas barreras que nos han tenido tanto tiempo en casa y sin la posibilidad de mostrar a la regi\u00f3n y al mundo lo que nuestros artesanos y emprendedores locales hacen.\u201d<\/p>\n<p style=\"text-align: justify;\">La Gobernadora Regional de Ays\u00e9n, Andrea Mac\u00edas, destac\u00f3 la inversi\u00f3n de recursos p\u00fablicos en fomentar emprendimientos y microempresas regionales. \u201cAgradecer el trabajo colaborativo con FOSIS, que a trav\u00e9s del Programa Ferias, tuvo la capacidad de reconvertirse en contexto de pandemia, y pudo llegar a m\u00e1s de 200 beneficiarios, adem\u00e1s de 200 millones de pesos, y que hoy permite que seamos la regi\u00f3n con mayor participaci\u00f3n en CyberFOSIS, con 84 emprendedores. Destacar, sin duda, el talento de Claudia y desear, a trav\u00e9s de ella, el mayor de los \u00e9xitos; siempre es una oportunidad para nuestros emprendedores mostrar el trabajo que realizan, a trav\u00e9s de las redes, con este recurso desde el Estado\u201d, concluy\u00f3.<\/p>\n<p style=\"text-align: justify;\">Cabe destacar que esta vitrina digital est\u00e1 habilitada desde hoy mi\u00e9rcoles 28 de julio por un total de 3 semanas y se puede ingresar de manera directa a trav\u00e9s de sitio web <a href=\"http:\/\/www.cyberfosis.cl\">www.cyberfosis.cl<\/a> o mediante al banner publicado en la p\u00e1gina del FOSIS www.fosis.gob.cl<\/p>\n<\/div><\/section><\/div>\n<div  style='height:50px' class='hr hr-invisible   avia-builder-el-6  el_after_av_one_full  el_before_av_social_share '><span class='hr-inner ' ><span class='hr-inner-style'><\/span><\/span><\/div>\n<div  class='av-social-sharing-box  avia-builder-el-7  el_after_av_hr  el_before_av_hr  '><div class='av-share-box'><h5 class='av-share-link-description av-no-toc '>Compartir esta noticia<\/h5><ul class='av-share-box-list noLightbox'><li class='av-share-link av-social-link-facebook' ><a target=\"_blank\" aria-label=\"Compartir en Facebook\" href='https:\/\/www.facebook.com\/sharer.php?u=https:\/\/radiorevelacionfm.cl\/?p=6744&#038;t=84%20emprendedoras%20y%20emprendedores%20de%20la%20regi%C3%B3n%20de%20Ays%C3%A9n%20son%20parte%20del%20CyberFOSIS' aria-hidden='false' data-av_icon='\ue8f3' data-av_iconfont='entypo-fontello' title='' data-avia-related-tooltip='Compartir en Facebook' rel=\"noopener\"><span class='avia_hidden_link_text'>Compartir en Facebook<\/span><\/a><\/li><li class='av-share-link av-social-link-twitter' ><a target=\"_blank\" aria-label=\"Compartir en Twitter\" href='https:\/\/twitter.com\/share?text=84%20emprendedoras%20y%20emprendedores%20de%20la%20regi%C3%B3n%20de%20Ays%C3%A9n%20son%20parte%20del%20CyberFOSIS&#038;url=https:\/\/radiorevelacionfm.cl\/?p=6744' aria-hidden='false' data-av_icon='\ue8f1' data-av_iconfont='entypo-fontello' title='' data-avia-related-tooltip='Compartir en Twitter' rel=\"noopener\"><span class='avia_hidden_link_text'>Compartir en Twitter<\/span><\/a><\/li><li class='av-share-link av-social-link-whatsapp' ><a target=\"_blank\" aria-label=\"Compartir en Whatsapp\" href='https:\/\/api.whatsapp.com\/send?text=https:\/\/radiorevelacionfm.cl\/?p=6744' aria-hidden='false' data-av_icon='\uf232' data-av_iconfont='entypo-fontello' title='' data-avia-related-tooltip='Compartir en Whatsapp' rel=\"noopener\"><span class='avia_hidden_link_text'>Compartir en Whatsapp<\/span><\/a><\/li><li class='av-share-link av-social-link-linkedin' ><a target=\"_blank\" aria-label=\"Compartir en LinkedIn\" href='https:\/\/linkedin.com\/shareArticle?mini=true&#038;title=84%20emprendedoras%20y%20emprendedores%20de%20la%20regi%C3%B3n%20de%20Ays%C3%A9n%20son%20parte%20del%20CyberFOSIS&#038;url=https:\/\/radiorevelacionfm.cl\/?p=6744' aria-hidden='false' data-av_icon='\ue8fc' data-av_iconfont='entypo-fontello' title='' data-avia-related-tooltip='Compartir en LinkedIn' rel=\"noopener\"><span class='avia_hidden_link_text'>Compartir en LinkedIn<\/span><\/a><\/li><li class='av-share-link av-social-link-mail' ><a  aria-label=\"Compartir por correo\" href='mailto:?subject=84%20emprendedoras%20y%20emprendedores%20de%20la%20regi%C3%B3n%20de%20Ays%C3%A9n%20son%20parte%20del%20CyberFOSIS&#038;body=https:\/\/radiorevelacionfm.cl\/?p=6744' aria-hidden='false' data-av_icon='\ue805' data-av_iconfont='entypo-fontello' title='' data-avia-related-tooltip='Compartir por correo'><span class='avia_hidden_link_text'>Compartir por correo<\/span><\/a><\/li><\/ul><\/div><\/div>\n<div  style='height:50px' class='hr hr-invisible   avia-builder-el-8  el_after_av_social_share  el_before_av_comments_list '><span class='hr-inner ' ><span class='hr-inner-style'><\/span><\/span><\/div>\n<div  class='av-buildercomment  av-blog-meta-html-info-disabled av-blog-meta-tag-disabled  '><\/div>\n","protected":false},"excerpt":{"rendered":"","protected":false},"author":1,"featured_media":0,"comment_status":"open","ping_status":"open","sticky":false,"template":"","format":"standard","meta":{"footnotes":""},"categories":[38],"tags":[],"class_list":["post-6744","post","type-post","status-publish","format-standard","hentry","category-regional"],"jetpack_featured_media_url":"","_links":{"self":[{"href":"https:\/\/radiorevelacionfm.cl\/index.php?rest_route=\/wp\/v2\/posts\/6744","targetHints":{"allow":["GET"]}}],"collection":[{"href":"https:\/\/radiorevelacionfm.cl\/index.php?rest_route=\/wp\/v2\/posts"}],"about":[{"href":"https:\/\/radiorevelacionfm.cl\/index.php?rest_route=\/wp\/v2\/types\/post"}],"author":[{"embeddable":true,"href":"https:\/\/radiorevelacionfm.cl\/index.php?rest_route=\/wp\/v2\/users\/1"}],"replies":[{"embeddable":true,"href":"https:\/\/radiorevelacionfm.cl\/index.php?rest_route=%2Fwp%2Fv2%2Fcomments&post=6744"}],"version-history":[{"count":2,"href":"https:\/\/radiorevelacionfm.cl\/index.php?rest_route=\/wp\/v2\/posts\/6744\/revisions"}],"predecessor-version":[{"id":6748,"href":"https:\/\/radiorevelacionfm.cl\/index.php?rest_route=\/wp\/v2\/posts\/6744\/revisions\/6748"}],"wp:attachment":[{"href":"https:\/\/radiorevelacionfm.cl\/index.php?rest_route=%2Fwp%2Fv2%2Fmedia&parent=6744"}],"wp:term":[{"taxonomy":"category","embeddable":true,"href":"https:\/\/radiorevelacionfm.cl\/index.php?rest_route=%2Fwp%2Fv2%2Fcategories&post=6744"},{"taxonomy":"post_tag","embeddable":true,"href":"https:\/\/radiorevelacionfm.cl\/index.php?rest_route=%2Fwp%2Fv2%2Ftags&post=6744"}],"curies":[{"name":"wp","href":"https:\/\/api.w.org\/{rel}","templated":true}]}}