{"id":6741,"date":"2021-07-28T17:27:21","date_gmt":"2021-07-28T20:27:21","guid":{"rendered":"https:\/\/radiorevelacionfm.cl\/?p=6741"},"modified":"2021-07-28T17:27:21","modified_gmt":"2021-07-28T20:27:21","slug":"diversas-autoridades-confluyen-para-tratar-problema-de-conectividad-en-pasarela-rio-los-palos","status":"publish","type":"post","link":"https:\/\/radiorevelacionfm.cl\/?p=6741","title":{"rendered":"Diversas autoridades confluyen para tratar problema de conectividad en pasarela R\u00edo Los Palos"},"content":{"rendered":"<div class=\"flex_column av_one_full  flex_column_div av-zero-column-padding first  avia-builder-el-0  el_before_av_one_full  avia-builder-el-first  \" style='border-radius:0px; '><div  class='avia-image-container  av-styling-    avia-builder-el-1  avia-builder-el-no-sibling  avia-align-center '  itemprop=\"image\" itemscope=\"itemscope\" itemtype=\"https:\/\/schema.org\/ImageObject\"  ><div class='avia-image-container-inner'><div class='avia-image-overlay-wrap'><img decoding=\"async\" class='wp-image-6742 avia-img-lazy-loading-not-6742 avia_image' src=\"https:\/\/radiorevelacionfm.cl\/wp-content\/uploads\/2021\/07\/IMG-RioLosPalos3-1-1.jpg\" alt='' title='IMG-RioLosPalos3 (1) (1)' height=\"600\" width=\"900\"  itemprop=\"thumbnailUrl\" srcset=\"https:\/\/radiorevelacionfm.cl\/wp-content\/uploads\/2021\/07\/IMG-RioLosPalos3-1-1.jpg 900w, https:\/\/radiorevelacionfm.cl\/wp-content\/uploads\/2021\/07\/IMG-RioLosPalos3-1-1-300x200.jpg 300w, https:\/\/radiorevelacionfm.cl\/wp-content\/uploads\/2021\/07\/IMG-RioLosPalos3-1-1-768x512.jpg 768w, https:\/\/radiorevelacionfm.cl\/wp-content\/uploads\/2021\/07\/IMG-RioLosPalos3-1-1-705x470.jpg 705w, https:\/\/radiorevelacionfm.cl\/wp-content\/uploads\/2021\/07\/IMG-RioLosPalos3-1-1-600x400.jpg 600w\" sizes=\"(max-width: 900px) 100vw, 900px\" \/><\/div><\/div><\/div><\/div><div class=\"flex_column av_one_full  flex_column_div av-zero-column-padding first  avia-builder-el-2  el_after_av_one_full  el_before_av_one_full  column-top-margin\" style='border-radius:0px; '><section class=\"av_textblock_section \"  itemscope=\"itemscope\" itemtype=\"https:\/\/schema.org\/BlogPosting\" itemprop=\"blogPost\" ><div class='avia_textblock  '   itemprop=\"text\" ><p style=\"text-align: center;\"><strong><span style=\"font-size: 18pt;\">Diversas autoridades confluyen para tratar problema de conectividad en pasarela R\u00edo Los Palos<\/span><\/strong><\/p>\n<div id=\"gtx-trans\" style=\"position: absolute; left: -50px; top: 4.31534px;\">\n<div class=\"gtx-trans-icon\"><\/div>\n<\/div>\n<\/div><\/section><\/div><div class=\"flex_column av_one_full  flex_column_div av-zero-column-padding first  avia-builder-el-4  el_after_av_one_full  el_before_av_hr  column-top-margin\" style='border-radius:0px; '><section class=\"av_textblock_section \"  itemscope=\"itemscope\" itemtype=\"https:\/\/schema.org\/BlogPosting\" itemprop=\"blogPost\" ><div class='avia_textblock  '   itemprop=\"text\" ><p style=\"text-align: justify;\">Tras la incertidumbre y miedo generado en la comunidad que reside en el sector rural de Puerto Ays\u00e9n, a ra\u00edz de la rotura expuesta de una las grillas que sostiene la pasarela de R\u00edo Los Palos. Distintas autoridades del Municipio de Ays\u00e9n y del Gobierno se dieron cita para revisar las soluciones adoptadas en esta materia para subsanar dicha situaci\u00f3n. En el encuentro el director regional de Vialidad en Ays\u00e9n, destac\u00f3 que prontamente se someter\u00e1 a licitaci\u00f3n estudios que permitir\u00e1n proyectar una nueva infraestructura que cumpla con los est\u00e1ndares actuales en materia de transporte.<\/p>\n<p style=\"text-align: justify;\">En este sentido, el Jefe de Gabinete de la oficina alcaldicia de Julio Uribe, Marco Co\u00f1uecar, abord\u00f3 que la reuni\u00f3n sostenida en el lugar se inform\u00f3 sobre la labor de reparaci\u00f3n efectuada. Sin embargo, desde la Casa Edilicia de Ays\u00e9n piden una soluci\u00f3n \u201cm\u00e1s radical\u201d. Entre las opciones que se barajan, se encuentra la instalaci\u00f3n de c\u00e1maras de vigilancia, pero el personero municipal se centr\u00f3 en entregar el mensaje de la comunidad respecto a obtener una intervenci\u00f3n de lago alcance en el tiempo \u201cle coment\u00e1bamos al director que hay m\u00e1s de 100 vecinos que viven al otro lado del puente, emprendedores, entonces este es un tema que va para el desarrollo de econ\u00f3mico y social que es muy necesario\u201d.<\/p>\n<p style=\"text-align: justify;\">Por su parte, Jaime Alarc\u00f3n, director regional de Vialidad, detall\u00f3 lo acontecido en el lugar y entregando las primeras conclusiones sobre el hecho \u201cno se est\u00e1 respetando los l\u00edmites\u201d en cuanto al tonelaje. Por lo que la autoridad realiz\u00f3 un llamado a la comunidad para \u201ctransitar a un l\u00edmite de velocidad muy baja, ojal\u00e1 no frenar ni pasar cambios y por supuesto, respetar el l\u00edmite de 18,000 kg que es para lo cual est\u00e1 dise\u00f1ada esta estructura\u201d. Asimismo, el personero de gobierno abord\u00f3 que prontamente, en agosto, se espera licitar el dise\u00f1o de un nuevo puente que soporte por lo menos \u00a045,000 kg pero que la actual infraestructura se proyecta hasta por 4 a\u00f1os m\u00e1s, por lo tanto, el principal mensaje es al cuidado de la misma.<\/p>\n<p style=\"text-align: justify;\">Finalmente, el concejal por la comuna de Ays\u00e9n, Gabriel Mu\u00f1oz, coment\u00f3 que en esta visita han podido conocer las denuncias previas por el tr\u00e1nsito de camiones con alto volumen de tonelaje pero que, tras conversar con el director de Vialidad \u201cnos est\u00e1 dando una buena noticia, que ya se formular\u00e1 un proyecto de puente que m\u00e1s o menos ser\u00eda de aqu\u00ed a unos 3 a\u00f1os m\u00e1s, respecto a contar con un puente acorde a lo que necesitan los vecinos y aguantar un buen tonelaje y nos acercamos porque se hab\u00eda cortado uno de los tensores pero se ha solucionado todo tiempo\u201d sentenci\u00f3 el integrante del Concejo Municipal aysenino.<\/p>\n<\/div><\/section><\/div><div  style='height:50px' class='hr hr-invisible   avia-builder-el-6  el_after_av_one_full  el_before_av_social_share '><span class='hr-inner ' ><span class='hr-inner-style'><\/span><\/span><\/div><\/p>\n<div  class='av-social-sharing-box  avia-builder-el-7  el_after_av_hr  el_before_av_hr  '><div class='av-share-box'><h5 class='av-share-link-description av-no-toc '>Compartir esta noticia<\/h5><ul class='av-share-box-list noLightbox'><li class='av-share-link av-social-link-facebook' ><a target=\"_blank\" aria-label=\"Compartir en Facebook\" href='https:\/\/www.facebook.com\/sharer.php?u=https:\/\/radiorevelacionfm.cl\/?p=6741&#038;t=Diversas%20autoridades%20confluyen%20para%20tratar%20problema%20de%20conectividad%20en%20pasarela%20R%C3%ADo%20Los%20Palos' aria-hidden='false' data-av_icon='\ue8f3' data-av_iconfont='entypo-fontello' title='' data-avia-related-tooltip='Compartir en Facebook' rel=\"noopener\"><span class='avia_hidden_link_text'>Compartir en Facebook<\/span><\/a><\/li><li class='av-share-link av-social-link-twitter' ><a target=\"_blank\" aria-label=\"Compartir en Twitter\" href='https:\/\/twitter.com\/share?text=Diversas%20autoridades%20confluyen%20para%20tratar%20problema%20de%20conectividad%20en%20pasarela%20R%C3%ADo%20Los%20Palos&#038;url=https:\/\/radiorevelacionfm.cl\/?p=6741' aria-hidden='false' data-av_icon='\ue8f1' data-av_iconfont='entypo-fontello' title='' data-avia-related-tooltip='Compartir en Twitter' rel=\"noopener\"><span class='avia_hidden_link_text'>Compartir en Twitter<\/span><\/a><\/li><li class='av-share-link av-social-link-whatsapp' ><a target=\"_blank\" aria-label=\"Compartir en Whatsapp\" href='https:\/\/api.whatsapp.com\/send?text=https:\/\/radiorevelacionfm.cl\/?p=6741' aria-hidden='false' data-av_icon='\uf232' data-av_iconfont='entypo-fontello' title='' data-avia-related-tooltip='Compartir en Whatsapp' rel=\"noopener\"><span class='avia_hidden_link_text'>Compartir en Whatsapp<\/span><\/a><\/li><li class='av-share-link av-social-link-linkedin' ><a target=\"_blank\" aria-label=\"Compartir en LinkedIn\" href='https:\/\/linkedin.com\/shareArticle?mini=true&#038;title=Diversas%20autoridades%20confluyen%20para%20tratar%20problema%20de%20conectividad%20en%20pasarela%20R%C3%ADo%20Los%20Palos&#038;url=https:\/\/radiorevelacionfm.cl\/?p=6741' aria-hidden='false' data-av_icon='\ue8fc' data-av_iconfont='entypo-fontello' title='' data-avia-related-tooltip='Compartir en LinkedIn' rel=\"noopener\"><span class='avia_hidden_link_text'>Compartir en LinkedIn<\/span><\/a><\/li><li class='av-share-link av-social-link-mail' ><a  aria-label=\"Compartir por correo\" href='mailto:?subject=Diversas%20autoridades%20confluyen%20para%20tratar%20problema%20de%20conectividad%20en%20pasarela%20R%C3%ADo%20Los%20Palos&#038;body=https:\/\/radiorevelacionfm.cl\/?p=6741' aria-hidden='false' data-av_icon='\ue805' data-av_iconfont='entypo-fontello' title='' data-avia-related-tooltip='Compartir por correo'><span class='avia_hidden_link_text'>Compartir por correo<\/span><\/a><\/li><\/ul><\/div><\/div>\n<div  style='height:50px' class='hr hr-invisible   avia-builder-el-8  el_after_av_social_share  el_before_av_comments_list '><span class='hr-inner ' ><span class='hr-inner-style'><\/span><\/span><\/div>\n<div  class='av-buildercomment  av-blog-meta-html-info-disabled av-blog-meta-tag-disabled  '><\/div>\n","protected":false},"excerpt":{"rendered":"","protected":false},"author":1,"featured_media":6742,"comment_status":"open","ping_status":"open","sticky":false,"template":"","format":"standard","meta":{"footnotes":""},"categories":[38],"tags":[],"class_list":["post-6741","post","type-post","status-publish","format-standard","has-post-thumbnail","hentry","category-regional"],"jetpack_featured_media_url":"https:\/\/radiorevelacionfm.cl\/wp-content\/uploads\/2021\/07\/IMG-RioLosPalos3-1-1.jpg","_links":{"self":[{"href":"https:\/\/radiorevelacionfm.cl\/index.php?rest_route=\/wp\/v2\/posts\/6741","targetHints":{"allow":["GET"]}}],"collection":[{"href":"https:\/\/radiorevelacionfm.cl\/index.php?rest_route=\/wp\/v2\/posts"}],"about":[{"href":"https:\/\/radiorevelacionfm.cl\/index.php?rest_route=\/wp\/v2\/types\/post"}],"author":[{"embeddable":true,"href":"https:\/\/radiorevelacionfm.cl\/index.php?rest_route=\/wp\/v2\/users\/1"}],"replies":[{"embeddable":true,"href":"https:\/\/radiorevelacionfm.cl\/index.php?rest_route=%2Fwp%2Fv2%2Fcomments&post=6741"}],"version-history":[{"count":1,"href":"https:\/\/radiorevelacionfm.cl\/index.php?rest_route=\/wp\/v2\/posts\/6741\/revisions"}],"predecessor-version":[{"id":6743,"href":"https:\/\/radiorevelacionfm.cl\/index.php?rest_route=\/wp\/v2\/posts\/6741\/revisions\/6743"}],"wp:featuredmedia":[{"embeddable":true,"href":"https:\/\/radiorevelacionfm.cl\/index.php?rest_route=\/wp\/v2\/media\/6742"}],"wp:attachment":[{"href":"https:\/\/radiorevelacionfm.cl\/index.php?rest_route=%2Fwp%2Fv2%2Fmedia&parent=6741"}],"wp:term":[{"taxonomy":"category","embeddable":true,"href":"https:\/\/radiorevelacionfm.cl\/index.php?rest_route=%2Fwp%2Fv2%2Fcategories&post=6741"},{"taxonomy":"post_tag","embeddable":true,"href":"https:\/\/radiorevelacionfm.cl\/index.php?rest_route=%2Fwp%2Fv2%2Ftags&post=6741"}],"curies":[{"name":"wp","href":"https:\/\/api.w.org\/{rel}","templated":true}]}}