{"id":6738,"date":"2021-07-29T10:25:43","date_gmt":"2021-07-29T13:25:43","guid":{"rendered":"https:\/\/radiorevelacionfm.cl\/?p=6738"},"modified":"2021-07-29T10:25:43","modified_gmt":"2021-07-29T13:25:43","slug":"inia-tamel-aike-publica-primera-linea-base-sobre-turberas-de-sphagnum-en-la-region-de-aysen","status":"publish","type":"post","link":"https:\/\/radiorevelacionfm.cl\/?p=6738","title":{"rendered":"INIA Tamel Aike publica primera l\u00ednea base sobre turberas de Sphagnum en la regi\u00f3n de Ays\u00e9n"},"content":{"rendered":"<div class=\"flex_column av_one_full  flex_column_div av-zero-column-padding first  avia-builder-el-0  el_before_av_one_full  avia-builder-el-first  \" style='border-radius:0px; '><div  class='avia-image-container  av-styling-    avia-builder-el-1  avia-builder-el-no-sibling  avia-align-center '  itemprop=\"image\" itemscope=\"itemscope\" itemtype=\"https:\/\/schema.org\/ImageObject\"  ><div class='avia-image-container-inner'><div class='avia-image-overlay-wrap'><img decoding=\"async\" class='wp-image-6739 avia-img-lazy-loading-not-6739 avia_image' src=\"https:\/\/radiorevelacionfm.cl\/wp-content\/uploads\/2021\/07\/IMG_0243i-1-1.jpg\" alt='' title='IMG_0243i (1) (1)' height=\"600\" width=\"1118\"  itemprop=\"thumbnailUrl\" srcset=\"https:\/\/radiorevelacionfm.cl\/wp-content\/uploads\/2021\/07\/IMG_0243i-1-1.jpg 1118w, https:\/\/radiorevelacionfm.cl\/wp-content\/uploads\/2021\/07\/IMG_0243i-1-1-300x161.jpg 300w, https:\/\/radiorevelacionfm.cl\/wp-content\/uploads\/2021\/07\/IMG_0243i-1-1-1030x553.jpg 1030w, https:\/\/radiorevelacionfm.cl\/wp-content\/uploads\/2021\/07\/IMG_0243i-1-1-768x412.jpg 768w, https:\/\/radiorevelacionfm.cl\/wp-content\/uploads\/2021\/07\/IMG_0243i-1-1-705x378.jpg 705w, https:\/\/radiorevelacionfm.cl\/wp-content\/uploads\/2021\/07\/IMG_0243i-1-1-600x322.jpg 600w\" sizes=\"(max-width: 1118px) 100vw, 1118px\" \/><\/div><\/div><\/div><\/div><div class=\"flex_column av_one_full  flex_column_div av-zero-column-padding first  avia-builder-el-2  el_after_av_one_full  el_before_av_one_full  column-top-margin\" style='border-radius:0px; '><section class=\"av_textblock_section \"  itemscope=\"itemscope\" itemtype=\"https:\/\/schema.org\/BlogPosting\" itemprop=\"blogPost\" ><div class='avia_textblock  '   itemprop=\"text\" ><p style=\"text-align: center;\"><strong><span style=\"font-size: 18pt;\">INIA Tamel Aike publica primera l\u00ednea base sobre turberas de Sphagnum en la regi\u00f3n de Ays\u00e9n<\/span><\/strong><\/p>\n<div id=\"gtx-trans\" style=\"position: absolute; left: -50px; top: 4.31534px;\">\n<div class=\"gtx-trans-icon\"><\/div>\n<\/div>\n<\/div><\/section><\/div><div class=\"flex_column av_one_full  flex_column_div av-zero-column-padding first  avia-builder-el-4  el_after_av_one_full  el_before_av_hr  column-top-margin\" style='border-radius:0px; '><section class=\"av_textblock_section \"  itemscope=\"itemscope\" itemtype=\"https:\/\/schema.org\/BlogPosting\" itemprop=\"blogPost\" ><div class='avia_textblock  '   itemprop=\"text\" ><p class=\"v1MsoNormal\" style=\"text-align: justify;\">Como uno de los resultados de un proyecto del Fondo de Innovaci\u00f3n para la Competitividad (FIC), el Instituto de Investigaciones Agropecuarias, INIA Tamel Aike, public\u00f3 la primera l\u00ednea base ambiental y productiva para la conservaci\u00f3n y uso sustentable del musgo Sphagnum.<\/p>\n<p class=\"v1MsoNormal\" style=\"text-align: justify;\">Se trata del libro Funciones y servicios ecosist\u00e9micos de las turberas de Sphagnum en la Regi\u00f3n de Ays\u00e9n, desarrollado por m\u00e1s de 20 especialistas, coordinados por los editores Erwin Dom\u00ednguez y Mar\u00eda Paz Mart\u00ednez, con una inversi\u00f3n cercana a los $260 millones.<\/p>\n<p class=\"v1MsoNormal\" style=\"text-align: justify;\">El lanzamiento fue encabezado por la Gobernadora Andrea Mac\u00edas Palma, el seremi de Agricultura (s) Mat\u00edas Vial, el director regional de INIA, Hern\u00e1n Elizalde, los consejeros Rocco Martiniello y Juan \u00c1lvarez y el director de CIEP, Giovani Daneri, entre otros invitados.<\/p>\n<p class=\"v1MsoNormal\" style=\"text-align: justify;\">La Gobernadora enfatiz\u00f3 la importancia de avanzar en conocimiento local sobre los alcances que tiene la cosecha y comercializaci\u00f3n de este musgo, que se exporta para el cultivo de orqu\u00eddeas, principalmente, a Taiw\u00e1n.<\/p>\n<p class=\"v1MsoNormal\" style=\"text-align: justify;\">\u00abTodas las investigaciones que se generan con los Fondos de Innovaci\u00f3n para la Competitividad, son de absoluta relevancia para nuestra regi\u00f3n, porque responden a l\u00edneas que nos permiten tomar mejores decisiones para, por ejemplo, avanzar en distintos \u00e1mbitos productivos y tomar las mejores decisiones al respecto. En este caso, es una tem\u00e1tica de relevancia, que requiere urgente tener a disposici\u00f3n informaci\u00f3n en el \u00e1mbito medioambiental para avanzar en un desarrollo sustentable. En ese sentido, como Gobierno Regional, reafirmamos nuestro compromiso con el desarrollo productivo, pero sobre todo, con nuestro medioambiente\u00bb, destac\u00f3 Andrea Mac\u00edas.<\/p>\n<p class=\"v1MsoNormal\" style=\"text-align: justify;\">La encargada del programa, investigadora Mar\u00eda Paz Mart\u00ednez dijo que las Turberas son h\u00e1bitats de alto valor ambiental, puesto que son importantes reservas terrestres de agua dulce, sustentan una biodiversidad \u00fanica y, adem\u00e1s, tienen un papel esencial en el ciclo global del carbono al funcionar como sumideros.<\/p>\n<p class=\"v1MsoNormal\" style=\"text-align: justify;\">\u00abPudimos describir los anfibios, aves, plantas, hongos, entre otros. Es mucho conocimiento que no ten\u00edamos y que es necesario para cuidar un recurso, para poder hacer pol\u00edtica p\u00fablica, modificaci\u00f3n a los instrumentos, con conocimiento que sea realmente regional y no de otras regiones\u00bb, puntualiz\u00f3.<\/p>\n<p class=\"v1MsoNormal\" style=\"text-align: justify;\">El consejero Martiniello reconoci\u00f3 los resultados del programa, coincidiendo en la importancia que tiene para el Gobierno Regional apoyar a las instituciones que materializan investigaci\u00f3n a nivel regional. \u00abAntes ve\u00edamos sacos en el camino y no sab\u00edamos qu\u00e9 era. Hoy d\u00eda estamos conociendo en profundidad la importancia que tiene este producto y este libro nos entrega la investigaci\u00f3n y tambi\u00e9n el uso final para generar ingresos a nuestra Regi\u00f3n de Ays\u00e9n\u00bb, indic\u00f3.<\/p>\n<p class=\"v1MsoNormal\" style=\"text-align: justify;\">Juan \u00c1lvarez indic\u00f3 que \u00abel financiamiento hoy d\u00eda con recursos aportados por el Gobierno Regional a la investigaci\u00f3n, particularmente, en esta l\u00ednea, surten un efecto inmediato, toda vez que son herramientas que ya est\u00e1n publicitadas, publicadas con elementos necesarios y suficientes para la toma de decisiones\u00bb, enfatiz\u00f3.<\/p>\n<p class=\"v1MsoNormal\" style=\"text-align: justify;\">La Estrategia Regional de Desarrollo 2010-2030, consigna que la Regi\u00f3n de Ays\u00e9n es un territorio pleno de potenciales naturales, entre ellos, m\u00e1s de 1.14 millones de hect\u00e1reas de humedales.<\/p>\n<p class=\"v1MsoNormal\" style=\"text-align: justify;\">El Ministerio de Agricultura ha reconocido al musgo Sphagnum como un recurso silvoagropecuario, creando el Decreto Supremo N\u00b025, el cual es el primer decreto que regula la cosecha de este musgo y cuya fiscalizaci\u00f3n est\u00e1 a cargo del SAG.<\/p>\n<p class=\"v1MsoNormal\" style=\"text-align: left;\">Cabe se\u00f1alar que la versi\u00f3n digital del libro y cartograf\u00eda elaborada est\u00e1 disponible en forma gratuita en la Biblioteca INIA\u00a0 (<a href=\"https:\/\/biblioteca.inia.cl\/handle\/123456789\/67739\" target=\"_blank\" rel=\"noopener noreferrer\">https:\/\/biblioteca.inia.cl\/handle\/123456789\/67739)<\/a><\/p>\n<\/div><\/section><\/div><div  style='height:50px' class='hr hr-invisible   avia-builder-el-6  el_after_av_one_full  el_before_av_social_share '><span class='hr-inner ' ><span class='hr-inner-style'><\/span><\/span><\/div><\/p>\n<div  class='av-social-sharing-box  avia-builder-el-7  el_after_av_hr  el_before_av_hr  '><div class='av-share-box'><h5 class='av-share-link-description av-no-toc '>Compartir esta noticia<\/h5><ul class='av-share-box-list noLightbox'><li class='av-share-link av-social-link-facebook' ><a target=\"_blank\" aria-label=\"Compartir en Facebook\" href='https:\/\/www.facebook.com\/sharer.php?u=https:\/\/radiorevelacionfm.cl\/?p=6738&#038;t=INIA%20Tamel%20Aike%20publica%20primera%20l%C3%ADnea%20base%20sobre%20turberas%20de%20Sphagnum%20en%20la%20regi%C3%B3n%20de%20Ays%C3%A9n' aria-hidden='false' data-av_icon='\ue8f3' data-av_iconfont='entypo-fontello' title='' data-avia-related-tooltip='Compartir en Facebook' rel=\"noopener\"><span class='avia_hidden_link_text'>Compartir en Facebook<\/span><\/a><\/li><li class='av-share-link av-social-link-twitter' ><a target=\"_blank\" aria-label=\"Compartir en Twitter\" href='https:\/\/twitter.com\/share?text=INIA%20Tamel%20Aike%20publica%20primera%20l%C3%ADnea%20base%20sobre%20turberas%20de%20Sphagnum%20en%20la%20regi%C3%B3n%20de%20Ays%C3%A9n&#038;url=https:\/\/radiorevelacionfm.cl\/?p=6738' aria-hidden='false' data-av_icon='\ue8f1' data-av_iconfont='entypo-fontello' title='' data-avia-related-tooltip='Compartir en Twitter' rel=\"noopener\"><span class='avia_hidden_link_text'>Compartir en Twitter<\/span><\/a><\/li><li class='av-share-link av-social-link-whatsapp' ><a target=\"_blank\" aria-label=\"Compartir en Whatsapp\" href='https:\/\/api.whatsapp.com\/send?text=https:\/\/radiorevelacionfm.cl\/?p=6738' aria-hidden='false' data-av_icon='\uf232' data-av_iconfont='entypo-fontello' title='' data-avia-related-tooltip='Compartir en Whatsapp' rel=\"noopener\"><span class='avia_hidden_link_text'>Compartir en Whatsapp<\/span><\/a><\/li><li class='av-share-link av-social-link-linkedin' ><a target=\"_blank\" aria-label=\"Compartir en LinkedIn\" href='https:\/\/linkedin.com\/shareArticle?mini=true&#038;title=INIA%20Tamel%20Aike%20publica%20primera%20l%C3%ADnea%20base%20sobre%20turberas%20de%20Sphagnum%20en%20la%20regi%C3%B3n%20de%20Ays%C3%A9n&#038;url=https:\/\/radiorevelacionfm.cl\/?p=6738' aria-hidden='false' data-av_icon='\ue8fc' data-av_iconfont='entypo-fontello' title='' data-avia-related-tooltip='Compartir en LinkedIn' rel=\"noopener\"><span class='avia_hidden_link_text'>Compartir en LinkedIn<\/span><\/a><\/li><li class='av-share-link av-social-link-mail' ><a  aria-label=\"Compartir por correo\" href='mailto:?subject=INIA%20Tamel%20Aike%20publica%20primera%20l%C3%ADnea%20base%20sobre%20turberas%20de%20Sphagnum%20en%20la%20regi%C3%B3n%20de%20Ays%C3%A9n&#038;body=https:\/\/radiorevelacionfm.cl\/?p=6738' aria-hidden='false' data-av_icon='\ue805' data-av_iconfont='entypo-fontello' title='' data-avia-related-tooltip='Compartir por correo'><span class='avia_hidden_link_text'>Compartir por correo<\/span><\/a><\/li><\/ul><\/div><\/div>\n<div  style='height:50px' class='hr hr-invisible   avia-builder-el-8  el_after_av_social_share  el_before_av_comments_list '><span class='hr-inner ' ><span class='hr-inner-style'><\/span><\/span><\/div>\n<div  class='av-buildercomment  av-blog-meta-html-info-disabled av-blog-meta-tag-disabled  '><\/div>\n","protected":false},"excerpt":{"rendered":"","protected":false},"author":1,"featured_media":6739,"comment_status":"open","ping_status":"open","sticky":false,"template":"","format":"standard","meta":{"footnotes":""},"categories":[38],"tags":[],"class_list":["post-6738","post","type-post","status-publish","format-standard","has-post-thumbnail","hentry","category-regional"],"jetpack_featured_media_url":"https:\/\/radiorevelacionfm.cl\/wp-content\/uploads\/2021\/07\/IMG_0243i-1-1.jpg","_links":{"self":[{"href":"https:\/\/radiorevelacionfm.cl\/index.php?rest_route=\/wp\/v2\/posts\/6738","targetHints":{"allow":["GET"]}}],"collection":[{"href":"https:\/\/radiorevelacionfm.cl\/index.php?rest_route=\/wp\/v2\/posts"}],"about":[{"href":"https:\/\/radiorevelacionfm.cl\/index.php?rest_route=\/wp\/v2\/types\/post"}],"author":[{"embeddable":true,"href":"https:\/\/radiorevelacionfm.cl\/index.php?rest_route=\/wp\/v2\/users\/1"}],"replies":[{"embeddable":true,"href":"https:\/\/radiorevelacionfm.cl\/index.php?rest_route=%2Fwp%2Fv2%2Fcomments&post=6738"}],"version-history":[{"count":1,"href":"https:\/\/radiorevelacionfm.cl\/index.php?rest_route=\/wp\/v2\/posts\/6738\/revisions"}],"predecessor-version":[{"id":6740,"href":"https:\/\/radiorevelacionfm.cl\/index.php?rest_route=\/wp\/v2\/posts\/6738\/revisions\/6740"}],"wp:featuredmedia":[{"embeddable":true,"href":"https:\/\/radiorevelacionfm.cl\/index.php?rest_route=\/wp\/v2\/media\/6739"}],"wp:attachment":[{"href":"https:\/\/radiorevelacionfm.cl\/index.php?rest_route=%2Fwp%2Fv2%2Fmedia&parent=6738"}],"wp:term":[{"taxonomy":"category","embeddable":true,"href":"https:\/\/radiorevelacionfm.cl\/index.php?rest_route=%2Fwp%2Fv2%2Fcategories&post=6738"},{"taxonomy":"post_tag","embeddable":true,"href":"https:\/\/radiorevelacionfm.cl\/index.php?rest_route=%2Fwp%2Fv2%2Ftags&post=6738"}],"curies":[{"name":"wp","href":"https:\/\/api.w.org\/{rel}","templated":true}]}}