{"id":6735,"date":"2021-07-28T16:47:10","date_gmt":"2021-07-28T19:47:10","guid":{"rendered":"https:\/\/radiorevelacionfm.cl\/?p=6735"},"modified":"2021-07-28T16:47:10","modified_gmt":"2021-07-28T19:47:10","slug":"ximena-ordenes-y-aprobacion-al-codigo-de-aguas-esta-reforma-nos-acerca-al-minimo-de-dignidad-que-todas-y-todos-merecen","status":"publish","type":"post","link":"https:\/\/radiorevelacionfm.cl\/?p=6735","title":{"rendered":"Ximena \u00d3rdenes y aprobaci\u00f3n al C\u00f3digo de Aguas \u201cEsta reforma nos acerca al m\u00ednimo de dignidad que todas y todos merecen\u201d"},"content":{"rendered":"<div class=\"flex_column av_one_full  flex_column_div av-zero-column-padding first  avia-builder-el-0  el_before_av_one_full  avia-builder-el-first  \" style='border-radius:0px; '><div  class='avia-image-container  av-styling-    avia-builder-el-1  avia-builder-el-no-sibling  avia-align-center '  itemprop=\"image\" itemscope=\"itemscope\" itemtype=\"https:\/\/schema.org\/ImageObject\"  ><div class='avia-image-container-inner'><div class='avia-image-overlay-wrap'><img decoding=\"async\" class='wp-image-6736 avia-img-lazy-loading-not-6736 avia_image' src=\"https:\/\/radiorevelacionfm.cl\/wp-content\/uploads\/2021\/07\/Senadora-Ordenes-2-1.jpg\" alt='' title='Senadora Ordenes (2) (1)' height=\"600\" width=\"926\"  itemprop=\"thumbnailUrl\" srcset=\"https:\/\/radiorevelacionfm.cl\/wp-content\/uploads\/2021\/07\/Senadora-Ordenes-2-1.jpg 926w, https:\/\/radiorevelacionfm.cl\/wp-content\/uploads\/2021\/07\/Senadora-Ordenes-2-1-300x194.jpg 300w, https:\/\/radiorevelacionfm.cl\/wp-content\/uploads\/2021\/07\/Senadora-Ordenes-2-1-768x498.jpg 768w, https:\/\/radiorevelacionfm.cl\/wp-content\/uploads\/2021\/07\/Senadora-Ordenes-2-1-705x457.jpg 705w, https:\/\/radiorevelacionfm.cl\/wp-content\/uploads\/2021\/07\/Senadora-Ordenes-2-1-600x389.jpg 600w\" sizes=\"(max-width: 926px) 100vw, 926px\" \/><\/div><\/div><\/div><\/div><div class=\"flex_column av_one_full  flex_column_div av-zero-column-padding first  avia-builder-el-2  el_after_av_one_full  el_before_av_one_full  column-top-margin\" style='border-radius:0px; '><section class=\"av_textblock_section \"  itemscope=\"itemscope\" itemtype=\"https:\/\/schema.org\/BlogPosting\" itemprop=\"blogPost\" ><div class='avia_textblock  '   itemprop=\"text\" ><p style=\"text-align: center;\"><strong><span style=\"font-size: 18pt;\">Ximena \u00d3rdenes y aprobaci\u00f3n al C\u00f3digo de Aguas \u201cEsta reforma nos acerca al m\u00ednimo de dignidad que todas y todos merecen\u201d<\/span><\/strong><\/p>\n<div id=\"gtx-trans\" style=\"position: absolute; left: -50px; top: 4.31534px;\">\n<div class=\"gtx-trans-icon\"><\/div>\n<\/div>\n<\/div><\/section><\/div><div class=\"flex_column av_one_full  flex_column_div av-zero-column-padding first  avia-builder-el-4  el_after_av_one_full  el_before_av_hr  column-top-margin\" style='border-radius:0px; '><section class=\"av_textblock_section \"  itemscope=\"itemscope\" itemtype=\"https:\/\/schema.org\/BlogPosting\" itemprop=\"blogPost\" ><div class='avia_textblock  '   itemprop=\"text\" ><p style=\"font-weight: 400; text-align: justify;\">La parlamentaria valor\u00f3 la aprobaci\u00f3n en general de la reforma, aunque fue enf\u00e1tica en la necesidad de avanzar \u201cconstitucionalmente\u201d en establecer el derecho al agua como un derecho humano, adem\u00e1s de priorizar \u201cpol\u00edticamente\u201d una agenda en esta materia.<\/p>\n<p style=\"font-weight: 400; text-align: justify;\">Por unanimidad y luego de una larga tramitaci\u00f3n el Senado aprob\u00f3 en general el proyecto de reforma al C\u00f3digo de Aguas, de esta forma el proyecto contin\u00faa su avance en el Congreso Nacional.<\/p>\n<p style=\"font-weight: 400; text-align: justify;\">Durante la discusi\u00f3n, la senadora Ximena \u00d3rdenes Neira record\u00f3 el mecanismo impuesto por la Dictadura para mercantilizar el agua. \u201cEl actual C\u00f3digo de Aguas de 1981 fue construido como una pieza m\u00e1s de la arquitectura neoliberal que se instal\u00f3 en todas las \u00e1reas de la sociedad. El agua fue vista como un producto y se determin\u00f3 que la manera m\u00e1s eficiente de asignarla a los distintos demandantes era generando un mercado del agua\u201d, sostuvo.<\/p>\n<p style=\"font-weight: 400; text-align: justify;\">En este sentido, la parlamentaria recalc\u00f3 la importancia de establecer modificaciones constitucionales respecto a uso de este vital elemento. \u201cSe requieren de esfuerzos transversales y una priorizaci\u00f3n pol\u00edtica de la agenda del agua, un cambio constitucional que articule hacia abajo la concepci\u00f3n del agua como un derecho humano\u201d, subray\u00f3.<\/p>\n<p style=\"font-weight: 400; text-align: justify;\">Finalmente, la senadora Ximena \u00d3rdenes Neira remat\u00f3: \u201cEsta reforma, con todas las mejoras que se le pueden hacer en su discusi\u00f3n en particular, nos acerca a ese m\u00ednimo de dignidad que toda persona se merece. Que nunca m\u00e1s la llave de una casa o de una escuela se quede sin agua\u00bb.<\/p>\n<p style=\"font-weight: 400; text-align: justify;\">Ahora la Reforma al C\u00f3digo de Aguas continuar\u00e1 su tramitaci\u00f3n en particular en el Senado, espec\u00edficamente, en las comisiones de Recursos H\u00eddricos y Hacienda, quienes deber\u00e1n revisar las indicaciones presentadas.<\/p>\n<\/div><\/section><\/div><div  style='height:50px' class='hr hr-invisible   avia-builder-el-6  el_after_av_one_full  el_before_av_social_share '><span class='hr-inner ' ><span class='hr-inner-style'><\/span><\/span><\/div><\/p>\n<div  class='av-social-sharing-box  avia-builder-el-7  el_after_av_hr  el_before_av_hr  '><div class='av-share-box'><h5 class='av-share-link-description av-no-toc '>Compartir esta noticia<\/h5><ul class='av-share-box-list noLightbox'><li class='av-share-link av-social-link-facebook' ><a target=\"_blank\" aria-label=\"Compartir en Facebook\" href='https:\/\/www.facebook.com\/sharer.php?u=https:\/\/radiorevelacionfm.cl\/?p=6735&#038;t=Ximena%20%C3%93rdenes%20y%20aprobaci%C3%B3n%20al%20C%C3%B3digo%20de%20Aguas%20%E2%80%9CEsta%20reforma%20nos%20acerca%20al%20m%C3%ADnimo%20de%20dignidad%20que%20todas%20y%20todos%20merecen%E2%80%9D' aria-hidden='false' data-av_icon='\ue8f3' data-av_iconfont='entypo-fontello' title='' data-avia-related-tooltip='Compartir en Facebook' rel=\"noopener\"><span class='avia_hidden_link_text'>Compartir en Facebook<\/span><\/a><\/li><li class='av-share-link av-social-link-twitter' ><a target=\"_blank\" aria-label=\"Compartir en Twitter\" href='https:\/\/twitter.com\/share?text=Ximena%20%C3%93rdenes%20y%20aprobaci%C3%B3n%20al%20C%C3%B3digo%20de%20Aguas%20%E2%80%9CEsta%20reforma%20nos%20acerca%20al%20m%C3%ADnimo%20de%20dignidad%20que%20todas%20y%20todos%20merecen%E2%80%9D&#038;url=https:\/\/radiorevelacionfm.cl\/?p=6735' aria-hidden='false' data-av_icon='\ue8f1' data-av_iconfont='entypo-fontello' title='' data-avia-related-tooltip='Compartir en Twitter' rel=\"noopener\"><span class='avia_hidden_link_text'>Compartir en Twitter<\/span><\/a><\/li><li class='av-share-link av-social-link-whatsapp' ><a target=\"_blank\" aria-label=\"Compartir en Whatsapp\" href='https:\/\/api.whatsapp.com\/send?text=https:\/\/radiorevelacionfm.cl\/?p=6735' aria-hidden='false' data-av_icon='\uf232' data-av_iconfont='entypo-fontello' title='' data-avia-related-tooltip='Compartir en Whatsapp' rel=\"noopener\"><span class='avia_hidden_link_text'>Compartir en Whatsapp<\/span><\/a><\/li><li class='av-share-link av-social-link-linkedin' ><a target=\"_blank\" aria-label=\"Compartir en LinkedIn\" href='https:\/\/linkedin.com\/shareArticle?mini=true&#038;title=Ximena%20%C3%93rdenes%20y%20aprobaci%C3%B3n%20al%20C%C3%B3digo%20de%20Aguas%20%E2%80%9CEsta%20reforma%20nos%20acerca%20al%20m%C3%ADnimo%20de%20dignidad%20que%20todas%20y%20todos%20merecen%E2%80%9D&#038;url=https:\/\/radiorevelacionfm.cl\/?p=6735' aria-hidden='false' data-av_icon='\ue8fc' data-av_iconfont='entypo-fontello' title='' data-avia-related-tooltip='Compartir en LinkedIn' rel=\"noopener\"><span class='avia_hidden_link_text'>Compartir en LinkedIn<\/span><\/a><\/li><li class='av-share-link av-social-link-mail' ><a  aria-label=\"Compartir por correo\" href='mailto:?subject=Ximena%20%C3%93rdenes%20y%20aprobaci%C3%B3n%20al%20C%C3%B3digo%20de%20Aguas%20%E2%80%9CEsta%20reforma%20nos%20acerca%20al%20m%C3%ADnimo%20de%20dignidad%20que%20todas%20y%20todos%20merecen%E2%80%9D&#038;body=https:\/\/radiorevelacionfm.cl\/?p=6735' aria-hidden='false' data-av_icon='\ue805' data-av_iconfont='entypo-fontello' title='' data-avia-related-tooltip='Compartir por correo'><span class='avia_hidden_link_text'>Compartir por correo<\/span><\/a><\/li><\/ul><\/div><\/div>\n<div  style='height:50px' class='hr hr-invisible   avia-builder-el-8  el_after_av_social_share  el_before_av_comments_list '><span class='hr-inner ' ><span class='hr-inner-style'><\/span><\/span><\/div>\n<div  class='av-buildercomment  av-blog-meta-html-info-disabled av-blog-meta-tag-disabled  '><\/div>\n","protected":false},"excerpt":{"rendered":"","protected":false},"author":1,"featured_media":6736,"comment_status":"open","ping_status":"open","sticky":false,"template":"","format":"standard","meta":{"footnotes":""},"categories":[35],"tags":[],"class_list":["post-6735","post","type-post","status-publish","format-standard","has-post-thumbnail","hentry","category-politica"],"jetpack_featured_media_url":"https:\/\/radiorevelacionfm.cl\/wp-content\/uploads\/2021\/07\/Senadora-Ordenes-2-1.jpg","_links":{"self":[{"href":"https:\/\/radiorevelacionfm.cl\/index.php?rest_route=\/wp\/v2\/posts\/6735","targetHints":{"allow":["GET"]}}],"collection":[{"href":"https:\/\/radiorevelacionfm.cl\/index.php?rest_route=\/wp\/v2\/posts"}],"about":[{"href":"https:\/\/radiorevelacionfm.cl\/index.php?rest_route=\/wp\/v2\/types\/post"}],"author":[{"embeddable":true,"href":"https:\/\/radiorevelacionfm.cl\/index.php?rest_route=\/wp\/v2\/users\/1"}],"replies":[{"embeddable":true,"href":"https:\/\/radiorevelacionfm.cl\/index.php?rest_route=%2Fwp%2Fv2%2Fcomments&post=6735"}],"version-history":[{"count":1,"href":"https:\/\/radiorevelacionfm.cl\/index.php?rest_route=\/wp\/v2\/posts\/6735\/revisions"}],"predecessor-version":[{"id":6737,"href":"https:\/\/radiorevelacionfm.cl\/index.php?rest_route=\/wp\/v2\/posts\/6735\/revisions\/6737"}],"wp:featuredmedia":[{"embeddable":true,"href":"https:\/\/radiorevelacionfm.cl\/index.php?rest_route=\/wp\/v2\/media\/6736"}],"wp:attachment":[{"href":"https:\/\/radiorevelacionfm.cl\/index.php?rest_route=%2Fwp%2Fv2%2Fmedia&parent=6735"}],"wp:term":[{"taxonomy":"category","embeddable":true,"href":"https:\/\/radiorevelacionfm.cl\/index.php?rest_route=%2Fwp%2Fv2%2Fcategories&post=6735"},{"taxonomy":"post_tag","embeddable":true,"href":"https:\/\/radiorevelacionfm.cl\/index.php?rest_route=%2Fwp%2Fv2%2Ftags&post=6735"}],"curies":[{"name":"wp","href":"https:\/\/api.w.org\/{rel}","templated":true}]}}