{"id":6732,"date":"2021-07-28T16:26:20","date_gmt":"2021-07-28T19:26:20","guid":{"rendered":"https:\/\/radiorevelacionfm.cl\/?p=6732"},"modified":"2021-07-28T16:26:20","modified_gmt":"2021-07-28T19:26:20","slug":"asume-su-cargo-nueva-directora-del-hospital-de-cochrane","status":"publish","type":"post","link":"https:\/\/radiorevelacionfm.cl\/?p=6732","title":{"rendered":"Asume su cargo nueva directora del Hospital de Cochrane"},"content":{"rendered":"<div class=\"flex_column av_one_full  flex_column_div av-zero-column-padding first  avia-builder-el-0  el_before_av_one_full  avia-builder-el-first  \" style='border-radius:0px; '><div  class='avia-image-container  av-styling-    avia-builder-el-1  avia-builder-el-no-sibling  avia-align-center '  itemprop=\"image\" itemscope=\"itemscope\" itemtype=\"https:\/\/schema.org\/ImageObject\"  ><div class='avia-image-container-inner'><div class='avia-image-overlay-wrap'><img decoding=\"async\" class='wp-image-6733 avia-img-lazy-loading-not-6733 avia_image' src=\"https:\/\/radiorevelacionfm.cl\/wp-content\/uploads\/2021\/07\/visita_cochrane_5-1-1.jpeg\" alt='' title='visita_cochrane_5 (1) (1)' height=\"600\" width=\"1026\"  itemprop=\"thumbnailUrl\" srcset=\"https:\/\/radiorevelacionfm.cl\/wp-content\/uploads\/2021\/07\/visita_cochrane_5-1-1.jpeg 1026w, https:\/\/radiorevelacionfm.cl\/wp-content\/uploads\/2021\/07\/visita_cochrane_5-1-1-300x175.jpeg 300w, https:\/\/radiorevelacionfm.cl\/wp-content\/uploads\/2021\/07\/visita_cochrane_5-1-1-768x449.jpeg 768w, https:\/\/radiorevelacionfm.cl\/wp-content\/uploads\/2021\/07\/visita_cochrane_5-1-1-705x412.jpeg 705w, https:\/\/radiorevelacionfm.cl\/wp-content\/uploads\/2021\/07\/visita_cochrane_5-1-1-600x351.jpeg 600w\" sizes=\"(max-width: 1026px) 100vw, 1026px\" \/><\/div><\/div><\/div><\/div><div class=\"flex_column av_one_full  flex_column_div av-zero-column-padding first  avia-builder-el-2  el_after_av_one_full  el_before_av_one_full  column-top-margin\" style='border-radius:0px; '><section class=\"av_textblock_section \"  itemscope=\"itemscope\" itemtype=\"https:\/\/schema.org\/BlogPosting\" itemprop=\"blogPost\" ><div class='avia_textblock  '   itemprop=\"text\" ><p style=\"text-align: center;\"><strong><span style=\"font-size: 18pt;\">Asume su cargo nueva directora del Hospital de Cochrane <\/span><\/strong><\/p>\n<div id=\"gtx-trans\" style=\"position: absolute; left: -50px; top: 4.31534px;\">\n<div class=\"gtx-trans-icon\"><\/div>\n<\/div>\n<\/div><\/section><\/div><div class=\"flex_column av_one_full  flex_column_div av-zero-column-padding first  avia-builder-el-4  el_after_av_one_full  el_before_av_hr  column-top-margin\" style='border-radius:0px; '><section class=\"av_textblock_section \"  itemscope=\"itemscope\" itemtype=\"https:\/\/schema.org\/BlogPosting\" itemprop=\"blogPost\" ><div class='avia_textblock  '   itemprop=\"text\" ><p style=\"text-align: justify;\">Matrona de profesi\u00f3n y con una dilatada experiencia en administraci\u00f3n y gesti\u00f3n en salud, la nueva autoridad, fue presentada por el jefe de la Red Asistencial de Ays\u00e9n, ante trabajadores y autoridades.<\/p>\n<p style=\"text-align: justify;\">Contenta de asumir tan relevante desaf\u00edo, como lo es aportar en la gesti\u00f3n de un nuevo Hospital Comunitario, se mostr\u00f3 Miriam Navarrete Novoa, oriunda de la Comuna de Perquenco en la Provincia de Caut\u00edn Novena Regi\u00f3n, quien tras la realizaci\u00f3n de un concurso p\u00fablico que buscaba proveer el cargo, arrib\u00f3 hasta la ciudad del Baker, cumpliendo una nutrida agenda, el pasado lunes 26 de julio.<\/p>\n<p style=\"text-align: justify;\">Miriam Navarrete, recorri\u00f3 las dependencias del antiguo y el nuevo recinto hospitalario y tras compartir con los funcionarios, expres\u00f3 sentidas palabras en las que evidenci\u00f3 su alegr\u00eda de participar en el proceso de habilitaci\u00f3n del nuevo establecimiento.<\/p>\n<p style=\"text-align: justify;\">\u201cEstoy aqu\u00ed porque me encanta mi trabajo, la gesti\u00f3n y hacerlo en un lugar tan hermoso como este, tiene un doble valor para m\u00ed. En este momento en que vengo llegando, puedo hablar solo de deseos; deseo compartir mi experiencia con ustedes, tengo 30 a\u00f1os de servicio p\u00fablico, he trabajado en todos los niveles de atenci\u00f3n, desde una posta de salud rural con piso de tierra y sin luz, hasta un hospital de \u00faltima tecnolog\u00eda, por lo que conozco distintas realidades, y esta va a ser una realidad distinta, no conoc\u00eda un hospital comunitario, por lo tanto, tengo mucho que aprender de ustedes, los que llevan poco y los que llevan harto, y por otra parte, entregar mi experiencia para poder construir en conjunto. Por \u00faltimo, creo mucho en la colaboraci\u00f3n porque es la forma de lograr todas las cosas que se necesitan en salud y as\u00ed no olvidar que estamos aqu\u00ed\u00a0\u00a0 \u00a0para ayudar a las personas que requieren la atenci\u00f3n\u201d.<\/p>\n<p style=\"text-align: justify;\">La jornada del lunes continu\u00f3 con saludos protocolares, al Alcalde de la Comuna Jorge Calder\u00f3n y m\u00e1s tarde al Comit\u00e9 de Emergencia Provincial, siendo siempre presentada por el Director del Servicio de Salud Gabriel Burgos, quien habl\u00f3 sobre el arribo a la zona de la nueva directora.<\/p>\n<p style=\"text-align: justify;\">\u201cEste concurso fue bien importante para el Servicio de Salud, pues marca el inicio de la selecci\u00f3n de los directores en nuestros hospitales comunitarios. Partimos el d\u00eda viernes entreg\u00e1ndole informaci\u00f3n sobre el funcionamiento del SSA, y el lunes y martes con toda la presentaci\u00f3n a los funcionarios, a las autoridades como el Alcalde, estuvimos tambi\u00e9n con los consejeros y la idea es que ella se inserte dentro de la comunidad, dentro del equipo de funcionarios, con este nuevo proyecto que es tan importante para la comunidad como lo es, la implementaci\u00f3n y puesta en marcha del Hospital de Cochrane y nosotros sabemos que con todo el apoyo de los trabajadores m\u00e1s el de la Red de Salud, se podr\u00e1 llevar a cabo en los tiempos comprometidos\u201d, coment\u00f3 Burgos, al tiempo que le dese\u00f3 todo el \u00e9xito del mundo en su gesti\u00f3n.<\/p>\n<p style=\"text-align: justify;\">Cabe se\u00f1alar, que, en el encuentro con trabajadores del Hospital, Miryam Balboa, quien por meses fue Directora Subrogante del establecimiento, hizo entrega simb\u00f3lica de las llaves del hospital a quien, a contar de ahora, es la m\u00e1xima autoridad de salud en la provincia Capit\u00e1n Prat.<\/p>\n<p style=\"text-align: justify;\">Pasado el mediod\u00eda, se reuni\u00f3 con el Alcalde de la comuna de Cochrane, Jorge Calder\u00f3n, desarrollando un di\u00e1logo muy cordial con miras a proyectar un trabajo colaborativo entre ambas instituciones.<\/p>\n<p style=\"text-align: justify;\">Siempre en compa\u00f1\u00eda de Gabriel Burgos, Miriam Navarrete fue presentada ante los integrantes del comit\u00e9 de emergencia de la Provincia Capit\u00e1n Prat, ante quienes entreg\u00f3 sus buenos deseos indicando que espera ejecutar un trabajo con todas y cada una de las instituciones p\u00fablicas, privadas y de la sociedad civil que participan de esta instancia.<\/p>\n<\/div><\/section><\/div><div  style='height:50px' class='hr hr-invisible   avia-builder-el-6  el_after_av_one_full  el_before_av_social_share '><span class='hr-inner ' ><span class='hr-inner-style'><\/span><\/span><\/div><\/p>\n<div  class='av-social-sharing-box  avia-builder-el-7  el_after_av_hr  el_before_av_hr  '><div class='av-share-box'><h5 class='av-share-link-description av-no-toc '>Compartir esta noticia<\/h5><ul class='av-share-box-list noLightbox'><li class='av-share-link av-social-link-facebook' ><a target=\"_blank\" aria-label=\"Compartir en Facebook\" href='https:\/\/www.facebook.com\/sharer.php?u=https:\/\/radiorevelacionfm.cl\/?p=6732&#038;t=Asume%20su%20cargo%20nueva%20directora%20del%20Hospital%20de%20Cochrane' aria-hidden='false' data-av_icon='\ue8f3' data-av_iconfont='entypo-fontello' title='' data-avia-related-tooltip='Compartir en Facebook' rel=\"noopener\"><span class='avia_hidden_link_text'>Compartir en Facebook<\/span><\/a><\/li><li class='av-share-link av-social-link-twitter' ><a target=\"_blank\" aria-label=\"Compartir en Twitter\" href='https:\/\/twitter.com\/share?text=Asume%20su%20cargo%20nueva%20directora%20del%20Hospital%20de%20Cochrane&#038;url=https:\/\/radiorevelacionfm.cl\/?p=6732' aria-hidden='false' data-av_icon='\ue8f1' data-av_iconfont='entypo-fontello' title='' data-avia-related-tooltip='Compartir en Twitter' rel=\"noopener\"><span class='avia_hidden_link_text'>Compartir en Twitter<\/span><\/a><\/li><li class='av-share-link av-social-link-whatsapp' ><a target=\"_blank\" aria-label=\"Compartir en Whatsapp\" href='https:\/\/api.whatsapp.com\/send?text=https:\/\/radiorevelacionfm.cl\/?p=6732' aria-hidden='false' data-av_icon='\uf232' data-av_iconfont='entypo-fontello' title='' data-avia-related-tooltip='Compartir en Whatsapp' rel=\"noopener\"><span class='avia_hidden_link_text'>Compartir en Whatsapp<\/span><\/a><\/li><li class='av-share-link av-social-link-linkedin' ><a target=\"_blank\" aria-label=\"Compartir en LinkedIn\" href='https:\/\/linkedin.com\/shareArticle?mini=true&#038;title=Asume%20su%20cargo%20nueva%20directora%20del%20Hospital%20de%20Cochrane&#038;url=https:\/\/radiorevelacionfm.cl\/?p=6732' aria-hidden='false' data-av_icon='\ue8fc' data-av_iconfont='entypo-fontello' title='' data-avia-related-tooltip='Compartir en LinkedIn' rel=\"noopener\"><span class='avia_hidden_link_text'>Compartir en LinkedIn<\/span><\/a><\/li><li class='av-share-link av-social-link-mail' ><a  aria-label=\"Compartir por correo\" href='mailto:?subject=Asume%20su%20cargo%20nueva%20directora%20del%20Hospital%20de%20Cochrane&#038;body=https:\/\/radiorevelacionfm.cl\/?p=6732' aria-hidden='false' data-av_icon='\ue805' data-av_iconfont='entypo-fontello' title='' data-avia-related-tooltip='Compartir por correo'><span class='avia_hidden_link_text'>Compartir por correo<\/span><\/a><\/li><\/ul><\/div><\/div>\n<div  style='height:50px' class='hr hr-invisible   avia-builder-el-8  el_after_av_social_share  el_before_av_comments_list '><span class='hr-inner ' ><span class='hr-inner-style'><\/span><\/span><\/div>\n<div  class='av-buildercomment  av-blog-meta-html-info-disabled av-blog-meta-tag-disabled  '><\/div>\n","protected":false},"excerpt":{"rendered":"","protected":false},"author":1,"featured_media":6733,"comment_status":"open","ping_status":"open","sticky":false,"template":"","format":"standard","meta":{"footnotes":""},"categories":[46],"tags":[],"class_list":["post-6732","post","type-post","status-publish","format-standard","has-post-thumbnail","hentry","category-salud"],"jetpack_featured_media_url":"https:\/\/radiorevelacionfm.cl\/wp-content\/uploads\/2021\/07\/visita_cochrane_5-1-1.jpeg","_links":{"self":[{"href":"https:\/\/radiorevelacionfm.cl\/index.php?rest_route=\/wp\/v2\/posts\/6732","targetHints":{"allow":["GET"]}}],"collection":[{"href":"https:\/\/radiorevelacionfm.cl\/index.php?rest_route=\/wp\/v2\/posts"}],"about":[{"href":"https:\/\/radiorevelacionfm.cl\/index.php?rest_route=\/wp\/v2\/types\/post"}],"author":[{"embeddable":true,"href":"https:\/\/radiorevelacionfm.cl\/index.php?rest_route=\/wp\/v2\/users\/1"}],"replies":[{"embeddable":true,"href":"https:\/\/radiorevelacionfm.cl\/index.php?rest_route=%2Fwp%2Fv2%2Fcomments&post=6732"}],"version-history":[{"count":1,"href":"https:\/\/radiorevelacionfm.cl\/index.php?rest_route=\/wp\/v2\/posts\/6732\/revisions"}],"predecessor-version":[{"id":6734,"href":"https:\/\/radiorevelacionfm.cl\/index.php?rest_route=\/wp\/v2\/posts\/6732\/revisions\/6734"}],"wp:featuredmedia":[{"embeddable":true,"href":"https:\/\/radiorevelacionfm.cl\/index.php?rest_route=\/wp\/v2\/media\/6733"}],"wp:attachment":[{"href":"https:\/\/radiorevelacionfm.cl\/index.php?rest_route=%2Fwp%2Fv2%2Fmedia&parent=6732"}],"wp:term":[{"taxonomy":"category","embeddable":true,"href":"https:\/\/radiorevelacionfm.cl\/index.php?rest_route=%2Fwp%2Fv2%2Fcategories&post=6732"},{"taxonomy":"post_tag","embeddable":true,"href":"https:\/\/radiorevelacionfm.cl\/index.php?rest_route=%2Fwp%2Fv2%2Ftags&post=6732"}],"curies":[{"name":"wp","href":"https:\/\/api.w.org\/{rel}","templated":true}]}}