{"id":6724,"date":"2021-07-28T13:42:19","date_gmt":"2021-07-28T16:42:19","guid":{"rendered":"https:\/\/radiorevelacionfm.cl\/?p=6724"},"modified":"2021-07-28T13:42:19","modified_gmt":"2021-07-28T16:42:19","slug":"dideco-en-tu-barrio-sigue-consolidando-adhesion-vecinal-tras-exitosa-jornada-en-villa-manihuales","status":"publish","type":"post","link":"https:\/\/radiorevelacionfm.cl\/?p=6724","title":{"rendered":"Dideco en tu Barrio sigue consolidando adhesi\u00f3n vecinal tras exitosa jornada en Villa Ma\u00f1ihuales"},"content":{"rendered":"<div class=\"flex_column av_one_full  flex_column_div av-zero-column-padding first  avia-builder-el-0  el_before_av_one_full  avia-builder-el-first  \" style='border-radius:0px; '><div  class='avia-image-container  av-styling-    avia-builder-el-1  avia-builder-el-no-sibling  avia-align-center '  itemprop=\"image\" itemscope=\"itemscope\" itemtype=\"https:\/\/schema.org\/ImageObject\"  ><div class='avia-image-container-inner'><div class='avia-image-overlay-wrap'><img decoding=\"async\" class='wp-image-6725 avia-img-lazy-loading-not-6725 avia_image' src=\"https:\/\/radiorevelacionfm.cl\/wp-content\/uploads\/2021\/07\/IMG-DETB-VM2-1-1.jpg\" alt='' title='IMG-DETB-VM2 (1) (1)' height=\"600\" width=\"900\"  itemprop=\"thumbnailUrl\" srcset=\"https:\/\/radiorevelacionfm.cl\/wp-content\/uploads\/2021\/07\/IMG-DETB-VM2-1-1.jpg 900w, https:\/\/radiorevelacionfm.cl\/wp-content\/uploads\/2021\/07\/IMG-DETB-VM2-1-1-300x200.jpg 300w, https:\/\/radiorevelacionfm.cl\/wp-content\/uploads\/2021\/07\/IMG-DETB-VM2-1-1-768x512.jpg 768w, https:\/\/radiorevelacionfm.cl\/wp-content\/uploads\/2021\/07\/IMG-DETB-VM2-1-1-705x470.jpg 705w, https:\/\/radiorevelacionfm.cl\/wp-content\/uploads\/2021\/07\/IMG-DETB-VM2-1-1-600x400.jpg 600w\" sizes=\"(max-width: 900px) 100vw, 900px\" \/><\/div><\/div><\/div><\/div><div class=\"flex_column av_one_full  flex_column_div av-zero-column-padding first  avia-builder-el-2  el_after_av_one_full  el_before_av_one_full  column-top-margin\" style='border-radius:0px; '><section class=\"av_textblock_section \"  itemscope=\"itemscope\" itemtype=\"https:\/\/schema.org\/BlogPosting\" itemprop=\"blogPost\" ><div class='avia_textblock  '   itemprop=\"text\" ><p style=\"text-align: center;\"><strong><span style=\"font-size: 18pt;\">Dideco en tu Barrio sigue consolidando adhesi\u00f3n vecinal tras exitosa jornada en Villa Ma\u00f1ihuales<\/span><\/strong><\/p>\n<div id=\"gtx-trans\" style=\"position: absolute; left: -50px; top: 4.31534px;\">\n<div class=\"gtx-trans-icon\"><\/div>\n<\/div>\n<\/div><\/section><\/div><div class=\"flex_column av_one_full  flex_column_div av-zero-column-padding first  avia-builder-el-4  el_after_av_one_full  el_before_av_hr  column-top-margin\" style='border-radius:0px; '><section class=\"av_textblock_section \"  itemscope=\"itemscope\" itemtype=\"https:\/\/schema.org\/BlogPosting\" itemprop=\"blogPost\" ><div class='avia_textblock  '   itemprop=\"text\" ><p style=\"text-align: justify;\">El programa destinado a llevar hasta los lugares m\u00e1s apartados los distintos servicios sociales ofertados por la Ilustre Municipalidad de Ays\u00e9n \u201cDideco en tu Barrio\u201d, sum\u00f3 recientemente un amplio operativo desde el Liceo de Villa Ma\u00f1ihuales. Algo que fue valorado por los habitantes del sector, ante el car\u00e1cter pionero de esta iniciativa impulsada por el actual edil de la comuna porte\u00f1a, Julio Uribe Alvarado. Pr\u00f3ximamente se espera replicar estas jornadas en comunidades aleda\u00f1as a la capital comunal y en Islas Huichas.<\/p>\n<p style=\"text-align: justify;\">Al respecto, el director de Desarrollo Comunitario del municipio aysenino, Mauricio Jaque, destac\u00f3 la recepci\u00f3n otorgada por los vecinos \u201chan tomado esta intervenci\u00f3n como algo sumamente necesario y hemos tratado a nivel comunal de descentralizar el municipio y hemos llegado con Dideco en tu Barrio a Villa Ma\u00f1ihuales, Puerto Chacabuco, Puerto Ays\u00e9n, en los sectores que est\u00e1n fuera de la zona centro. En realidad esto es todo lo que nuestro alcalde Julio Uribe, manifest\u00f3 en tiempo de campa\u00f1a y lo que siempre ha querido, acercar el municipio a la comunidad y hacer el municipio m\u00e1s amigable\u201d.<\/p>\n<p style=\"text-align: justify;\">Junto con ello, el personero municipal relev\u00f3 las casi 200 prestaciones que han efectuado y de las cuales m\u00e1s de 70 corresponden a lo desarrollado en Villa Ma\u00f1ihuales. \u201cLa gente fue muy cari\u00f1osa, se hizo un servicio integral porque ahora nos toca a nosotros, si ellos siempre viajaron a Ays\u00e9n, ahora nosotros vamos para all\u00e1 y en unos 10 d\u00edas m\u00e1s estaremos en Islas Huichas, entonces tambi\u00e9n le recuerdo a todos los isle\u00f1os de Puerto Aguirre, Caleta Andrade y Estero Copa que vamos a estar ah\u00ed, que ahora nos toca a nosotros ir a visitarlos como Dideco\u201d.<\/p>\n<p style=\"text-align: justify;\">Ada Jofr\u00e9, vecina de Villa Ma\u00f1ihuales e integrante de la agrupaci\u00f3n de adultos mayores \u201clevanta mis alas\u201d, agradeci\u00f3 las gestiones del municipio en esta materia \u201cYa que la gente se evita pagar un pasaje, porque el gasto no es tan solamente un pasaje, hay que comer cuando uno viaja y son hartas cosas y m\u00e1s por el tema de la pandemia es una gran ayuda especialmente para las personas adultas. Para que puedan venir ac\u00e1 a hacer sus tr\u00e1mites o consultas, a veces no son grandes cosas pero ayudan bastante, as\u00ed que ojal\u00e1 que se siga repitiendo esto en el tiempo, cada mes o dos meses, una cosa as\u00ed, todas las oficinas que pudieran venir para acercarlas a las localidades, s\u00ed es una gran ayuda se agradece mucho\u201d.<\/p>\n<p style=\"text-align: justify;\">Finalmente, Heraldo Gallardo, adulto mayor y residente de Villa Ma\u00f1ihuales, expres\u00f3 su adhesi\u00f3n a esta iniciativa, principalmente en su caso debido al aporte que puede significar en su econom\u00eda familiar sumarse al proyecto de Farmacia Comunitaria (FarmAys\u00e9n) inscribiendo para estos fines a su hermano, de quien \u00e9l cumple un rol de cuidador.<\/p>\n<\/div><\/section><\/div><div  style='height:50px' class='hr hr-invisible   avia-builder-el-6  el_after_av_one_full  el_before_av_social_share '><span class='hr-inner ' ><span class='hr-inner-style'><\/span><\/span><\/div><\/p>\n<div  class='av-social-sharing-box  avia-builder-el-7  el_after_av_hr  el_before_av_hr  '><div class='av-share-box'><h5 class='av-share-link-description av-no-toc '>Compartir esta noticia<\/h5><ul class='av-share-box-list noLightbox'><li class='av-share-link av-social-link-facebook' ><a target=\"_blank\" aria-label=\"Compartir en Facebook\" href='https:\/\/www.facebook.com\/sharer.php?u=https:\/\/radiorevelacionfm.cl\/?p=6724&#038;t=Dideco%20en%20tu%20Barrio%20sigue%20consolidando%20adhesi%C3%B3n%20vecinal%20tras%20exitosa%20jornada%20en%20Villa%20Ma%C3%B1ihuales' aria-hidden='false' data-av_icon='\ue8f3' data-av_iconfont='entypo-fontello' title='' data-avia-related-tooltip='Compartir en Facebook' rel=\"noopener\"><span class='avia_hidden_link_text'>Compartir en Facebook<\/span><\/a><\/li><li class='av-share-link av-social-link-twitter' ><a target=\"_blank\" aria-label=\"Compartir en Twitter\" href='https:\/\/twitter.com\/share?text=Dideco%20en%20tu%20Barrio%20sigue%20consolidando%20adhesi%C3%B3n%20vecinal%20tras%20exitosa%20jornada%20en%20Villa%20Ma%C3%B1ihuales&#038;url=https:\/\/radiorevelacionfm.cl\/?p=6724' aria-hidden='false' data-av_icon='\ue8f1' data-av_iconfont='entypo-fontello' title='' data-avia-related-tooltip='Compartir en Twitter' rel=\"noopener\"><span class='avia_hidden_link_text'>Compartir en Twitter<\/span><\/a><\/li><li class='av-share-link av-social-link-whatsapp' ><a target=\"_blank\" aria-label=\"Compartir en Whatsapp\" href='https:\/\/api.whatsapp.com\/send?text=https:\/\/radiorevelacionfm.cl\/?p=6724' aria-hidden='false' data-av_icon='\uf232' data-av_iconfont='entypo-fontello' title='' data-avia-related-tooltip='Compartir en Whatsapp' rel=\"noopener\"><span class='avia_hidden_link_text'>Compartir en Whatsapp<\/span><\/a><\/li><li class='av-share-link av-social-link-linkedin' ><a target=\"_blank\" aria-label=\"Compartir en LinkedIn\" href='https:\/\/linkedin.com\/shareArticle?mini=true&#038;title=Dideco%20en%20tu%20Barrio%20sigue%20consolidando%20adhesi%C3%B3n%20vecinal%20tras%20exitosa%20jornada%20en%20Villa%20Ma%C3%B1ihuales&#038;url=https:\/\/radiorevelacionfm.cl\/?p=6724' aria-hidden='false' data-av_icon='\ue8fc' data-av_iconfont='entypo-fontello' title='' data-avia-related-tooltip='Compartir en LinkedIn' rel=\"noopener\"><span class='avia_hidden_link_text'>Compartir en LinkedIn<\/span><\/a><\/li><li class='av-share-link av-social-link-mail' ><a  aria-label=\"Compartir por correo\" href='mailto:?subject=Dideco%20en%20tu%20Barrio%20sigue%20consolidando%20adhesi%C3%B3n%20vecinal%20tras%20exitosa%20jornada%20en%20Villa%20Ma%C3%B1ihuales&#038;body=https:\/\/radiorevelacionfm.cl\/?p=6724' aria-hidden='false' data-av_icon='\ue805' data-av_iconfont='entypo-fontello' title='' data-avia-related-tooltip='Compartir por correo'><span class='avia_hidden_link_text'>Compartir por correo<\/span><\/a><\/li><\/ul><\/div><\/div>\n<div  style='height:50px' class='hr hr-invisible   avia-builder-el-8  el_after_av_social_share  el_before_av_comments_list '><span class='hr-inner ' ><span class='hr-inner-style'><\/span><\/span><\/div>\n<div  class='av-buildercomment  av-blog-meta-html-info-disabled av-blog-meta-tag-disabled  '><\/div>\n","protected":false},"excerpt":{"rendered":"","protected":false},"author":1,"featured_media":6725,"comment_status":"open","ping_status":"open","sticky":false,"template":"","format":"standard","meta":{"footnotes":""},"categories":[38],"tags":[],"class_list":["post-6724","post","type-post","status-publish","format-standard","has-post-thumbnail","hentry","category-regional"],"jetpack_featured_media_url":"https:\/\/radiorevelacionfm.cl\/wp-content\/uploads\/2021\/07\/IMG-DETB-VM2-1-1.jpg","_links":{"self":[{"href":"https:\/\/radiorevelacionfm.cl\/index.php?rest_route=\/wp\/v2\/posts\/6724","targetHints":{"allow":["GET"]}}],"collection":[{"href":"https:\/\/radiorevelacionfm.cl\/index.php?rest_route=\/wp\/v2\/posts"}],"about":[{"href":"https:\/\/radiorevelacionfm.cl\/index.php?rest_route=\/wp\/v2\/types\/post"}],"author":[{"embeddable":true,"href":"https:\/\/radiorevelacionfm.cl\/index.php?rest_route=\/wp\/v2\/users\/1"}],"replies":[{"embeddable":true,"href":"https:\/\/radiorevelacionfm.cl\/index.php?rest_route=%2Fwp%2Fv2%2Fcomments&post=6724"}],"version-history":[{"count":1,"href":"https:\/\/radiorevelacionfm.cl\/index.php?rest_route=\/wp\/v2\/posts\/6724\/revisions"}],"predecessor-version":[{"id":6726,"href":"https:\/\/radiorevelacionfm.cl\/index.php?rest_route=\/wp\/v2\/posts\/6724\/revisions\/6726"}],"wp:featuredmedia":[{"embeddable":true,"href":"https:\/\/radiorevelacionfm.cl\/index.php?rest_route=\/wp\/v2\/media\/6725"}],"wp:attachment":[{"href":"https:\/\/radiorevelacionfm.cl\/index.php?rest_route=%2Fwp%2Fv2%2Fmedia&parent=6724"}],"wp:term":[{"taxonomy":"category","embeddable":true,"href":"https:\/\/radiorevelacionfm.cl\/index.php?rest_route=%2Fwp%2Fv2%2Fcategories&post=6724"},{"taxonomy":"post_tag","embeddable":true,"href":"https:\/\/radiorevelacionfm.cl\/index.php?rest_route=%2Fwp%2Fv2%2Ftags&post=6724"}],"curies":[{"name":"wp","href":"https:\/\/api.w.org\/{rel}","templated":true}]}}