{"id":6721,"date":"2021-07-28T12:03:46","date_gmt":"2021-07-28T15:03:46","guid":{"rendered":"https:\/\/radiorevelacionfm.cl\/?p=6721"},"modified":"2021-07-28T12:03:46","modified_gmt":"2021-07-28T15:03:46","slug":"diputado-calisto-destaca-inicio-de-pago-del-bono-pymes-a-feriantes-y-pide-considerar-a-quienes-quedaron-fuera","status":"publish","type":"post","link":"https:\/\/radiorevelacionfm.cl\/?p=6721","title":{"rendered":"Diputado Calisto destaca inicio de pago del bono Pymes a feriantes y pide considerar a quienes quedaron fuera"},"content":{"rendered":"<div class=\"flex_column av_one_full  flex_column_div av-zero-column-padding first  avia-builder-el-0  el_before_av_one_full  avia-builder-el-first  \" style='border-radius:0px; '><div  class='avia-image-container  av-styling-    avia-builder-el-1  avia-builder-el-no-sibling  avia-align-center '  itemprop=\"image\" itemscope=\"itemscope\" itemtype=\"https:\/\/schema.org\/ImageObject\"  ><div class='avia-image-container-inner'><div class='avia-image-overlay-wrap'><img decoding=\"async\" class='wp-image-6722 avia-img-lazy-loading-not-6722 avia_image' src=\"https:\/\/radiorevelacionfm.cl\/wp-content\/uploads\/2021\/07\/calisto-feria-victor-domingo-silva-archivo1-1_optimized.jpg\" alt='' title='calisto-feria-victor-domingo-silva-archivo1-(1)_optimized' height=\"600\" width=\"1141\"  itemprop=\"thumbnailUrl\" srcset=\"https:\/\/radiorevelacionfm.cl\/wp-content\/uploads\/2021\/07\/calisto-feria-victor-domingo-silva-archivo1-1_optimized.jpg 1141w, https:\/\/radiorevelacionfm.cl\/wp-content\/uploads\/2021\/07\/calisto-feria-victor-domingo-silva-archivo1-1_optimized-300x158.jpg 300w, https:\/\/radiorevelacionfm.cl\/wp-content\/uploads\/2021\/07\/calisto-feria-victor-domingo-silva-archivo1-1_optimized-1030x542.jpg 1030w, https:\/\/radiorevelacionfm.cl\/wp-content\/uploads\/2021\/07\/calisto-feria-victor-domingo-silva-archivo1-1_optimized-768x404.jpg 768w, https:\/\/radiorevelacionfm.cl\/wp-content\/uploads\/2021\/07\/calisto-feria-victor-domingo-silva-archivo1-1_optimized-705x371.jpg 705w, https:\/\/radiorevelacionfm.cl\/wp-content\/uploads\/2021\/07\/calisto-feria-victor-domingo-silva-archivo1-1_optimized-600x316.jpg 600w\" sizes=\"(max-width: 1141px) 100vw, 1141px\" \/><\/div><\/div><\/div><\/div><div class=\"flex_column av_one_full  flex_column_div av-zero-column-padding first  avia-builder-el-2  el_after_av_one_full  el_before_av_one_full  column-top-margin\" style='border-radius:0px; '><section class=\"av_textblock_section \"  itemscope=\"itemscope\" itemtype=\"https:\/\/schema.org\/BlogPosting\" itemprop=\"blogPost\" ><div class='avia_textblock  '   itemprop=\"text\" ><p style=\"text-align: center;\"><span style=\"font-size: 18pt;\"><strong>Diputado Calisto destaca inicio de pago del bono Pymes a feriantes y pide considerar a quienes quedaron fuera<\/strong><\/span><\/p>\n<div id=\"gtx-trans\" style=\"position: absolute; left: -50px; top: 4.31534px;\">\n<div class=\"gtx-trans-icon\"><\/div>\n<\/div>\n<\/div><\/section><\/div><div class=\"flex_column av_one_full  flex_column_div av-zero-column-padding first  avia-builder-el-4  el_after_av_one_full  el_before_av_hr  column-top-margin\" style='border-radius:0px; '><section class=\"av_textblock_section \"  itemscope=\"itemscope\" itemtype=\"https:\/\/schema.org\/BlogPosting\" itemprop=\"blogPost\" ><div class='avia_textblock  '   itemprop=\"text\" ><p style=\"font-weight: 400; text-align: justify;\">Como una gran noticia calific\u00f3 el diputado Miguel \u00c1ngel Calisto el inicio del pago del bono de alivio para Pymes, resaltando la tramitaci\u00f3n que esta iniciativa tuvo en el Congreso y las modificaciones que se hicieron en la C\u00e1mara de Diputados, las que permitieron que este beneficio tambi\u00e9n llegara a los feriantes.<\/p>\n<p style=\"font-weight: 400; text-align: justify;\">Seg\u00fan el legislador, \u201cestuvimos en contacto con las dirigentes de la Feria V\u00edctor Domingo Silva para corroborar que este beneficio se est\u00e9 pagando. Me confirmaron que ya los feriantes que postularon los primeros d\u00edas, est\u00e1n recibiendo sus pagos. Esta es una gran noticia, porque se est\u00e1 concretando esta ayuda que es tan importante para muchas familias\u201d.<\/p>\n<p style=\"font-weight: 400; text-align: justify;\">Calisto agreg\u00f3 que \u201cen estos tiempos de crisis econ\u00f3mica es fundamental que el Gobierno pueda entregar este tipo de ayudas y beneficios. El proyecto cuando ingres\u00f3 a la C\u00e1mara no inclu\u00eda a la gente que trabaja en las ferias libres. Despu\u00e9s el Gobierno quiso desconocer la indicaci\u00f3n aprobada en el Congreso y tuvo que ser la Contralor\u00eda la que confirmara el pago. Por eso es importante que ya se est\u00e9 concretando este beneficio y la plata llegue a las familias\u201d.<\/p>\n<p style=\"font-weight: 400; text-align: justify;\">En relaci\u00f3n a la gente que qued\u00f3 fuera de este bono, Calisto indic\u00f3 que \u201chay mucha gente que no estaba inscrita en la Municipalidad como feriante y no podr\u00e1n cobrar este bono. El Gobierno debe ampliar las fechas para poder tener el certificado municipal y evitar seguir poniendo trabas a los feriantes para que puedan acceder a este bono\u201d.<\/p>\n<p style=\"font-weight: 400; text-align: justify;\">\u201cPor eso, reiteramos al Ministerio de Econom\u00eda para que se flexibilice la medida. Esperamos que esto se cumpla, aunque es algo que no podemos confirmar ni asegurar, pero si solicitamos que se pueda autorizaci\u00f3n a feriantes que no estaban en el decreto municipal anterior. Espero que el Gobierno recapacite y esto se autorice, porque todos los feriantes son emprendedores y lo han pasado muy mal este \u00faltimo tiempo\u201d, asegur\u00f3.<\/p>\n<p style=\"font-weight: 400; text-align: justify;\">Por su parte, Marta Soto, secretaria de la de la agrupaci\u00f3n de feriantes de la V\u00edctor Domingo Silva, se\u00f1al\u00f3 que \u201cnosotros como feriantes le queremos dar las gracias al Diputado, las personas est\u00e1n muy agradecidas por su gesti\u00f3n y todo lo que ha hecho con respecto al bono para los feriantes. Las personas han estado recibiendo sus bonos a medida que han ido postulando, los primeros que postularon ya recibieron el beneficio\u201d.<\/p>\n<\/div><\/section><\/div><div  style='height:50px' class='hr hr-invisible   avia-builder-el-6  el_after_av_one_full  el_before_av_social_share '><span class='hr-inner ' ><span class='hr-inner-style'><\/span><\/span><\/div><\/p>\n<div  class='av-social-sharing-box  avia-builder-el-7  el_after_av_hr  el_before_av_hr  '><div class='av-share-box'><h5 class='av-share-link-description av-no-toc '>Compartir esta noticia<\/h5><ul class='av-share-box-list noLightbox'><li class='av-share-link av-social-link-facebook' ><a target=\"_blank\" aria-label=\"Compartir en Facebook\" href='https:\/\/www.facebook.com\/sharer.php?u=https:\/\/radiorevelacionfm.cl\/?p=6721&#038;t=Diputado%20Calisto%20destaca%20inicio%20de%20pago%20del%20bono%20Pymes%20a%20feriantes%20y%20pide%20considerar%20a%20quienes%20quedaron%20fuera' aria-hidden='false' data-av_icon='\ue8f3' data-av_iconfont='entypo-fontello' title='' data-avia-related-tooltip='Compartir en Facebook' rel=\"noopener\"><span class='avia_hidden_link_text'>Compartir en Facebook<\/span><\/a><\/li><li class='av-share-link av-social-link-twitter' ><a target=\"_blank\" aria-label=\"Compartir en Twitter\" href='https:\/\/twitter.com\/share?text=Diputado%20Calisto%20destaca%20inicio%20de%20pago%20del%20bono%20Pymes%20a%20feriantes%20y%20pide%20considerar%20a%20quienes%20quedaron%20fuera&#038;url=https:\/\/radiorevelacionfm.cl\/?p=6721' aria-hidden='false' data-av_icon='\ue8f1' data-av_iconfont='entypo-fontello' title='' data-avia-related-tooltip='Compartir en Twitter' rel=\"noopener\"><span class='avia_hidden_link_text'>Compartir en Twitter<\/span><\/a><\/li><li class='av-share-link av-social-link-whatsapp' ><a target=\"_blank\" aria-label=\"Compartir en Whatsapp\" href='https:\/\/api.whatsapp.com\/send?text=https:\/\/radiorevelacionfm.cl\/?p=6721' aria-hidden='false' data-av_icon='\uf232' data-av_iconfont='entypo-fontello' title='' data-avia-related-tooltip='Compartir en Whatsapp' rel=\"noopener\"><span class='avia_hidden_link_text'>Compartir en Whatsapp<\/span><\/a><\/li><li class='av-share-link av-social-link-linkedin' ><a target=\"_blank\" aria-label=\"Compartir en LinkedIn\" href='https:\/\/linkedin.com\/shareArticle?mini=true&#038;title=Diputado%20Calisto%20destaca%20inicio%20de%20pago%20del%20bono%20Pymes%20a%20feriantes%20y%20pide%20considerar%20a%20quienes%20quedaron%20fuera&#038;url=https:\/\/radiorevelacionfm.cl\/?p=6721' aria-hidden='false' data-av_icon='\ue8fc' data-av_iconfont='entypo-fontello' title='' data-avia-related-tooltip='Compartir en LinkedIn' rel=\"noopener\"><span class='avia_hidden_link_text'>Compartir en LinkedIn<\/span><\/a><\/li><li class='av-share-link av-social-link-mail' ><a  aria-label=\"Compartir por correo\" href='mailto:?subject=Diputado%20Calisto%20destaca%20inicio%20de%20pago%20del%20bono%20Pymes%20a%20feriantes%20y%20pide%20considerar%20a%20quienes%20quedaron%20fuera&#038;body=https:\/\/radiorevelacionfm.cl\/?p=6721' aria-hidden='false' data-av_icon='\ue805' data-av_iconfont='entypo-fontello' title='' data-avia-related-tooltip='Compartir por correo'><span class='avia_hidden_link_text'>Compartir por correo<\/span><\/a><\/li><\/ul><\/div><\/div>\n<div  style='height:50px' class='hr hr-invisible   avia-builder-el-8  el_after_av_social_share  el_before_av_comments_list '><span class='hr-inner ' ><span class='hr-inner-style'><\/span><\/span><\/div>\n<div  class='av-buildercomment  av-blog-meta-html-info-disabled av-blog-meta-tag-disabled  '><\/div>\n","protected":false},"excerpt":{"rendered":"","protected":false},"author":1,"featured_media":6722,"comment_status":"open","ping_status":"open","sticky":false,"template":"","format":"standard","meta":{"footnotes":""},"categories":[35],"tags":[],"class_list":["post-6721","post","type-post","status-publish","format-standard","has-post-thumbnail","hentry","category-politica"],"jetpack_featured_media_url":"https:\/\/radiorevelacionfm.cl\/wp-content\/uploads\/2021\/07\/calisto-feria-victor-domingo-silva-archivo1-1_optimized.jpg","_links":{"self":[{"href":"https:\/\/radiorevelacionfm.cl\/index.php?rest_route=\/wp\/v2\/posts\/6721","targetHints":{"allow":["GET"]}}],"collection":[{"href":"https:\/\/radiorevelacionfm.cl\/index.php?rest_route=\/wp\/v2\/posts"}],"about":[{"href":"https:\/\/radiorevelacionfm.cl\/index.php?rest_route=\/wp\/v2\/types\/post"}],"author":[{"embeddable":true,"href":"https:\/\/radiorevelacionfm.cl\/index.php?rest_route=\/wp\/v2\/users\/1"}],"replies":[{"embeddable":true,"href":"https:\/\/radiorevelacionfm.cl\/index.php?rest_route=%2Fwp%2Fv2%2Fcomments&post=6721"}],"version-history":[{"count":1,"href":"https:\/\/radiorevelacionfm.cl\/index.php?rest_route=\/wp\/v2\/posts\/6721\/revisions"}],"predecessor-version":[{"id":6723,"href":"https:\/\/radiorevelacionfm.cl\/index.php?rest_route=\/wp\/v2\/posts\/6721\/revisions\/6723"}],"wp:featuredmedia":[{"embeddable":true,"href":"https:\/\/radiorevelacionfm.cl\/index.php?rest_route=\/wp\/v2\/media\/6722"}],"wp:attachment":[{"href":"https:\/\/radiorevelacionfm.cl\/index.php?rest_route=%2Fwp%2Fv2%2Fmedia&parent=6721"}],"wp:term":[{"taxonomy":"category","embeddable":true,"href":"https:\/\/radiorevelacionfm.cl\/index.php?rest_route=%2Fwp%2Fv2%2Fcategories&post=6721"},{"taxonomy":"post_tag","embeddable":true,"href":"https:\/\/radiorevelacionfm.cl\/index.php?rest_route=%2Fwp%2Fv2%2Ftags&post=6721"}],"curies":[{"name":"wp","href":"https:\/\/api.w.org\/{rel}","templated":true}]}}