{"id":6718,"date":"2021-07-28T11:20:13","date_gmt":"2021-07-28T14:20:13","guid":{"rendered":"https:\/\/radiorevelacionfm.cl\/?p=6718"},"modified":"2021-07-28T11:20:13","modified_gmt":"2021-07-28T14:20:13","slug":"en-puerto-raul-marin-balmaceda-se-creara-la-primera-ruta-patrimonial-de-la-zona","status":"publish","type":"post","link":"https:\/\/radiorevelacionfm.cl\/?p=6718","title":{"rendered":"En Puerto Ra\u00fal Mar\u00edn Balmaceda se crear\u00e1 la Primera Ruta Patrimonial de la zona"},"content":{"rendered":"<div class=\"flex_column av_one_full  flex_column_div av-zero-column-padding first  avia-builder-el-0  el_before_av_one_full  avia-builder-el-first  \" style='border-radius:0px; '><div  class='avia-image-container  av-styling-    avia-builder-el-1  avia-builder-el-no-sibling  avia-align-center '  itemprop=\"image\" itemscope=\"itemscope\" itemtype=\"https:\/\/schema.org\/ImageObject\"  ><div class='avia-image-container-inner'><div class='avia-image-overlay-wrap'><img decoding=\"async\" class='wp-image-6719 avia-img-lazy-loading-not-6719 avia_image' src=\"https:\/\/radiorevelacionfm.cl\/wp-content\/uploads\/2021\/07\/propuesta-2-1-1.jpg\" alt='' title='propuesta 2 (1) (1)' height=\"600\" width=\"800\"  itemprop=\"thumbnailUrl\" srcset=\"https:\/\/radiorevelacionfm.cl\/wp-content\/uploads\/2021\/07\/propuesta-2-1-1.jpg 800w, https:\/\/radiorevelacionfm.cl\/wp-content\/uploads\/2021\/07\/propuesta-2-1-1-300x225.jpg 300w, https:\/\/radiorevelacionfm.cl\/wp-content\/uploads\/2021\/07\/propuesta-2-1-1-768x576.jpg 768w, https:\/\/radiorevelacionfm.cl\/wp-content\/uploads\/2021\/07\/propuesta-2-1-1-705x529.jpg 705w, https:\/\/radiorevelacionfm.cl\/wp-content\/uploads\/2021\/07\/propuesta-2-1-1-600x450.jpg 600w\" sizes=\"(max-width: 800px) 100vw, 800px\" \/><\/div><\/div><\/div><\/div><div class=\"flex_column av_one_full  flex_column_div av-zero-column-padding first  avia-builder-el-2  el_after_av_one_full  el_before_av_one_full  column-top-margin\" style='border-radius:0px; '><section class=\"av_textblock_section \"  itemscope=\"itemscope\" itemtype=\"https:\/\/schema.org\/BlogPosting\" itemprop=\"blogPost\" ><div class='avia_textblock  '   itemprop=\"text\" ><p style=\"text-align: center;\"><strong><span style=\"font-size: 18pt;\">En Puerto Ra\u00fal Mar\u00edn Balmaceda se crear\u00e1 la Primera Ruta Patrimonial de la zona<\/span><\/strong><\/p>\n<div id=\"gtx-trans\" style=\"position: absolute; left: -50px; top: 4.31534px;\">\n<div class=\"gtx-trans-icon\"><\/div>\n<\/div>\n<\/div><\/section><\/div><div class=\"flex_column av_one_full  flex_column_div av-zero-column-padding first  avia-builder-el-4  el_after_av_one_full  el_before_av_hr  column-top-margin\" style='border-radius:0px; '><section class=\"av_textblock_section \"  itemscope=\"itemscope\" itemtype=\"https:\/\/schema.org\/BlogPosting\" itemprop=\"blogPost\" ><div class='avia_textblock  '   itemprop=\"text\" ><p style=\"text-align: justify;\">Iniciativa liderada por la gestora cultural e ilustradora Alejandra Gonz\u00e1lez, integrante de la organizaci\u00f3n Mujer Austral y residente de la misma localidad. Gracias a un proyecto financiado por el Fondo de Desarrollo Cultural y las Artes, Convocatoria 2021.<\/p>\n<p style=\"text-align: justify;\">\u201cLa ruta patrimonial como proyecto en general propone diez estaciones iniciales, que buscan poner en valor distintos elementos identitarios, reconocidos por la comunidad y apoyados por la realizaci\u00f3n de talleres participativos. En ese sentido el proyecto como objetivo general busca salvaguardar el patrimonio y la memoria, creando una herramienta de educaci\u00f3n patrimonial atractiva para todas las generaciones\u201d, enfatiz\u00f3 la responsable del proyecto Alejandra Gonz\u00e1lez.<\/p>\n<p style=\"text-align: justify;\">Por su parte la soci\u00f3loga Nathalie Brito, integrante del proyecto y de la organizaci\u00f3n Mujer Austral y residente de la localidad, coment\u00f3, \u201cgracias al apoyo de la comunidad hemos publicado tres libros que abordan parte de la historia de nuestra localidad. Este rescate m\u00e1s bien tard\u00edo, ha identificado una progresiva p\u00e9rdida de la memoria colectiva y en una amenaza para la consolidaci\u00f3n de la identidad local. Sin una identidad fortalecida, el sentido de pertenencia y arraigo al territorio se desvanece\u201d, se\u00f1ala Brito.<\/p>\n<p style=\"text-align: justify;\">\u201cEl comienzo de la Regi\u00f3n de Ays\u00e9n est\u00e1 precisamente en el Puerto Ra\u00fal Mar\u00edn Balmaceda y para nosotros como Seremi de las Culturas Ays\u00e9n ha sido sumamente relevante el trabajo sostenido en el tiempo que ha desarrollado la investigadora Nathalie Brito, levantando informaci\u00f3n valios\u00edsima para comprender los procesos de desarrollo de la antigua localidad aysenina. Las investigaciones de Nathalie son de tal magnitud que no es casualidad que sea protagonista de episodios de nuestras series audiovisuales y radiales que producimos recorriendo todo el territorio. Y ahora, que un Fondart 2021 permita continuar con este desarrollo cultural a trav\u00e9s de una Ruta Patrimonial nos llena de orgullo y alegr\u00eda\u201d, destac\u00f3 la Seremi de las Culturas, las Artes y el Patrimonio de la regi\u00f3n de Ays\u00e9n Ver\u00f3nica D\u00edaz Cayul.<\/p>\n<p style=\"text-align: justify;\">\u201cEl proyecto ha comenzado con la construcci\u00f3n de las primeras dos estaciones. \u201cLa estaci\u00f3n la torre\u201d, que busca la salvaguarda hist\u00f3rica de la estructura m\u00e1s antigua del pueblo, construida en los a\u00f1os 30 como parte de una radio estaci\u00f3n meteorol\u00f3gica de la fuerza a\u00e9rea y \u201cLa estaci\u00f3n origen marinense\u201d, que pone en valor el estuario como puerta de entrada y acceso a los distintos asentamientos que han existido en este territorio. Esperamos que ambas estaciones est\u00e9n operativas a partir de febrero 2022\u201d, se\u00f1ala Alejandra Gonz\u00e1lez.<\/p>\n<\/div><\/section><\/div><div  style='height:50px' class='hr hr-invisible   avia-builder-el-6  el_after_av_one_full  el_before_av_social_share '><span class='hr-inner ' ><span class='hr-inner-style'><\/span><\/span><\/div><\/p>\n<div  class='av-social-sharing-box  avia-builder-el-7  el_after_av_hr  el_before_av_hr  '><div class='av-share-box'><h5 class='av-share-link-description av-no-toc '>Compartir esta noticia<\/h5><ul class='av-share-box-list noLightbox'><li class='av-share-link av-social-link-facebook' ><a target=\"_blank\" aria-label=\"Compartir en Facebook\" href='https:\/\/www.facebook.com\/sharer.php?u=https:\/\/radiorevelacionfm.cl\/?p=6718&#038;t=En%20Puerto%20Ra%C3%BAl%20Mar%C3%ADn%20Balmaceda%20se%20crear%C3%A1%20la%20Primera%20Ruta%20Patrimonial%20de%20la%20zona' aria-hidden='false' data-av_icon='\ue8f3' data-av_iconfont='entypo-fontello' title='' data-avia-related-tooltip='Compartir en Facebook' rel=\"noopener\"><span class='avia_hidden_link_text'>Compartir en Facebook<\/span><\/a><\/li><li class='av-share-link av-social-link-twitter' ><a target=\"_blank\" aria-label=\"Compartir en Twitter\" href='https:\/\/twitter.com\/share?text=En%20Puerto%20Ra%C3%BAl%20Mar%C3%ADn%20Balmaceda%20se%20crear%C3%A1%20la%20Primera%20Ruta%20Patrimonial%20de%20la%20zona&#038;url=https:\/\/radiorevelacionfm.cl\/?p=6718' aria-hidden='false' data-av_icon='\ue8f1' data-av_iconfont='entypo-fontello' title='' data-avia-related-tooltip='Compartir en Twitter' rel=\"noopener\"><span class='avia_hidden_link_text'>Compartir en Twitter<\/span><\/a><\/li><li class='av-share-link av-social-link-whatsapp' ><a target=\"_blank\" aria-label=\"Compartir en Whatsapp\" href='https:\/\/api.whatsapp.com\/send?text=https:\/\/radiorevelacionfm.cl\/?p=6718' aria-hidden='false' data-av_icon='\uf232' data-av_iconfont='entypo-fontello' title='' data-avia-related-tooltip='Compartir en Whatsapp' rel=\"noopener\"><span class='avia_hidden_link_text'>Compartir en Whatsapp<\/span><\/a><\/li><li class='av-share-link av-social-link-linkedin' ><a target=\"_blank\" aria-label=\"Compartir en LinkedIn\" href='https:\/\/linkedin.com\/shareArticle?mini=true&#038;title=En%20Puerto%20Ra%C3%BAl%20Mar%C3%ADn%20Balmaceda%20se%20crear%C3%A1%20la%20Primera%20Ruta%20Patrimonial%20de%20la%20zona&#038;url=https:\/\/radiorevelacionfm.cl\/?p=6718' aria-hidden='false' data-av_icon='\ue8fc' data-av_iconfont='entypo-fontello' title='' data-avia-related-tooltip='Compartir en LinkedIn' rel=\"noopener\"><span class='avia_hidden_link_text'>Compartir en LinkedIn<\/span><\/a><\/li><li class='av-share-link av-social-link-mail' ><a  aria-label=\"Compartir por correo\" href='mailto:?subject=En%20Puerto%20Ra%C3%BAl%20Mar%C3%ADn%20Balmaceda%20se%20crear%C3%A1%20la%20Primera%20Ruta%20Patrimonial%20de%20la%20zona&#038;body=https:\/\/radiorevelacionfm.cl\/?p=6718' aria-hidden='false' data-av_icon='\ue805' data-av_iconfont='entypo-fontello' title='' data-avia-related-tooltip='Compartir por correo'><span class='avia_hidden_link_text'>Compartir por correo<\/span><\/a><\/li><\/ul><\/div><\/div>\n<div  style='height:50px' class='hr hr-invisible   avia-builder-el-8  el_after_av_social_share  el_before_av_comments_list '><span class='hr-inner ' ><span class='hr-inner-style'><\/span><\/span><\/div>\n<div  class='av-buildercomment  av-blog-meta-html-info-disabled av-blog-meta-tag-disabled  '><\/div>\n","protected":false},"excerpt":{"rendered":"","protected":false},"author":1,"featured_media":6719,"comment_status":"open","ping_status":"open","sticky":false,"template":"","format":"standard","meta":{"footnotes":""},"categories":[52],"tags":[],"class_list":["post-6718","post","type-post","status-publish","format-standard","has-post-thumbnail","hentry","category-cultura"],"jetpack_featured_media_url":"https:\/\/radiorevelacionfm.cl\/wp-content\/uploads\/2021\/07\/propuesta-2-1-1.jpg","_links":{"self":[{"href":"https:\/\/radiorevelacionfm.cl\/index.php?rest_route=\/wp\/v2\/posts\/6718","targetHints":{"allow":["GET"]}}],"collection":[{"href":"https:\/\/radiorevelacionfm.cl\/index.php?rest_route=\/wp\/v2\/posts"}],"about":[{"href":"https:\/\/radiorevelacionfm.cl\/index.php?rest_route=\/wp\/v2\/types\/post"}],"author":[{"embeddable":true,"href":"https:\/\/radiorevelacionfm.cl\/index.php?rest_route=\/wp\/v2\/users\/1"}],"replies":[{"embeddable":true,"href":"https:\/\/radiorevelacionfm.cl\/index.php?rest_route=%2Fwp%2Fv2%2Fcomments&post=6718"}],"version-history":[{"count":1,"href":"https:\/\/radiorevelacionfm.cl\/index.php?rest_route=\/wp\/v2\/posts\/6718\/revisions"}],"predecessor-version":[{"id":6720,"href":"https:\/\/radiorevelacionfm.cl\/index.php?rest_route=\/wp\/v2\/posts\/6718\/revisions\/6720"}],"wp:featuredmedia":[{"embeddable":true,"href":"https:\/\/radiorevelacionfm.cl\/index.php?rest_route=\/wp\/v2\/media\/6719"}],"wp:attachment":[{"href":"https:\/\/radiorevelacionfm.cl\/index.php?rest_route=%2Fwp%2Fv2%2Fmedia&parent=6718"}],"wp:term":[{"taxonomy":"category","embeddable":true,"href":"https:\/\/radiorevelacionfm.cl\/index.php?rest_route=%2Fwp%2Fv2%2Fcategories&post=6718"},{"taxonomy":"post_tag","embeddable":true,"href":"https:\/\/radiorevelacionfm.cl\/index.php?rest_route=%2Fwp%2Fv2%2Ftags&post=6718"}],"curies":[{"name":"wp","href":"https:\/\/api.w.org\/{rel}","templated":true}]}}