{"id":6710,"date":"2021-07-28T10:41:39","date_gmt":"2021-07-28T13:41:39","guid":{"rendered":"https:\/\/radiorevelacionfm.cl\/?p=6710"},"modified":"2021-07-28T10:41:39","modified_gmt":"2021-07-28T13:41:39","slug":"ante-disminucion-de-contagios-covid19-autoridades-llaman-a-no-relajar-las-medidas-de-prevencion","status":"publish","type":"post","link":"https:\/\/radiorevelacionfm.cl\/?p=6710","title":{"rendered":"Ante disminuci\u00f3n de contagios Covid19 autoridades llaman a no relajar las medidas de prevenci\u00f3n"},"content":{"rendered":"<div class=\"flex_column av_one_full  flex_column_div av-zero-column-padding first  avia-builder-el-0  el_before_av_one_full  avia-builder-el-first  \" style='border-radius:0px; '><div  class='avia-image-container  av-styling-    avia-builder-el-1  avia-builder-el-no-sibling  avia-align-center '  itemprop=\"image\" itemscope=\"itemscope\" itemtype=\"https:\/\/schema.org\/ImageObject\"  ><div class='avia-image-container-inner'><div class='avia-image-overlay-wrap'><img decoding=\"async\" class='wp-image-6711 avia-img-lazy-loading-not-6711 avia_image' src=\"https:\/\/radiorevelacionfm.cl\/wp-content\/uploads\/2021\/07\/equipo_utta3i_optimized.jpg\" alt='' title='equipo_utta3i_optimized' height=\"607\" width=\"1111\"  itemprop=\"thumbnailUrl\" srcset=\"https:\/\/radiorevelacionfm.cl\/wp-content\/uploads\/2021\/07\/equipo_utta3i_optimized.jpg 1111w, https:\/\/radiorevelacionfm.cl\/wp-content\/uploads\/2021\/07\/equipo_utta3i_optimized-300x164.jpg 300w, https:\/\/radiorevelacionfm.cl\/wp-content\/uploads\/2021\/07\/equipo_utta3i_optimized-1030x563.jpg 1030w, https:\/\/radiorevelacionfm.cl\/wp-content\/uploads\/2021\/07\/equipo_utta3i_optimized-768x420.jpg 768w, https:\/\/radiorevelacionfm.cl\/wp-content\/uploads\/2021\/07\/equipo_utta3i_optimized-705x385.jpg 705w, https:\/\/radiorevelacionfm.cl\/wp-content\/uploads\/2021\/07\/equipo_utta3i_optimized-600x328.jpg 600w\" sizes=\"(max-width: 1111px) 100vw, 1111px\" \/><\/div><\/div><\/div><\/div><div class=\"flex_column av_one_full  flex_column_div av-zero-column-padding first  avia-builder-el-2  el_after_av_one_full  el_before_av_one_full  column-top-margin\" style='border-radius:0px; '><section class=\"av_textblock_section \"  itemscope=\"itemscope\" itemtype=\"https:\/\/schema.org\/BlogPosting\" itemprop=\"blogPost\" ><div class='avia_textblock  '   itemprop=\"text\" ><p style=\"text-align: center;\"><strong><span style=\"font-size: 18pt;\">Ante disminuci\u00f3n de contagios Covid19 autoridades llaman a no relajar las medidas de prevenci\u00f3n <\/span><\/strong><\/p>\n<div id=\"gtx-trans\" style=\"position: absolute; left: -50px; top: 4.31534px;\">\n<div class=\"gtx-trans-icon\"><\/div>\n<\/div>\n<\/div><\/section><\/div><div class=\"flex_column av_one_full  flex_column_div av-zero-column-padding first  avia-builder-el-4  el_after_av_one_full  el_before_av_hr  column-top-margin\" style='border-radius:0px; '><section class=\"av_textblock_section \"  itemscope=\"itemscope\" itemtype=\"https:\/\/schema.org\/BlogPosting\" itemprop=\"blogPost\" ><div class='avia_textblock  '   itemprop=\"text\" ><p style=\"text-align: justify;\">En los \u00faltimos d\u00edas, la regi\u00f3n de Ays\u00e9n ha presentado una significativa reducci\u00f3n de casos positivos de COVID-19, superando la gran ola registrada durante parte de abril, mayo y junio, que ubic\u00f3 a las comunas de Coyhaique, Puerto Ays\u00e9n, Chile Chico y Puerto Cisnes por largas semanas en condici\u00f3n de cuarentena, raz\u00f3n por la cual, destac\u00f3 el domingo 25 de julio, donde no se detectaron personas contagiadas.<\/p>\n<p style=\"text-align: justify;\">A juicio de Fabi\u00e1n M\u00e9ndez, Encargado de la unidad de Testeo Trazabilidad y Aislamiento Regional, \u201cLo anterior es parte del arduo trabajo que realizan los equipos de salud, en conjunto con la comunidad, durante todos estos meses de pandemia, logrando frenar la transmisi\u00f3n de esta enfermedad en los distintos territorios. Pero Para mantener estos buenos resultados, es importante mantenernos alerta y no relajarnos, considerando las nuevas variantes del virus circulante a nivel mundial; continuar acudiendo a los puntos de toma de muestra para b\u00fasqueda activa, es fundamental y as\u00ed detectar tempranamente los casos de COVID-19 y evitar nuevos contagios, tal cual como lo hemos estado haciendo en las \u00faltimas semanas\u201d.<\/p>\n<p style=\"text-align: justify;\">Tambi\u00e9n, ante la presencia de s\u00edntomas importantes como fiebre, p\u00e9rdida del olfato y\/o del gusto, o asociado a otros como dolor de garganta, tos, dolor de cabeza, dolor muscular generalizado, debilidad general o fatiga y diarrea, la consulta temprana a un centro de salud permitir\u00e1 diagnosticar oportunamente y frenar el contagio hacia otras personas.<\/p>\n<p style=\"text-align: justify;\">En este sentido y de acuerdo a lo expresado por Gabriel Burgos, director del Servicio de Salud Ays\u00e9n, la poblaci\u00f3n regional, est\u00e1 invitada a seguir haciendo uso de los dispositivos de vacunaci\u00f3n, as\u00ed como de los servicios de testeo dispuestos.<\/p>\n<p style=\"text-align: justify;\">\u00a0\u201cEstos bajos n\u00fameros de casos coinciden con que en la regi\u00f3n de Ays\u00e9n se alcanz\u00f3 m\u00e1s del 90% de cobertura en vacunaci\u00f3n para la poblaci\u00f3n objetivo y, por lo tanto, la invitaci\u00f3n es a continuar acudiendo a los puntos dispuestos para lograr vacunar a los p\u00fablicos objetivos y as\u00ed estar m\u00e1s protegidos frente a las nuevas variantes del virus, por lo que debemos seguir haci\u00e9ndonos el examen PCR o el test de ant\u00edgeno, para lo cual, los equipos de salud de toda la red, se encuentran capacitados para realizarlos, adem\u00e1s, debemos mantener siempre las medidas preventivas como lavado de manos, uso de mascarilla, distancia f\u00edsica de un metro o m\u00e1s con otras personas y mantener los espacios ventilados\u201d, recalc\u00f3 la autoridad.<\/p>\n<\/div><\/section><\/div><div  style='height:50px' class='hr hr-invisible   avia-builder-el-6  el_after_av_one_full  el_before_av_social_share '><span class='hr-inner ' ><span class='hr-inner-style'><\/span><\/span><\/div><\/p>\n<div  class='av-social-sharing-box  avia-builder-el-7  el_after_av_hr  el_before_av_hr  '><div class='av-share-box'><h5 class='av-share-link-description av-no-toc '>Compartir esta noticia<\/h5><ul class='av-share-box-list noLightbox'><li class='av-share-link av-social-link-facebook' ><a target=\"_blank\" aria-label=\"Compartir en Facebook\" href='https:\/\/www.facebook.com\/sharer.php?u=https:\/\/radiorevelacionfm.cl\/?p=6710&#038;t=Ante%20disminuci%C3%B3n%20de%20contagios%20Covid19%20autoridades%20llaman%20a%20no%20relajar%20las%20medidas%20de%20prevenci%C3%B3n' aria-hidden='false' data-av_icon='\ue8f3' data-av_iconfont='entypo-fontello' title='' data-avia-related-tooltip='Compartir en Facebook' rel=\"noopener\"><span class='avia_hidden_link_text'>Compartir en Facebook<\/span><\/a><\/li><li class='av-share-link av-social-link-twitter' ><a target=\"_blank\" aria-label=\"Compartir en Twitter\" href='https:\/\/twitter.com\/share?text=Ante%20disminuci%C3%B3n%20de%20contagios%20Covid19%20autoridades%20llaman%20a%20no%20relajar%20las%20medidas%20de%20prevenci%C3%B3n&#038;url=https:\/\/radiorevelacionfm.cl\/?p=6710' aria-hidden='false' data-av_icon='\ue8f1' data-av_iconfont='entypo-fontello' title='' data-avia-related-tooltip='Compartir en Twitter' rel=\"noopener\"><span class='avia_hidden_link_text'>Compartir en Twitter<\/span><\/a><\/li><li class='av-share-link av-social-link-whatsapp' ><a target=\"_blank\" aria-label=\"Compartir en Whatsapp\" href='https:\/\/api.whatsapp.com\/send?text=https:\/\/radiorevelacionfm.cl\/?p=6710' aria-hidden='false' data-av_icon='\uf232' data-av_iconfont='entypo-fontello' title='' data-avia-related-tooltip='Compartir en Whatsapp' rel=\"noopener\"><span class='avia_hidden_link_text'>Compartir en Whatsapp<\/span><\/a><\/li><li class='av-share-link av-social-link-linkedin' ><a target=\"_blank\" aria-label=\"Compartir en LinkedIn\" href='https:\/\/linkedin.com\/shareArticle?mini=true&#038;title=Ante%20disminuci%C3%B3n%20de%20contagios%20Covid19%20autoridades%20llaman%20a%20no%20relajar%20las%20medidas%20de%20prevenci%C3%B3n&#038;url=https:\/\/radiorevelacionfm.cl\/?p=6710' aria-hidden='false' data-av_icon='\ue8fc' data-av_iconfont='entypo-fontello' title='' data-avia-related-tooltip='Compartir en LinkedIn' rel=\"noopener\"><span class='avia_hidden_link_text'>Compartir en LinkedIn<\/span><\/a><\/li><li class='av-share-link av-social-link-mail' ><a  aria-label=\"Compartir por correo\" href='mailto:?subject=Ante%20disminuci%C3%B3n%20de%20contagios%20Covid19%20autoridades%20llaman%20a%20no%20relajar%20las%20medidas%20de%20prevenci%C3%B3n&#038;body=https:\/\/radiorevelacionfm.cl\/?p=6710' aria-hidden='false' data-av_icon='\ue805' data-av_iconfont='entypo-fontello' title='' data-avia-related-tooltip='Compartir por correo'><span class='avia_hidden_link_text'>Compartir por correo<\/span><\/a><\/li><\/ul><\/div><\/div>\n<div  style='height:50px' class='hr hr-invisible   avia-builder-el-8  el_after_av_social_share  el_before_av_comments_list '><span class='hr-inner ' ><span class='hr-inner-style'><\/span><\/span><\/div>\n<div  class='av-buildercomment  av-blog-meta-html-info-disabled av-blog-meta-tag-disabled  '><\/div>\n","protected":false},"excerpt":{"rendered":"","protected":false},"author":1,"featured_media":6711,"comment_status":"open","ping_status":"open","sticky":false,"template":"","format":"standard","meta":{"footnotes":""},"categories":[46],"tags":[],"class_list":["post-6710","post","type-post","status-publish","format-standard","has-post-thumbnail","hentry","category-salud"],"jetpack_featured_media_url":"https:\/\/radiorevelacionfm.cl\/wp-content\/uploads\/2021\/07\/equipo_utta3i_optimized.jpg","_links":{"self":[{"href":"https:\/\/radiorevelacionfm.cl\/index.php?rest_route=\/wp\/v2\/posts\/6710","targetHints":{"allow":["GET"]}}],"collection":[{"href":"https:\/\/radiorevelacionfm.cl\/index.php?rest_route=\/wp\/v2\/posts"}],"about":[{"href":"https:\/\/radiorevelacionfm.cl\/index.php?rest_route=\/wp\/v2\/types\/post"}],"author":[{"embeddable":true,"href":"https:\/\/radiorevelacionfm.cl\/index.php?rest_route=\/wp\/v2\/users\/1"}],"replies":[{"embeddable":true,"href":"https:\/\/radiorevelacionfm.cl\/index.php?rest_route=%2Fwp%2Fv2%2Fcomments&post=6710"}],"version-history":[{"count":1,"href":"https:\/\/radiorevelacionfm.cl\/index.php?rest_route=\/wp\/v2\/posts\/6710\/revisions"}],"predecessor-version":[{"id":6712,"href":"https:\/\/radiorevelacionfm.cl\/index.php?rest_route=\/wp\/v2\/posts\/6710\/revisions\/6712"}],"wp:featuredmedia":[{"embeddable":true,"href":"https:\/\/radiorevelacionfm.cl\/index.php?rest_route=\/wp\/v2\/media\/6711"}],"wp:attachment":[{"href":"https:\/\/radiorevelacionfm.cl\/index.php?rest_route=%2Fwp%2Fv2%2Fmedia&parent=6710"}],"wp:term":[{"taxonomy":"category","embeddable":true,"href":"https:\/\/radiorevelacionfm.cl\/index.php?rest_route=%2Fwp%2Fv2%2Fcategories&post=6710"},{"taxonomy":"post_tag","embeddable":true,"href":"https:\/\/radiorevelacionfm.cl\/index.php?rest_route=%2Fwp%2Fv2%2Ftags&post=6710"}],"curies":[{"name":"wp","href":"https:\/\/api.w.org\/{rel}","templated":true}]}}