{"id":6707,"date":"2021-07-28T11:02:54","date_gmt":"2021-07-28T14:02:54","guid":{"rendered":"https:\/\/radiorevelacionfm.cl\/?p=6707"},"modified":"2021-07-28T11:02:54","modified_gmt":"2021-07-28T14:02:54","slug":"entregan-25-becas-para-la-region-de-aysen-orientadas-a-personas-sin-empleo-o-independientes","status":"publish","type":"post","link":"https:\/\/radiorevelacionfm.cl\/?p=6707","title":{"rendered":"Entregan 25 becas para la regi\u00f3n de Ays\u00e9n orientadas a personas sin empleo o independientes"},"content":{"rendered":"<div class=\"flex_column av_one_full  flex_column_div av-zero-column-padding first  avia-builder-el-0  el_before_av_one_full  avia-builder-el-first  \" style='border-radius:0px; '><div  class='avia-image-container  av-styling-    avia-builder-el-1  avia-builder-el-no-sibling  avia-align-center '  itemprop=\"image\" itemscope=\"itemscope\" itemtype=\"https:\/\/schema.org\/ImageObject\"  ><div class='avia-image-container-inner'><div class='avia-image-overlay-wrap'><img decoding=\"async\" class='wp-image-6708 avia-img-lazy-loading-not-6708 avia_image' src=\"https:\/\/radiorevelacionfm.cl\/wp-content\/uploads\/2021\/07\/ReiniciateEnDigital_1-1-1.jpeg\" alt='' title='ReiniciateEnDigital_1 (1) (1)' height=\"600\" width=\"900\"  itemprop=\"thumbnailUrl\" srcset=\"https:\/\/radiorevelacionfm.cl\/wp-content\/uploads\/2021\/07\/ReiniciateEnDigital_1-1-1.jpeg 900w, https:\/\/radiorevelacionfm.cl\/wp-content\/uploads\/2021\/07\/ReiniciateEnDigital_1-1-1-300x200.jpeg 300w, https:\/\/radiorevelacionfm.cl\/wp-content\/uploads\/2021\/07\/ReiniciateEnDigital_1-1-1-768x512.jpeg 768w, https:\/\/radiorevelacionfm.cl\/wp-content\/uploads\/2021\/07\/ReiniciateEnDigital_1-1-1-705x470.jpeg 705w, https:\/\/radiorevelacionfm.cl\/wp-content\/uploads\/2021\/07\/ReiniciateEnDigital_1-1-1-600x400.jpeg 600w\" sizes=\"(max-width: 900px) 100vw, 900px\" \/><\/div><\/div><\/div><\/div>\n<div class=\"flex_column av_one_full  flex_column_div av-zero-column-padding first  avia-builder-el-2  el_after_av_one_full  el_before_av_one_full  column-top-margin\" style='border-radius:0px; '><section class=\"av_textblock_section \"  itemscope=\"itemscope\" itemtype=\"https:\/\/schema.org\/BlogPosting\" itemprop=\"blogPost\" ><div class='avia_textblock  '   itemprop=\"text\" ><p style=\"text-align: center;\"><strong><span style=\"font-size: 18pt;\">Entregan 25 becas para la regi\u00f3n de Ays\u00e9n orientadas a personas sin empleo o independientes<\/span><\/strong><\/p>\n<div id=\"gtx-trans\" style=\"position: absolute; left: -50px; top: 4.31534px;\">\n<div class=\"gtx-trans-icon\"><\/div>\n<\/div>\n<\/div><\/section><\/div><div class=\"flex_column av_one_full  flex_column_div av-zero-column-padding first  avia-builder-el-4  el_after_av_one_full  el_before_av_hr  column-top-margin\" style='border-radius:0px; '><section class=\"av_textblock_section \"  itemscope=\"itemscope\" itemtype=\"https:\/\/schema.org\/BlogPosting\" itemprop=\"blogPost\" ><div class='avia_textblock  '   itemprop=\"text\" ><p style=\"text-align: justify;\">El Servicio Nacional de Capacitaci\u00f3n y Empleo, Sence, y Talento Digital para Chile anunciaron la apertura de 25 becas para la Regi\u00f3n de Ays\u00e9n orientadas a cubrir la demanda de profesionales digitales en el mercado y brindar oportunidades de reconversi\u00f3n laboral a personas que hayan quedado sin empleo o que est\u00e9n trabajando de manera independiente.<\/p>\n<p style=\"text-align: justify;\">Seg\u00fan el estudio de demanda de Habilidades Digitales de Talento Digital para Chile, este 2021 el requerimiento de profesionales TI por parte de las empresas se ha duplicado respecto al a\u00f1o pasado. Destaca la digitalizaci\u00f3n del sector de las Pymes que ya representa el 65% de la contrataci\u00f3n de los perfiles m\u00e1s demandados, como desarrolladores de software, dise\u00f1adores de experiencia de usuario y otros especialistas en infraestructura y plataformas.<\/p>\n<p style=\"text-align: justify;\">La crisis sanitaria ha incrementado la brecha de profesionales TI disponibles en el mercado que ya al 2020 se estimaba en 65 mil personas, haciendo urgente la formaci\u00f3n de capital humano que de soporte a la transformaci\u00f3n digital. A la vez, este escenario abre la posibilidad de que muchas personas se reconviertan hacia \u00e1reas que les permitan mejores perspectivas de empleabilidad.<\/p>\n<p style=\"text-align: justify;\">Con respecto a la convocatoria en la regi\u00f3n, Andrea Ponce, Seremi del Trabajo y Previsi\u00f3n Social, coment\u00f3, \u00abEstamos muy entusiasmadas con la convocatoria \u00abRein\u00edciate en Digital\u00bb que acaban de lanzar Talento Digital para Chile y Sence, ya que tiene especial sentido en un a\u00f1o en que, debido a la pandemia Covid-19, se ha acelerado la producci\u00f3n digital en las empresas y con ello, ha aumentado dr\u00e1sticamente la necesidad de profesionales del \u00e1rea. Los trabajos est\u00e1n cambiando y se necesitan cubrir nuevas necesidades ya que se han detectado importantes brechas y como Gobierno del Presidente Sebasti\u00e1n Pi\u00f1era, a trav\u00e9s de Sence, estamos buscando adaptar los programas y servicios para apoyar a los y las trabajadores en una reconversi\u00f3n laboral. En este curso no se requiere tener conocimientos previos de programaci\u00f3n o una carrera de esa \u00e1rea, por lo que se abre el abanico de posibilidades. Son 25 los cupos existentes en nuestra Regi\u00f3n de Ays\u00e9n, que busca capacitar en temas que se detectaron con mayor necesidad en la regi\u00f3n, agregando que luego de finalizar esta capacitaci\u00f3n, hay un acompa\u00f1amiento de intermediaci\u00f3n laboral para asegurar la inserci\u00f3n en el mundo del trabajo local, con estos nuevos conocimientos\u00bb, afirm\u00f3.<\/p>\n<p class=\"v1MsoNormal\" style=\"text-align: justify;\">Sobre las postulaciones y la modalidad, la Directora Regional de Sence, Katherine Kingma, explic\u00f3, \u00abTalento Digital es un programa \u00fanico, en el que los cursos se crearon y se prepararon en conjunto con las empresas, pensando en los perfiles que ellas est\u00e1n necesitando en las \u00e1reas digitales. En la Regi\u00f3n de Ays\u00e9n est\u00e1n disponibles 25 becas gratuitas para el Desarrollo de Aplicaciones Full Stack JavaScript. Son programas intensivos para reconversi\u00f3n laboral con una duraci\u00f3n de entre 3 y 4 meses en formato online\u00bb.<\/p>\n<p class=\"v1MsoNormal\" style=\"text-align: justify;\">Los postulantes no requieren conocimientos previos en programaci\u00f3n, \u00abSobre los requisitos, los postulantes tienen que ser mayores de 18 a\u00f1os, contar con ense\u00f1anza media completa, estar cesante al momento de la postulaci\u00f3n o ser trabajador independiente que cotiza. Encontrarse dentro del 80% m\u00e1s vulnerable de la poblaci\u00f3n seg\u00fan Registro Social Hogares, rendir dos test de admisi\u00f3n en l\u00ednea, entre otros m\u00e1s espec\u00edficos. Los invitamos a aprovechar esta gran oportunidad, que sin duda se ver\u00e1 reflejado en m\u00e1s y mejores trabajos para quienes accedan a estos cursos. Las postulaciones son hasta el 9 de agosto y totalmente en l\u00ednea, en <a href=\"http:\/\/www.sence.cl\/\" target=\"_blank\" rel=\"noopener noreferrer\">www.sence.cl<\/a>\u00a0o\u00a0<a href=\"http:\/\/www.talentodgitalparachile.cl\/\" target=\"_blank\" rel=\"noopener noreferrer\">www.talentodigitalparachile.cl<\/a>\u00ab, puntualiz\u00f3 Katherine Kingma.<\/p>\n<p class=\"v1MsoNormal\" style=\"text-align: justify;\">Con 44 a\u00f1os, Marcela Arratia se desempe\u00f1aba como esteticista integral y al ver las becas de Talento Digital y Sence decidi\u00f3 inscribirse para aprender Full Stack JavasScrip, y cuenta su experiencia, \u00abMe toc\u00f3 hacer c\u00f3digos por primera vez y logr\u00e9 plasmar en la pantalla el \u00abHola Mundo\u00bb. Jam\u00e1s pens\u00e9 que lo iba a lograr y cuando pas\u00f3 eso, se me abri\u00f3 un abanico de oportunidades. Muchas personas me dijeron que no iba a ser capaz, pero me di cuenta que s\u00ed, con harto trabajo, con harto esfuerzo, harto c\u00f3digo, harto teclado, se logra. Gracias a los bootcamp he logrado eso porque desde el d\u00eda uno partimos haciendo c\u00f3digo. Lo que me gusta de la inform\u00e1tica es que nos entrega bastantes herramientas para poder ayudar al usuario. El haber hecho una aplicaci\u00f3n para mujeres abusadas en la calle fue lo que me apasion\u00f3 y me dije\u00a0<i>esto es<\/i>. Por lo tanto, si una quiere hacerlo, se logra y no importa la edad\u00bb. Marcela hoy trabaja como analista y desarrolladora web en una empresa de soluciones tecnol\u00f3gicas.<\/p>\n<p class=\"v1MsoNormal\" style=\"text-align: justify;\"><b><u>Aumento de empleabilidad<\/u><\/b><\/p>\n<p class=\"v1MsoNormal\" style=\"text-align: justify;\">Los programas son en modalidad bootcamp, donde los estudiantes \u00abaprenden haciendo\u00bb desde la primera clase y est\u00e1n enfocados tanto en la incorporaci\u00f3n de conocimientos t\u00e9cnicos, como el desarrollo de las habilidades del siglo XXI. Adem\u00e1s, cuenta con un subsidio de 3 mil pesos diarios para asegurar una adecuada conexi\u00f3n a internet.<\/p>\n<p style=\"text-align: justify;\">\u00abNuestra iniciativa apunta a dar respuesta a la aceleraci\u00f3n digital, conectando oferta con demanda y entregando formaci\u00f3n en las \u00e1reas m\u00e1s demandadas por el mercado. Lo hacemos siendo una alternativa a la educaci\u00f3n digital tradicional, con programas de entrenamiento cortos e intensivos y donde los estudiantes desarrollan las habilidades necesarias para insertarse laboralmente de manera exitosa\u00bb, explica Jeannette Escudero, Directora Ejecutiva de Talento Digital para Chile.<\/p>\n<p class=\"v1MsoNormal\" style=\"text-align: justify;\">El programa ya cuenta con m\u00e1s de 1500 egresados y 3000 cursando estudios. El 75% de ellos est\u00e1 dentro del 60% m\u00e1s vulnerable de la poblaci\u00f3n. Por otra parte, el 41% de los estudiantes son mujeres, en un contexto donde la participaci\u00f3n en carreras TI en la educaci\u00f3n tradicional alcanza el 15%.<\/p>\n<p class=\"v1MsoNormal\" style=\"text-align: justify;\">Para quienes aprueban el programa de estudios bajo modalidad Bootcamp, la proyecci\u00f3n de empleabilidad es de un 50% luego de 6 meses de egreso, con apoyo de las instituciones que realizan la formaci\u00f3n y a trav\u00e9s del Semillero de Talentos que los conecta con las m\u00e1s de 200 empresas que conforman la red de empresas y organizaciones que apoyan la iniciativa. Adicionalmente, un porcentaje alto de egresados elige emprender o continuar sus estudios en el \u00e1rea digital.<\/p>\n<p style=\"text-align: justify;\"><b><u>Sobre Talento Digital para Chile<\/u><\/b><\/p>\n<p class=\"v1MsoNormal\" style=\"text-align: justify;\">Es una iniciativa pa\u00eds que integra a las empresas, instituciones de formaci\u00f3n y gobierno, para desarrollar nuevas capacidades en las personas, en sinton\u00eda con la transformaci\u00f3n digital, generando m\u00e1s oportunidades para acceder a empleos de calidad, comprometidos a ser un aporte al futuro del trabajo en Chile.<\/p>\n<p class=\"v1MsoNormal\" style=\"text-align: justify;\">El proyecto es ejecutado por Fundaci\u00f3n Chile y Fundaci\u00f3n Kodea, y est\u00e1 conformado por el Ministerio de Hacienda; el Ministerio del Trabajo y Previsi\u00f3n Social; Ministerio de Ciencia, Tecnolog\u00eda, Conocimiento e Innovaci\u00f3n; el Servicio Nacional de Capacitaci\u00f3n y Empleo, SENCE; la Corporaci\u00f3n de Fomento de la Producci\u00f3n, CORFO; InvestChile; el Banco Interamericano de Desarrollo, BID; la Confederaci\u00f3n de la Producci\u00f3n y el Comercio, CPC; la Sociedad de Fomento Fabril, SOFOFA; la Asociaci\u00f3n de Empresas de Tecnolog\u00edas de Informaci\u00f3n, ACTI, y OTIC SOFOFA.<\/p>\n<p class=\"v1MsoNormal\" style=\"text-align: justify;\">Inspirada en el exitoso modelo internacional New York Tech Talent Pipeline, Talento Digital suma esfuerzos y capacidades para articular e implementar los mecanismos necesarios para identificar la demanda de talento, gestionar los procesos de capacitaci\u00f3n laboral, evaluar los resultados de los entrenamientos y generar oportunidades de empleo.<\/p>\n<p class=\"v1MsoNormal\" style=\"text-align: justify;\">Su meta es capacitar a 16 mil personas en 4 a\u00f1os (2019-2022) en las \u00e1reas digitales m\u00e1s demandadas por el mercado y fomentar su empleabilidad, articulando para ello los instrumentos de Corfo y Sence.<\/p>\n<p class=\"v1MsoNormal\" style=\"text-align: justify;\">Desde el 2019, el programa Talento Digital ya ha entregado m\u00e1s de 4500 becas orientadas a la reconversi\u00f3n laboral hacia las \u00e1reas TI m\u00e1s demandadas por el mercado y a la vez, cursos de emprendimiento digital orientadas a fomentar el desarrollo de negocios digitales y el autoempleo.<\/p>\n<p class=\"v1MsoNormal\" style=\"text-align: justify;\">Para el a\u00f1o 2021 Talento Digital para Chile entregar\u00e1 cerca de 4000 nuevas becas repartidas en diversas convocatorias a nivel nacional en \u00e1reas de entrada al mundo digital (programaci\u00f3n + dise\u00f1o UX\/UI), l\u00ednea especialidades (Arquitecto Cloud, Ciencia de Datos, An\u00e1lisis de Datos, Devops, Automatizaci\u00f3n de Pruebas, Marketing Digital y E-Commerce), como tambi\u00e9n becas para preparar emprendedores digitales.<\/p>\n<\/div><\/section><\/div><\/p>\n<div  style='height:50px' class='hr hr-invisible   avia-builder-el-6  el_after_av_one_full  el_before_av_social_share '><span class='hr-inner ' ><span class='hr-inner-style'><\/span><\/span><\/div>\n<div  class='av-social-sharing-box  avia-builder-el-7  el_after_av_hr  el_before_av_hr  '><div class='av-share-box'><h5 class='av-share-link-description av-no-toc '>Compartir esta noticia<\/h5><ul class='av-share-box-list noLightbox'><li class='av-share-link av-social-link-facebook' ><a target=\"_blank\" aria-label=\"Compartir en Facebook\" href='https:\/\/www.facebook.com\/sharer.php?u=https:\/\/radiorevelacionfm.cl\/?p=6707&#038;t=Entregan%2025%20becas%20para%20la%20regi%C3%B3n%20de%20Ays%C3%A9n%20orientadas%20a%20personas%20sin%20empleo%20o%20independientes' aria-hidden='false' data-av_icon='\ue8f3' data-av_iconfont='entypo-fontello' title='' data-avia-related-tooltip='Compartir en Facebook' rel=\"noopener\"><span class='avia_hidden_link_text'>Compartir en Facebook<\/span><\/a><\/li><li class='av-share-link av-social-link-twitter' ><a target=\"_blank\" aria-label=\"Compartir en Twitter\" href='https:\/\/twitter.com\/share?text=Entregan%2025%20becas%20para%20la%20regi%C3%B3n%20de%20Ays%C3%A9n%20orientadas%20a%20personas%20sin%20empleo%20o%20independientes&#038;url=https:\/\/radiorevelacionfm.cl\/?p=6707' aria-hidden='false' data-av_icon='\ue8f1' data-av_iconfont='entypo-fontello' title='' data-avia-related-tooltip='Compartir en Twitter' rel=\"noopener\"><span class='avia_hidden_link_text'>Compartir en Twitter<\/span><\/a><\/li><li class='av-share-link av-social-link-whatsapp' ><a target=\"_blank\" aria-label=\"Compartir en Whatsapp\" href='https:\/\/api.whatsapp.com\/send?text=https:\/\/radiorevelacionfm.cl\/?p=6707' aria-hidden='false' data-av_icon='\uf232' data-av_iconfont='entypo-fontello' title='' data-avia-related-tooltip='Compartir en Whatsapp' rel=\"noopener\"><span class='avia_hidden_link_text'>Compartir en Whatsapp<\/span><\/a><\/li><li class='av-share-link av-social-link-linkedin' ><a target=\"_blank\" aria-label=\"Compartir en LinkedIn\" href='https:\/\/linkedin.com\/shareArticle?mini=true&#038;title=Entregan%2025%20becas%20para%20la%20regi%C3%B3n%20de%20Ays%C3%A9n%20orientadas%20a%20personas%20sin%20empleo%20o%20independientes&#038;url=https:\/\/radiorevelacionfm.cl\/?p=6707' aria-hidden='false' data-av_icon='\ue8fc' data-av_iconfont='entypo-fontello' title='' data-avia-related-tooltip='Compartir en LinkedIn' rel=\"noopener\"><span class='avia_hidden_link_text'>Compartir en LinkedIn<\/span><\/a><\/li><li class='av-share-link av-social-link-mail' ><a  aria-label=\"Compartir por correo\" href='mailto:?subject=Entregan%2025%20becas%20para%20la%20regi%C3%B3n%20de%20Ays%C3%A9n%20orientadas%20a%20personas%20sin%20empleo%20o%20independientes&#038;body=https:\/\/radiorevelacionfm.cl\/?p=6707' aria-hidden='false' data-av_icon='\ue805' data-av_iconfont='entypo-fontello' title='' data-avia-related-tooltip='Compartir por correo'><span class='avia_hidden_link_text'>Compartir por correo<\/span><\/a><\/li><\/ul><\/div><\/div>\n<div  style='height:50px' class='hr hr-invisible   avia-builder-el-8  el_after_av_social_share  el_before_av_comments_list '><span class='hr-inner ' ><span class='hr-inner-style'><\/span><\/span><\/div>\n<div  class='av-buildercomment  av-blog-meta-html-info-disabled av-blog-meta-tag-disabled  '><\/div>\n","protected":false},"excerpt":{"rendered":"","protected":false},"author":1,"featured_media":6708,"comment_status":"open","ping_status":"open","sticky":false,"template":"","format":"standard","meta":{"footnotes":""},"categories":[56],"tags":[],"class_list":["post-6707","post","type-post","status-publish","format-standard","has-post-thumbnail","hentry","category-trabajo"],"jetpack_featured_media_url":"https:\/\/radiorevelacionfm.cl\/wp-content\/uploads\/2021\/07\/ReiniciateEnDigital_1-1-1.jpeg","_links":{"self":[{"href":"https:\/\/radiorevelacionfm.cl\/index.php?rest_route=\/wp\/v2\/posts\/6707","targetHints":{"allow":["GET"]}}],"collection":[{"href":"https:\/\/radiorevelacionfm.cl\/index.php?rest_route=\/wp\/v2\/posts"}],"about":[{"href":"https:\/\/radiorevelacionfm.cl\/index.php?rest_route=\/wp\/v2\/types\/post"}],"author":[{"embeddable":true,"href":"https:\/\/radiorevelacionfm.cl\/index.php?rest_route=\/wp\/v2\/users\/1"}],"replies":[{"embeddable":true,"href":"https:\/\/radiorevelacionfm.cl\/index.php?rest_route=%2Fwp%2Fv2%2Fcomments&post=6707"}],"version-history":[{"count":2,"href":"https:\/\/radiorevelacionfm.cl\/index.php?rest_route=\/wp\/v2\/posts\/6707\/revisions"}],"predecessor-version":[{"id":6717,"href":"https:\/\/radiorevelacionfm.cl\/index.php?rest_route=\/wp\/v2\/posts\/6707\/revisions\/6717"}],"wp:featuredmedia":[{"embeddable":true,"href":"https:\/\/radiorevelacionfm.cl\/index.php?rest_route=\/wp\/v2\/media\/6708"}],"wp:attachment":[{"href":"https:\/\/radiorevelacionfm.cl\/index.php?rest_route=%2Fwp%2Fv2%2Fmedia&parent=6707"}],"wp:term":[{"taxonomy":"category","embeddable":true,"href":"https:\/\/radiorevelacionfm.cl\/index.php?rest_route=%2Fwp%2Fv2%2Fcategories&post=6707"},{"taxonomy":"post_tag","embeddable":true,"href":"https:\/\/radiorevelacionfm.cl\/index.php?rest_route=%2Fwp%2Fv2%2Ftags&post=6707"}],"curies":[{"name":"wp","href":"https:\/\/api.w.org\/{rel}","templated":true}]}}