{"id":6704,"date":"2021-07-27T19:07:06","date_gmt":"2021-07-27T22:07:06","guid":{"rendered":"https:\/\/radiorevelacionfm.cl\/?p=6704"},"modified":"2021-07-27T19:07:06","modified_gmt":"2021-07-27T22:07:06","slug":"habilitan-modulo-de-vacunacion-contra-el-covid-19-en-aeropuerto-de-balmaceda","status":"publish","type":"post","link":"https:\/\/radiorevelacionfm.cl\/?p=6704","title":{"rendered":"Habilitan m\u00f3dulo de vacunaci\u00f3n contra el COVID-19 en aeropuerto de Balmaceda"},"content":{"rendered":"<div class=\"flex_column av_one_full  flex_column_div av-zero-column-padding first  avia-builder-el-0  el_before_av_one_full  avia-builder-el-first  \" style='border-radius:0px; '><div  class='avia-image-container  av-styling-    avia-builder-el-1  avia-builder-el-no-sibling  avia-align-center '  itemprop=\"image\" itemscope=\"itemscope\" itemtype=\"https:\/\/schema.org\/ImageObject\"  ><div class='avia-image-container-inner'><div class='avia-image-overlay-wrap'><img decoding=\"async\" class='wp-image-6705 avia-img-lazy-loading-not-6705 avia_image' src=\"https:\/\/radiorevelacionfm.cl\/wp-content\/uploads\/2021\/07\/vacunacion-balmaceda-1.1-1.jpg\" alt='' title='vacunaci\u00f3n balmaceda 1.1 (1)' height=\"627\" width=\"960\"  itemprop=\"thumbnailUrl\" srcset=\"https:\/\/radiorevelacionfm.cl\/wp-content\/uploads\/2021\/07\/vacunacion-balmaceda-1.1-1.jpg 960w, https:\/\/radiorevelacionfm.cl\/wp-content\/uploads\/2021\/07\/vacunacion-balmaceda-1.1-1-300x196.jpg 300w, https:\/\/radiorevelacionfm.cl\/wp-content\/uploads\/2021\/07\/vacunacion-balmaceda-1.1-1-768x502.jpg 768w, https:\/\/radiorevelacionfm.cl\/wp-content\/uploads\/2021\/07\/vacunacion-balmaceda-1.1-1-705x460.jpg 705w, https:\/\/radiorevelacionfm.cl\/wp-content\/uploads\/2021\/07\/vacunacion-balmaceda-1.1-1-600x392.jpg 600w\" sizes=\"(max-width: 960px) 100vw, 960px\" \/><\/div><\/div><\/div><\/div><div class=\"flex_column av_one_full  flex_column_div av-zero-column-padding first  avia-builder-el-2  el_after_av_one_full  el_before_av_one_full  column-top-margin\" style='border-radius:0px; '><section class=\"av_textblock_section \"  itemscope=\"itemscope\" itemtype=\"https:\/\/schema.org\/BlogPosting\" itemprop=\"blogPost\" ><div class='avia_textblock  '   itemprop=\"text\" ><p style=\"text-align: center;\"><strong><span style=\"font-size: 18pt;\">Habilitan m\u00f3dulo de vacunaci\u00f3n contra el COVID-19 en aeropuerto de Balmaceda <\/span><\/strong><\/p>\n<div id=\"gtx-trans\" style=\"position: absolute; left: -50px; top: 4.31534px;\">\n<div class=\"gtx-trans-icon\"><\/div>\n<\/div>\n<\/div><\/section><\/div><div class=\"flex_column av_one_full  flex_column_div av-zero-column-padding first  avia-builder-el-4  el_after_av_one_full  el_before_av_hr  column-top-margin\" style='border-radius:0px; '><section class=\"av_textblock_section \"  itemscope=\"itemscope\" itemtype=\"https:\/\/schema.org\/BlogPosting\" itemprop=\"blogPost\" ><div class='avia_textblock  '   itemprop=\"text\" ><p style=\"text-align: justify;\">Con el prop\u00f3sito de ampliar las coberturas de vacunaci\u00f3n, las cuales alcanzan actualmente a un 92.44 % con esquema de vacunaci\u00f3n completa, a contar de este d\u00eda martes comenz\u00f3 a operar al interior del aeropuerto de Balmaceda un m\u00f3dulo especial de vacunaci\u00f3n que permitir\u00e1 a quienes a\u00fan no se han vacunado o le resta la segunda dosis de este medicamento, poder completar su esquema mientras espera la salida de su vuelo.<\/p>\n<p style=\"text-align: justify;\">As\u00ed lo dio a conocer la Seremi de Salud, Alejandra Valdebenito Torres, quien indic\u00f3 que esta modalidad de vacunaci\u00f3n estar\u00e1 disponible solo durante los d\u00edas martes. \u201cDesde el inicio de esta pandemia, siempre hemos buscado la forma de acercar lo m\u00e1s oportunamente la salud a nuestra comunidad. Es por eso que cuando ya hemos alcanzado m\u00e1s del 90% de la poblaci\u00f3n objetivo local con las vacunas contra el COVID-19, desde la Seremi de Salud hemos implementado ahora un m\u00f3dulo de vacunaci\u00f3n en la sala de embarque del aeropuerto de Balmaceda con el objeto de poder ampliar este proceso de vacunaci\u00f3n, permitiendo que los pasajeros que van a salir de la regi\u00f3n y que no cuentan con ninguna vacuna o a\u00fan no han completado su proceso de vacunaci\u00f3n, puedan acceder a esta prestaci\u00f3n mientras esperan la salida de su avi\u00f3n, optimizando as\u00ed los tiempos de su viaje y la seguridad de todo su grupo familiar\u201d.<\/p>\n<p style=\"text-align: justify;\">En este contexto, Luis Parra, una de las personas que complet\u00f3 su esquema de vacunaci\u00f3n a trav\u00e9s de esta modalidad, valor\u00f3 la puesta en marcha de esta iniciativa. \u201cEsto es bueno porque as\u00ed es m\u00e1s r\u00e1pido el procedimiento que se hace, en comparaci\u00f3n a otros lados, porque uno aqu\u00ed se evita al menos la fila. Ojal\u00e1 se mantuviera esto m\u00e1s seguido\u201d.<\/p>\n<p style=\"text-align: justify;\">Esta nueva estrategia sanitaria logr\u00f3 ser concretada gracias al trabajo colaborativo entre la Secretar\u00eda Regional Ministerial de Salud y la Direcci\u00f3n General de Aerona\u00fatica Civil (DGAC), facilitando as\u00ed que medidas sanitarias tan relevantes como la vacunaci\u00f3n contra el COVID-19 puedan estar a\u00fan m\u00e1s cerca de la poblaci\u00f3n regional.<\/p>\n<\/div><\/section><\/div><div  style='height:50px' class='hr hr-invisible   avia-builder-el-6  el_after_av_one_full  el_before_av_social_share '><span class='hr-inner ' ><span class='hr-inner-style'><\/span><\/span><\/div><\/p>\n<div  class='av-social-sharing-box  avia-builder-el-7  el_after_av_hr  el_before_av_hr  '><div class='av-share-box'><h5 class='av-share-link-description av-no-toc '>Compartir esta noticia<\/h5><ul class='av-share-box-list noLightbox'><li class='av-share-link av-social-link-facebook' ><a target=\"_blank\" aria-label=\"Compartir en Facebook\" href='https:\/\/www.facebook.com\/sharer.php?u=https:\/\/radiorevelacionfm.cl\/?p=6704&#038;t=Habilitan%20m%C3%B3dulo%20de%20vacunaci%C3%B3n%20contra%20el%20COVID-19%20en%20aeropuerto%20de%20Balmaceda' aria-hidden='false' data-av_icon='\ue8f3' data-av_iconfont='entypo-fontello' title='' data-avia-related-tooltip='Compartir en Facebook' rel=\"noopener\"><span class='avia_hidden_link_text'>Compartir en Facebook<\/span><\/a><\/li><li class='av-share-link av-social-link-twitter' ><a target=\"_blank\" aria-label=\"Compartir en Twitter\" href='https:\/\/twitter.com\/share?text=Habilitan%20m%C3%B3dulo%20de%20vacunaci%C3%B3n%20contra%20el%20COVID-19%20en%20aeropuerto%20de%20Balmaceda&#038;url=https:\/\/radiorevelacionfm.cl\/?p=6704' aria-hidden='false' data-av_icon='\ue8f1' data-av_iconfont='entypo-fontello' title='' data-avia-related-tooltip='Compartir en Twitter' rel=\"noopener\"><span class='avia_hidden_link_text'>Compartir en Twitter<\/span><\/a><\/li><li class='av-share-link av-social-link-whatsapp' ><a target=\"_blank\" aria-label=\"Compartir en Whatsapp\" href='https:\/\/api.whatsapp.com\/send?text=https:\/\/radiorevelacionfm.cl\/?p=6704' aria-hidden='false' data-av_icon='\uf232' data-av_iconfont='entypo-fontello' title='' data-avia-related-tooltip='Compartir en Whatsapp' rel=\"noopener\"><span class='avia_hidden_link_text'>Compartir en Whatsapp<\/span><\/a><\/li><li class='av-share-link av-social-link-linkedin' ><a target=\"_blank\" aria-label=\"Compartir en LinkedIn\" href='https:\/\/linkedin.com\/shareArticle?mini=true&#038;title=Habilitan%20m%C3%B3dulo%20de%20vacunaci%C3%B3n%20contra%20el%20COVID-19%20en%20aeropuerto%20de%20Balmaceda&#038;url=https:\/\/radiorevelacionfm.cl\/?p=6704' aria-hidden='false' data-av_icon='\ue8fc' data-av_iconfont='entypo-fontello' title='' data-avia-related-tooltip='Compartir en LinkedIn' rel=\"noopener\"><span class='avia_hidden_link_text'>Compartir en LinkedIn<\/span><\/a><\/li><li class='av-share-link av-social-link-mail' ><a  aria-label=\"Compartir por correo\" href='mailto:?subject=Habilitan%20m%C3%B3dulo%20de%20vacunaci%C3%B3n%20contra%20el%20COVID-19%20en%20aeropuerto%20de%20Balmaceda&#038;body=https:\/\/radiorevelacionfm.cl\/?p=6704' aria-hidden='false' data-av_icon='\ue805' data-av_iconfont='entypo-fontello' title='' data-avia-related-tooltip='Compartir por correo'><span class='avia_hidden_link_text'>Compartir por correo<\/span><\/a><\/li><\/ul><\/div><\/div>\n<div  style='height:50px' class='hr hr-invisible   avia-builder-el-8  el_after_av_social_share  el_before_av_comments_list '><span class='hr-inner ' ><span class='hr-inner-style'><\/span><\/span><\/div>\n<div  class='av-buildercomment  av-blog-meta-html-info-disabled av-blog-meta-tag-disabled  '><\/div>\n","protected":false},"excerpt":{"rendered":"","protected":false},"author":1,"featured_media":6705,"comment_status":"open","ping_status":"open","sticky":false,"template":"","format":"standard","meta":{"footnotes":""},"categories":[46],"tags":[],"class_list":["post-6704","post","type-post","status-publish","format-standard","has-post-thumbnail","hentry","category-salud"],"jetpack_featured_media_url":"https:\/\/radiorevelacionfm.cl\/wp-content\/uploads\/2021\/07\/vacunacion-balmaceda-1.1-1.jpg","_links":{"self":[{"href":"https:\/\/radiorevelacionfm.cl\/index.php?rest_route=\/wp\/v2\/posts\/6704","targetHints":{"allow":["GET"]}}],"collection":[{"href":"https:\/\/radiorevelacionfm.cl\/index.php?rest_route=\/wp\/v2\/posts"}],"about":[{"href":"https:\/\/radiorevelacionfm.cl\/index.php?rest_route=\/wp\/v2\/types\/post"}],"author":[{"embeddable":true,"href":"https:\/\/radiorevelacionfm.cl\/index.php?rest_route=\/wp\/v2\/users\/1"}],"replies":[{"embeddable":true,"href":"https:\/\/radiorevelacionfm.cl\/index.php?rest_route=%2Fwp%2Fv2%2Fcomments&post=6704"}],"version-history":[{"count":1,"href":"https:\/\/radiorevelacionfm.cl\/index.php?rest_route=\/wp\/v2\/posts\/6704\/revisions"}],"predecessor-version":[{"id":6706,"href":"https:\/\/radiorevelacionfm.cl\/index.php?rest_route=\/wp\/v2\/posts\/6704\/revisions\/6706"}],"wp:featuredmedia":[{"embeddable":true,"href":"https:\/\/radiorevelacionfm.cl\/index.php?rest_route=\/wp\/v2\/media\/6705"}],"wp:attachment":[{"href":"https:\/\/radiorevelacionfm.cl\/index.php?rest_route=%2Fwp%2Fv2%2Fmedia&parent=6704"}],"wp:term":[{"taxonomy":"category","embeddable":true,"href":"https:\/\/radiorevelacionfm.cl\/index.php?rest_route=%2Fwp%2Fv2%2Fcategories&post=6704"},{"taxonomy":"post_tag","embeddable":true,"href":"https:\/\/radiorevelacionfm.cl\/index.php?rest_route=%2Fwp%2Fv2%2Ftags&post=6704"}],"curies":[{"name":"wp","href":"https:\/\/api.w.org\/{rel}","templated":true}]}}