{"id":6701,"date":"2021-07-27T18:31:16","date_gmt":"2021-07-27T21:31:16","guid":{"rendered":"https:\/\/radiorevelacionfm.cl\/?p=6701"},"modified":"2021-07-27T18:31:16","modified_gmt":"2021-07-27T21:31:16","slug":"abierta-postulacion-a-programa-que-busca-potenciar-a-mas-de-50-emprendimientos-de-aysen","status":"publish","type":"post","link":"https:\/\/radiorevelacionfm.cl\/?p=6701","title":{"rendered":"Abierta postulaci\u00f3n a programa que busca potenciar a m\u00e1s de 50 emprendimientos de Ays\u00e9n"},"content":{"rendered":"<div class=\"flex_column av_one_full  flex_column_div av-zero-column-padding first  avia-builder-el-0  el_before_av_one_full  avia-builder-el-first  \" style='border-radius:0px; '><div  class='avia-image-container  av-styling-    avia-builder-el-1  avia-builder-el-no-sibling  avia-align-center '  itemprop=\"image\" itemscope=\"itemscope\" itemtype=\"https:\/\/schema.org\/ImageObject\"  ><div class='avia-image-container-inner'><div class='avia-image-overlay-wrap'><img decoding=\"async\" class='wp-image-6702 avia-img-lazy-loading-not-6702 avia_image' src=\"https:\/\/radiorevelacionfm.cl\/wp-content\/uploads\/2021\/07\/Foto-Antigua-Granel-1-1.jpg\" alt='' title='Foto-Antigua-Granel (1) (1)' height=\"600\" width=\"800\"  itemprop=\"thumbnailUrl\" srcset=\"https:\/\/radiorevelacionfm.cl\/wp-content\/uploads\/2021\/07\/Foto-Antigua-Granel-1-1.jpg 800w, https:\/\/radiorevelacionfm.cl\/wp-content\/uploads\/2021\/07\/Foto-Antigua-Granel-1-1-300x225.jpg 300w, https:\/\/radiorevelacionfm.cl\/wp-content\/uploads\/2021\/07\/Foto-Antigua-Granel-1-1-768x576.jpg 768w, https:\/\/radiorevelacionfm.cl\/wp-content\/uploads\/2021\/07\/Foto-Antigua-Granel-1-1-705x529.jpg 705w, https:\/\/radiorevelacionfm.cl\/wp-content\/uploads\/2021\/07\/Foto-Antigua-Granel-1-1-600x450.jpg 600w\" sizes=\"(max-width: 800px) 100vw, 800px\" \/><\/div><\/div><\/div><\/div><div class=\"flex_column av_one_full  flex_column_div av-zero-column-padding first  avia-builder-el-2  el_after_av_one_full  el_before_av_one_full  column-top-margin\" style='border-radius:0px; '><section class=\"av_textblock_section \"  itemscope=\"itemscope\" itemtype=\"https:\/\/schema.org\/BlogPosting\" itemprop=\"blogPost\" ><div class='avia_textblock  '   itemprop=\"text\" ><p style=\"text-align: center;\"><span style=\"font-size: 18pt;\"><b><span lang=\"ES\">Abierta postulaci\u00f3n a programa que busca potenciar a m\u00e1s de 50 emprendimientos de Ays\u00e9n<\/span><\/b><\/span><\/p>\n<div id=\"gtx-trans\" style=\"position: absolute; left: -50px; top: 4.31534px;\">\n<div class=\"gtx-trans-icon\"><\/div>\n<\/div>\n<\/div><\/section><\/div><div class=\"flex_column av_one_full  flex_column_div av-zero-column-padding first  avia-builder-el-4  el_after_av_one_full  el_before_av_hr  column-top-margin\" style='border-radius:0px; '><section class=\"av_textblock_section \"  itemscope=\"itemscope\" itemtype=\"https:\/\/schema.org\/BlogPosting\" itemprop=\"blogPost\" ><div class='avia_textblock  '   itemprop=\"text\" ><p style=\"text-align: justify;\"><span lang=\"ES\">Lograr potenciar el desarrollo y crecimiento de emprendimientos en la regi\u00f3n es el objetivo del programa \u201cDespega en Ays\u00e9n\u201d, ejecutado por Casa Sinergia en colaboraci\u00f3n con\u00a0IncubatecUFRO\u00a0y Red de Mentores de Impacto, y apoyado a trav\u00e9s del proyecto Potencia por Corfo, inici\u00f3 el proceso de postulaci\u00f3n en su 4ta versi\u00f3n, donde se espera apoyar a m\u00e1s de 50 emprendedores.<\/span><span lang=\"ES-MX\">\u00a0<\/span><\/p>\n<p style=\"text-align: justify;\"><span lang=\"ES\">En esa l\u00ednea, el programa, cuya postulaci\u00f3n est\u00e1 disponible hasta al 13 de agosto en\u00a0<\/span><span lang=\"es-419\"><a href=\"http:\/\/www.despegaenaysen.cl\/\" target=\"_blank\" rel=\"noopener\" data-saferedirecturl=\"https:\/\/www.google.com\/url?q=http:\/\/www.despegaenaysen.cl\/&amp;source=gmail&amp;ust=1627506983266000&amp;usg=AFQjCNHK_haWJrY_eXpmX26sfOgohVNsEQ\"><span lang=\"ES\">www.despegaenaysen.cl ,<\/span><\/a><\/span><span lang=\"ES\">\u201cbusca proveer de acompa\u00f1amiento y servicios en los \u00e1mbitos de\u00a0preincubaci\u00f3n, incubaci\u00f3n y mentor\u00eda\u00a0a emprendimientos para fortalecerlos y potenciarlos en sus distintas etapas de desarrollo, esperando con ello aumentar sus probabilidades de \u00e9xito. Este trabajo ha permitido apoyar, desde el 2020, a m\u00e1s de 120 emprendimientos, quienes a su vez pasan a formar parte de una comunidad donde buscamos fortalecer el trabajo colaborativo\u201d, indic\u00f3 Manuel Vivar, director de Casa Sinergia y coordinador del programa.\u00a0<\/span><span lang=\"ES-MX\">\u00a0<\/span><\/p>\n<p style=\"text-align: justify;\"><span lang=\"ES\">Omar Mu\u00f1oz Sierra, director de\u00a0<\/span><span lang=\"es-419\"><a href=\"https:\/\/www.corfo.cl\/sites\/cpp\/homecorfo\" target=\"_blank\" rel=\"noopener\" data-saferedirecturl=\"https:\/\/www.google.com\/url?q=https:\/\/www.corfo.cl\/sites\/cpp\/homecorfo&amp;source=gmail&amp;ust=1627506983267000&amp;usg=AFQjCNGHFrp4gi2kYBVICsLVGr2Y8SjvnA\"><span lang=\"ES\">Corfo<\/span><\/a><\/span><span lang=\"ES\">\u00a0Ays\u00e9n, destac\u00f3 esta iniciativa, \u201cque vino a ocupar un espacio que no exist\u00eda en nuestra regi\u00f3n y que forma parte del camino que hace un emprendimiento, desde su fase de idea de negocio hasta lograr ventas y consolidarse. Con esta iniciativa Despega en Ays\u00e9n, apoyada por el programa Potencia de Corfo, estamos seguros de que se fortalece el ecosistema de emprendedores de nuestra regi\u00f3n, con el objetivo de generar mayor valor agregado en el apoyo que se entrega a los emprendedores en sus distintas etapas de desarrollo\u201d.<\/span><span lang=\"ES-MX\">\u00a0<\/span><\/p>\n<p style=\"text-align: justify;\"><span lang=\"ES\">In\u00e9s\u00a0Chabalgoyti, de\u00a0<\/span><span lang=\"es-419\"><a href=\"https:\/\/www.antiguagranel.com\/nosotros\/\" target=\"_blank\" rel=\"noopener\" data-saferedirecturl=\"https:\/\/www.google.com\/url?q=https:\/\/www.antiguagranel.com\/nosotros\/&amp;source=gmail&amp;ust=1627506983267000&amp;usg=AFQjCNHy3pV5ERsyYURDxmKTrBjmu-9_Ig\"><span lang=\"ES\">Antigua Granel<\/span><\/a><\/span><span lang=\"ES\">, tuvo la oportunidad de participar de la primera generaci\u00f3n de Mentor\u00eda. \u201cPara nuestra empresa fue clave participar del programa. Con nuestras sesiones de mentor\u00eda pudimos aprender y resolver en conjunto una serie de desaf\u00edos que ten\u00edamos, y que, de otra forma, nos hubi\u00e9ramos demorado mucho en avanzar\u201d. Al mismo tiempo, destac\u00f3 que \u201cesto nos ha abierto la oportunidad a conocer la comunidad de emprendimiento que tienen desde Sinergia, donde hemos recibido el apoyo de todo su equipo. Para nuestros emprendimientos es clave ampliar nuestras redes y ellos han jugado un papel fundamental\u201d. <\/span><span lang=\"ES-MX\">\u00a0<\/span><\/p>\n<p style=\"text-align: justify;\"><b><span lang=\"ES\">CUARTA CONVOCATORIA<\/span><\/b><span lang=\"ES-MX\">\u00a0<\/span><\/p>\n<p style=\"text-align: justify;\"><span lang=\"ES\">Este cuarto llamado est\u00e1 destinado a potenciar diversas iniciativas, de acuerdo con su etapa de desarrollo y desaf\u00edos que enfrentan. As\u00ed, se espera apoyar a 20 ideas de negocio en el proceso de\u00a0preincubaci\u00f3n, donde\u00a0<\/span><span lang=\"es-419\"><a href=\"https:\/\/www.casasinergiaaysen.cl\/\" target=\"_blank\" rel=\"noopener\" data-saferedirecturl=\"https:\/\/www.google.com\/url?q=https:\/\/www.casasinergiaaysen.cl\/&amp;source=gmail&amp;ust=1627506983267000&amp;usg=AFQjCNGUfJlzGXnex9ixu7wQzVVo6YrPFQ\"><span lang=\"ES\">Casa Sinergia<\/span><\/a><\/span><span lang=\"ES\">\u00a0ser\u00e1 la encargada de entregar los elementos claves del proceso de emprendimiento para que los postulantes puedan darle forma a su idea de negocio. Adem\u00e1s,\u00a0<\/span><span lang=\"ES-MX\"><a href=\"https:\/\/incubatec.cl\/\" target=\"_blank\" rel=\"noopener\" data-saferedirecturl=\"https:\/\/www.google.com\/url?q=https:\/\/incubatec.cl\/&amp;source=gmail&amp;ust=1627506983267000&amp;usg=AFQjCNEkgNFQ_nQpprcgUVMGQZD8IlWVnA\"><span lang=\"ES\">IncubatecUFRO<\/span><\/a><\/span><span lang=\"ES\"> ser\u00e1 la encargada del servicio de incubaci\u00f3n, donde 15 emprendimientos abordar\u00e1n temas como la propuesta de valor, el modelo de negocio, plan de ventas o proyecciones financieras. Finalmente, la <\/span><span lang=\"es-419\"><a href=\"https:\/\/mentoresdeimpacto.org\/\" target=\"_blank\" rel=\"noopener\" data-saferedirecturl=\"https:\/\/www.google.com\/url?q=https:\/\/mentoresdeimpacto.org\/&amp;source=gmail&amp;ust=1627506983267000&amp;usg=AFQjCNECH22IJvypdYNLCA97Ub4v-gS2HA\"><span lang=\"ES\">Red de Mentores de Impacto<\/span><\/a><\/span><span lang=\"ES\">\u00a0seleccionar\u00e1 otras 20 iniciativas para el servicio de mentor\u00eda, en el cual un experto entrega diversas experiencias y herramientas para que los emprendedores puedan resolver los problemas que enfrentan en el desarrollo de sus proyectos.<\/span><span lang=\"ES-MX\">\u00a0<\/span><\/p>\n<p style=\"text-align: justify;\"><span lang=\"ES\">La convocatoria se encuentra abierta hasta el 13 de agosto y todo el proceso se realiza de manera online a trav\u00e9s de la p\u00e1gina\u00a0<\/span><span lang=\"es-419\"><a href=\"http:\/\/www.despegaenaysen.cl\/\" target=\"_blank\" rel=\"noopener\" data-saferedirecturl=\"https:\/\/www.google.com\/url?q=http:\/\/www.despegaenaysen.cl\/&amp;source=gmail&amp;ust=1627506983267000&amp;usg=AFQjCNG8yx3G_X7YkcgtprPo02Jo7cWlVA\"><span lang=\"ES\">www.despegaenaysen.cl<\/span><\/a><\/span><span lang=\"ES\">. El desarrollo del programa a su vez se ejecuta de manera virtual, as\u00ed es que la invitaci\u00f3n es para emprendimientos de las distintas comunas de la regi\u00f3n.<\/span><span lang=\"ES-MX\">\u00a0<\/span><\/p>\n<div style=\"text-align: justify;\"><\/div>\n<\/div><\/section><\/div><div  style='height:50px' class='hr hr-invisible   avia-builder-el-6  el_after_av_one_full  el_before_av_social_share '><span class='hr-inner ' ><span class='hr-inner-style'><\/span><\/span><\/div><\/p>\n<div  class='av-social-sharing-box  avia-builder-el-7  el_after_av_hr  el_before_av_hr  '><div class='av-share-box'><h5 class='av-share-link-description av-no-toc '>Compartir esta noticia<\/h5><ul class='av-share-box-list noLightbox'><li class='av-share-link av-social-link-facebook' ><a target=\"_blank\" aria-label=\"Compartir en Facebook\" href='https:\/\/www.facebook.com\/sharer.php?u=https:\/\/radiorevelacionfm.cl\/?p=6701&#038;t=Abierta%20postulaci%C3%B3n%20a%20programa%20que%20busca%20potenciar%20a%20m%C3%A1s%20de%2050%20emprendimientos%20de%20Ays%C3%A9n' aria-hidden='false' data-av_icon='\ue8f3' data-av_iconfont='entypo-fontello' title='' data-avia-related-tooltip='Compartir en Facebook' rel=\"noopener\"><span class='avia_hidden_link_text'>Compartir en Facebook<\/span><\/a><\/li><li class='av-share-link av-social-link-twitter' ><a target=\"_blank\" aria-label=\"Compartir en Twitter\" href='https:\/\/twitter.com\/share?text=Abierta%20postulaci%C3%B3n%20a%20programa%20que%20busca%20potenciar%20a%20m%C3%A1s%20de%2050%20emprendimientos%20de%20Ays%C3%A9n&#038;url=https:\/\/radiorevelacionfm.cl\/?p=6701' aria-hidden='false' data-av_icon='\ue8f1' data-av_iconfont='entypo-fontello' title='' data-avia-related-tooltip='Compartir en Twitter' rel=\"noopener\"><span class='avia_hidden_link_text'>Compartir en Twitter<\/span><\/a><\/li><li class='av-share-link av-social-link-whatsapp' ><a target=\"_blank\" aria-label=\"Compartir en Whatsapp\" href='https:\/\/api.whatsapp.com\/send?text=https:\/\/radiorevelacionfm.cl\/?p=6701' aria-hidden='false' data-av_icon='\uf232' data-av_iconfont='entypo-fontello' title='' data-avia-related-tooltip='Compartir en Whatsapp' rel=\"noopener\"><span class='avia_hidden_link_text'>Compartir en Whatsapp<\/span><\/a><\/li><li class='av-share-link av-social-link-linkedin' ><a target=\"_blank\" aria-label=\"Compartir en LinkedIn\" href='https:\/\/linkedin.com\/shareArticle?mini=true&#038;title=Abierta%20postulaci%C3%B3n%20a%20programa%20que%20busca%20potenciar%20a%20m%C3%A1s%20de%2050%20emprendimientos%20de%20Ays%C3%A9n&#038;url=https:\/\/radiorevelacionfm.cl\/?p=6701' aria-hidden='false' data-av_icon='\ue8fc' data-av_iconfont='entypo-fontello' title='' data-avia-related-tooltip='Compartir en LinkedIn' rel=\"noopener\"><span class='avia_hidden_link_text'>Compartir en LinkedIn<\/span><\/a><\/li><li class='av-share-link av-social-link-mail' ><a  aria-label=\"Compartir por correo\" href='mailto:?subject=Abierta%20postulaci%C3%B3n%20a%20programa%20que%20busca%20potenciar%20a%20m%C3%A1s%20de%2050%20emprendimientos%20de%20Ays%C3%A9n&#038;body=https:\/\/radiorevelacionfm.cl\/?p=6701' aria-hidden='false' data-av_icon='\ue805' data-av_iconfont='entypo-fontello' title='' data-avia-related-tooltip='Compartir por correo'><span class='avia_hidden_link_text'>Compartir por correo<\/span><\/a><\/li><\/ul><\/div><\/div>\n<div  style='height:50px' class='hr hr-invisible   avia-builder-el-8  el_after_av_social_share  el_before_av_comments_list '><span class='hr-inner ' ><span class='hr-inner-style'><\/span><\/span><\/div>\n<div  class='av-buildercomment  av-blog-meta-html-info-disabled av-blog-meta-tag-disabled  '><\/div>\n","protected":false},"excerpt":{"rendered":"","protected":false},"author":1,"featured_media":6702,"comment_status":"open","ping_status":"open","sticky":false,"template":"","format":"standard","meta":{"footnotes":""},"categories":[37],"tags":[],"class_list":["post-6701","post","type-post","status-publish","format-standard","has-post-thumbnail","hentry","category-economia"],"jetpack_featured_media_url":"https:\/\/radiorevelacionfm.cl\/wp-content\/uploads\/2021\/07\/Foto-Antigua-Granel-1-1.jpg","_links":{"self":[{"href":"https:\/\/radiorevelacionfm.cl\/index.php?rest_route=\/wp\/v2\/posts\/6701","targetHints":{"allow":["GET"]}}],"collection":[{"href":"https:\/\/radiorevelacionfm.cl\/index.php?rest_route=\/wp\/v2\/posts"}],"about":[{"href":"https:\/\/radiorevelacionfm.cl\/index.php?rest_route=\/wp\/v2\/types\/post"}],"author":[{"embeddable":true,"href":"https:\/\/radiorevelacionfm.cl\/index.php?rest_route=\/wp\/v2\/users\/1"}],"replies":[{"embeddable":true,"href":"https:\/\/radiorevelacionfm.cl\/index.php?rest_route=%2Fwp%2Fv2%2Fcomments&post=6701"}],"version-history":[{"count":1,"href":"https:\/\/radiorevelacionfm.cl\/index.php?rest_route=\/wp\/v2\/posts\/6701\/revisions"}],"predecessor-version":[{"id":6703,"href":"https:\/\/radiorevelacionfm.cl\/index.php?rest_route=\/wp\/v2\/posts\/6701\/revisions\/6703"}],"wp:featuredmedia":[{"embeddable":true,"href":"https:\/\/radiorevelacionfm.cl\/index.php?rest_route=\/wp\/v2\/media\/6702"}],"wp:attachment":[{"href":"https:\/\/radiorevelacionfm.cl\/index.php?rest_route=%2Fwp%2Fv2%2Fmedia&parent=6701"}],"wp:term":[{"taxonomy":"category","embeddable":true,"href":"https:\/\/radiorevelacionfm.cl\/index.php?rest_route=%2Fwp%2Fv2%2Fcategories&post=6701"},{"taxonomy":"post_tag","embeddable":true,"href":"https:\/\/radiorevelacionfm.cl\/index.php?rest_route=%2Fwp%2Fv2%2Ftags&post=6701"}],"curies":[{"name":"wp","href":"https:\/\/api.w.org\/{rel}","templated":true}]}}