{"id":6698,"date":"2021-07-27T17:05:32","date_gmt":"2021-07-27T20:05:32","guid":{"rendered":"https:\/\/radiorevelacionfm.cl\/?p=6698"},"modified":"2021-07-27T17:05:32","modified_gmt":"2021-07-27T20:05:32","slug":"con-buena-energia-programa-que-impulsa-la-eficiencia-energetica-llega-a-todo-chile","status":"publish","type":"post","link":"https:\/\/radiorevelacionfm.cl\/?p=6698","title":{"rendered":"\u00abCon Buena Energ\u00eda\u00bb programa que impulsa la eficiencia energ\u00e9tica llega a todo Chile"},"content":{"rendered":"<div class=\"flex_column av_one_full  flex_column_div av-zero-column-padding first  avia-builder-el-0  el_before_av_one_full  avia-builder-el-first  \" style='border-radius:0px; '><div  class='avia-image-container  av-styling-    avia-builder-el-1  avia-builder-el-no-sibling  avia-align-center '  itemprop=\"image\" itemscope=\"itemscope\" itemtype=\"https:\/\/schema.org\/ImageObject\"  ><div class='avia-image-container-inner'><div class='avia-image-overlay-wrap'><img decoding=\"async\" class='wp-image-6699 avia-img-lazy-loading-not-6699 avia_image' src=\"https:\/\/radiorevelacionfm.cl\/wp-content\/uploads\/2021\/07\/Foto-CBE1-1.jpg\" alt='' title='Foto CBE1 (1)' height=\"601\" width=\"1278\"  itemprop=\"thumbnailUrl\" srcset=\"https:\/\/radiorevelacionfm.cl\/wp-content\/uploads\/2021\/07\/Foto-CBE1-1.jpg 1278w, https:\/\/radiorevelacionfm.cl\/wp-content\/uploads\/2021\/07\/Foto-CBE1-1-300x141.jpg 300w, https:\/\/radiorevelacionfm.cl\/wp-content\/uploads\/2021\/07\/Foto-CBE1-1-1030x484.jpg 1030w, https:\/\/radiorevelacionfm.cl\/wp-content\/uploads\/2021\/07\/Foto-CBE1-1-768x361.jpg 768w, https:\/\/radiorevelacionfm.cl\/wp-content\/uploads\/2021\/07\/Foto-CBE1-1-705x332.jpg 705w, https:\/\/radiorevelacionfm.cl\/wp-content\/uploads\/2021\/07\/Foto-CBE1-1-600x282.jpg 600w\" sizes=\"(max-width: 1278px) 100vw, 1278px\" \/><\/div><\/div><\/div><\/div><div class=\"flex_column av_one_full  flex_column_div av-zero-column-padding first  avia-builder-el-2  el_after_av_one_full  el_before_av_one_full  column-top-margin\" style='border-radius:0px; '><section class=\"av_textblock_section \"  itemscope=\"itemscope\" itemtype=\"https:\/\/schema.org\/BlogPosting\" itemprop=\"blogPost\" ><div class='avia_textblock  '   itemprop=\"text\" ><h2 style=\"text-align: center;\">\u00abCon Buena Energ\u00eda\u00bb programa que impulsa la eficiencia energ\u00e9tica llega a todo Chile<\/h2>\n<div id=\"gtx-trans\" style=\"position: absolute; left: -50px; top: 4.31534px;\">\n<div class=\"gtx-trans-icon\"><\/div>\n<\/div>\n<\/div><\/section><\/div><div class=\"flex_column av_one_full  flex_column_div av-zero-column-padding first  avia-builder-el-4  el_after_av_one_full  el_before_av_hr  column-top-margin\" style='border-radius:0px; '><section class=\"av_textblock_section \"  itemscope=\"itemscope\" itemtype=\"https:\/\/schema.org\/BlogPosting\" itemprop=\"blogPost\" ><div class='avia_textblock  '   itemprop=\"text\" ><p style=\"text-align: justify;\">El programa <strong>Con Buena Energ\u00eda<\/strong> promueve medidas de eficiencia energ\u00e9tica al interior de los hogares, para que las familias aprendan a utilizar mejor la energ\u00eda y con ese aprendizaje logren disminuir sus consumos energ\u00e9ticos.<\/p>\n<p style=\"text-align: justify;\">\u201cGracias a este programa miles de familias chilenas han podido mejorar su calidad de vida. Son consejos muy pr\u00e1cticos y f\u00e1ciles de implementar, tanto en la casa como en el trabajo, que nos permiten bajar el consumo, ahorrar y adem\u00e1s cuidar el planeta.\u00a0En lo que queda de este a\u00f1o esperamos capacitar a m\u00e1s de 30.000 hogares\u201d,\u00a0destac\u00f3\u00a0Juan Carlos Jobet, biministro de Energ\u00eda y Miner\u00eda.<\/p>\n<p style=\"text-align: justify;\">Por su parte el Seremi de Energ\u00eda de la regi\u00f3n de Ays\u00e9n, Juan Luis Amen\u00e1bar, se\u00f1al\u00f3 que \u201cesta iniciativa es muy importante ya que entrega a las familias herramientas que les permiten generar importantes ahorros en sus hogares, y cuando se usa bien la energ\u00eda ganan las personas al mejorar su calidad de vida y gastar menos, pero tambi\u00e9n ganamos todos, pues contribuimos a vivir en un regi\u00f3n m\u00e1s limpia y eficiente\u201d.<\/p>\n<p style=\"text-align: justify;\">Entre los contenidos del taller destaca el aprendizaje sobre consumos energ\u00e9ticos de los principales artefactos del hogar, aislaci\u00f3n t\u00e9rmica de la vivienda, consejos para el uso eficiente de calefactores y cocinas, lectura de la boleta electricidad, entre otras tem\u00e1ticas.<\/p>\n<p style=\"text-align: justify;\">Tambi\u00e9n el programa considera la entrega de un kit eficiente al beneficiario, el que se compone de cuatro ampolletas LED luz c\u00e1lida de 9W, magneto informativo y una bolsa reutilizable.<\/p>\n<p style=\"text-align: justify;\">A la fecha,\u00a0m\u00e1s de 300 mil hogares han sido beneficiados con este programa a lo largo de Chile. En la regi\u00f3n de Ays\u00e9n desde el a\u00f1o 2018 a la fecha, aproximadamente 1.500 personas se han capacitado en el buen uso de la energ\u00eda. Al respecto, el Seremi Amen\u00e1bar recalc\u00f3 que \u201cestamos muy contentos por la buena recepci\u00f3n que ha tenido el programa Con Buena Energ\u00eda en nuestra regi\u00f3n. Este a\u00f1o se han capacitado 405 vecinos de las provincias de Ays\u00e9n, Capit\u00e1n Prat, Coyhaique y General Carrera, quienes adem\u00e1s han recibido sus kits de eficiencia energ\u00e9tica. Continuaremos con el despliegue territorial para seguir sumando embajadores regionales de la eficiencia energ\u00e9tica y as\u00ed avanzar en la generaci\u00f3n de una cultura del buen uso de la energ\u00eda\u201d.<\/p>\n<p style=\"text-align: justify;\">Pueden participar personas que pertenezcan al Registro Social de Hogares entre los tramos 0 al 70% de menores ingresos o mayor vulnerabilidad, y que no hayan sido beneficiados por el programa desde el a\u00f1o 2018 a la fecha.<\/p>\n<p style=\"text-align: justify;\">La modalidad normal de implementaci\u00f3n del programa considera talleres presenciales, sin embargo, durante el periodo de pandemia, se han realizado actividades virtuales y presenciales acordes a las restricciones sanitarias.<\/p>\n<p style=\"text-align: justify;\">Actualmente, el Ministerio de Energ\u00eda cuenta con convenios vigentes con 351 municipios, 11 gobernaciones y con PRODEMU. Adem\u00e1s, se encuentra en proceso la firma los convenios con INDAP (Instituto de Desarrollo Agropecuario), INJUV (Instituto Nacional de la Juventud), FOSIS (Fondo de Solidaridad e Inversi\u00f3n Social) y MIDESO (Ministerio de Desarrollo Social y Familia), lo que permitir\u00e1 continuar ampliando el programa.<\/p>\n<\/div><\/section><\/div><div  style='height:50px' class='hr hr-invisible   avia-builder-el-6  el_after_av_one_full  el_before_av_social_share '><span class='hr-inner ' ><span class='hr-inner-style'><\/span><\/span><\/div><\/p>\n<div  class='av-social-sharing-box  avia-builder-el-7  el_after_av_hr  el_before_av_hr  '><div class='av-share-box'><h5 class='av-share-link-description av-no-toc '>Compartir esta noticia<\/h5><ul class='av-share-box-list noLightbox'><li class='av-share-link av-social-link-facebook' ><a target=\"_blank\" aria-label=\"Compartir en Facebook\" href='https:\/\/www.facebook.com\/sharer.php?u=https:\/\/radiorevelacionfm.cl\/?p=6698&#038;t=%C2%ABCon%20Buena%20Energ%C3%ADa%C2%BB%20programa%20que%20impulsa%20la%20eficiencia%20energ%C3%A9tica%20llega%20a%20todo%20Chile' aria-hidden='false' data-av_icon='\ue8f3' data-av_iconfont='entypo-fontello' title='' data-avia-related-tooltip='Compartir en Facebook' rel=\"noopener\"><span class='avia_hidden_link_text'>Compartir en Facebook<\/span><\/a><\/li><li class='av-share-link av-social-link-twitter' ><a target=\"_blank\" aria-label=\"Compartir en Twitter\" href='https:\/\/twitter.com\/share?text=%C2%ABCon%20Buena%20Energ%C3%ADa%C2%BB%20programa%20que%20impulsa%20la%20eficiencia%20energ%C3%A9tica%20llega%20a%20todo%20Chile&#038;url=https:\/\/radiorevelacionfm.cl\/?p=6698' aria-hidden='false' data-av_icon='\ue8f1' data-av_iconfont='entypo-fontello' title='' data-avia-related-tooltip='Compartir en Twitter' rel=\"noopener\"><span class='avia_hidden_link_text'>Compartir en Twitter<\/span><\/a><\/li><li class='av-share-link av-social-link-whatsapp' ><a target=\"_blank\" aria-label=\"Compartir en Whatsapp\" href='https:\/\/api.whatsapp.com\/send?text=https:\/\/radiorevelacionfm.cl\/?p=6698' aria-hidden='false' data-av_icon='\uf232' data-av_iconfont='entypo-fontello' title='' data-avia-related-tooltip='Compartir en Whatsapp' rel=\"noopener\"><span class='avia_hidden_link_text'>Compartir en Whatsapp<\/span><\/a><\/li><li class='av-share-link av-social-link-linkedin' ><a target=\"_blank\" aria-label=\"Compartir en LinkedIn\" href='https:\/\/linkedin.com\/shareArticle?mini=true&#038;title=%C2%ABCon%20Buena%20Energ%C3%ADa%C2%BB%20programa%20que%20impulsa%20la%20eficiencia%20energ%C3%A9tica%20llega%20a%20todo%20Chile&#038;url=https:\/\/radiorevelacionfm.cl\/?p=6698' aria-hidden='false' data-av_icon='\ue8fc' data-av_iconfont='entypo-fontello' title='' data-avia-related-tooltip='Compartir en LinkedIn' rel=\"noopener\"><span class='avia_hidden_link_text'>Compartir en LinkedIn<\/span><\/a><\/li><li class='av-share-link av-social-link-mail' ><a  aria-label=\"Compartir por correo\" href='mailto:?subject=%C2%ABCon%20Buena%20Energ%C3%ADa%C2%BB%20programa%20que%20impulsa%20la%20eficiencia%20energ%C3%A9tica%20llega%20a%20todo%20Chile&#038;body=https:\/\/radiorevelacionfm.cl\/?p=6698' aria-hidden='false' data-av_icon='\ue805' data-av_iconfont='entypo-fontello' title='' data-avia-related-tooltip='Compartir por correo'><span class='avia_hidden_link_text'>Compartir por correo<\/span><\/a><\/li><\/ul><\/div><\/div>\n<div  style='height:50px' class='hr hr-invisible   avia-builder-el-8  el_after_av_social_share  el_before_av_comments_list '><span class='hr-inner ' ><span class='hr-inner-style'><\/span><\/span><\/div>\n<div  class='av-buildercomment  av-blog-meta-html-info-disabled av-blog-meta-tag-disabled  '><\/div>\n","protected":false},"excerpt":{"rendered":"","protected":false},"author":1,"featured_media":6699,"comment_status":"open","ping_status":"open","sticky":false,"template":"","format":"standard","meta":{"footnotes":""},"categories":[39],"tags":[],"class_list":["post-6698","post","type-post","status-publish","format-standard","has-post-thumbnail","hentry","category-medio-ambiente"],"jetpack_featured_media_url":"https:\/\/radiorevelacionfm.cl\/wp-content\/uploads\/2021\/07\/Foto-CBE1-1.jpg","_links":{"self":[{"href":"https:\/\/radiorevelacionfm.cl\/index.php?rest_route=\/wp\/v2\/posts\/6698","targetHints":{"allow":["GET"]}}],"collection":[{"href":"https:\/\/radiorevelacionfm.cl\/index.php?rest_route=\/wp\/v2\/posts"}],"about":[{"href":"https:\/\/radiorevelacionfm.cl\/index.php?rest_route=\/wp\/v2\/types\/post"}],"author":[{"embeddable":true,"href":"https:\/\/radiorevelacionfm.cl\/index.php?rest_route=\/wp\/v2\/users\/1"}],"replies":[{"embeddable":true,"href":"https:\/\/radiorevelacionfm.cl\/index.php?rest_route=%2Fwp%2Fv2%2Fcomments&post=6698"}],"version-history":[{"count":1,"href":"https:\/\/radiorevelacionfm.cl\/index.php?rest_route=\/wp\/v2\/posts\/6698\/revisions"}],"predecessor-version":[{"id":6700,"href":"https:\/\/radiorevelacionfm.cl\/index.php?rest_route=\/wp\/v2\/posts\/6698\/revisions\/6700"}],"wp:featuredmedia":[{"embeddable":true,"href":"https:\/\/radiorevelacionfm.cl\/index.php?rest_route=\/wp\/v2\/media\/6699"}],"wp:attachment":[{"href":"https:\/\/radiorevelacionfm.cl\/index.php?rest_route=%2Fwp%2Fv2%2Fmedia&parent=6698"}],"wp:term":[{"taxonomy":"category","embeddable":true,"href":"https:\/\/radiorevelacionfm.cl\/index.php?rest_route=%2Fwp%2Fv2%2Fcategories&post=6698"},{"taxonomy":"post_tag","embeddable":true,"href":"https:\/\/radiorevelacionfm.cl\/index.php?rest_route=%2Fwp%2Fv2%2Ftags&post=6698"}],"curies":[{"name":"wp","href":"https:\/\/api.w.org\/{rel}","templated":true}]}}