{"id":6694,"date":"2021-07-27T16:31:59","date_gmt":"2021-07-27T19:31:59","guid":{"rendered":"https:\/\/radiorevelacionfm.cl\/?p=6694"},"modified":"2021-07-27T16:31:59","modified_gmt":"2021-07-27T19:31:59","slug":"proyecto-calafate-patagon-aborda-el-actual-escenario-de-licitacion-que-postergaria-el-sueno-de-sus-viviendas","status":"publish","type":"post","link":"https:\/\/radiorevelacionfm.cl\/?p=6694","title":{"rendered":"Proyecto Calafate-Patag\u00f3n aborda el actual escenario de licitaci\u00f3n que postergar\u00eda el sue\u00f1o de sus viviendas"},"content":{"rendered":"<div class=\"flex_column av_one_full  flex_column_div av-zero-column-padding first  avia-builder-el-0  el_before_av_one_full  avia-builder-el-first  \" style='border-radius:0px; '><div  class='avia-image-container  av-styling-    avia-builder-el-1  avia-builder-el-no-sibling  avia-align-center '  itemprop=\"image\" itemscope=\"itemscope\" itemtype=\"https:\/\/schema.org\/ImageObject\"  ><div class='avia-image-container-inner'><div class='avia-image-overlay-wrap'><img decoding=\"async\" class='wp-image-6695 avia-img-lazy-loading-not-6695 avia_image' src=\"https:\/\/radiorevelacionfm.cl\/wp-content\/uploads\/2021\/07\/IMG-calafpata2-1-1-1.jpg\" alt='' title='IMG-calafpata2-1 (1) (1)' height=\"600\" width=\"1066\"  itemprop=\"thumbnailUrl\" srcset=\"https:\/\/radiorevelacionfm.cl\/wp-content\/uploads\/2021\/07\/IMG-calafpata2-1-1-1.jpg 1066w, https:\/\/radiorevelacionfm.cl\/wp-content\/uploads\/2021\/07\/IMG-calafpata2-1-1-1-300x169.jpg 300w, https:\/\/radiorevelacionfm.cl\/wp-content\/uploads\/2021\/07\/IMG-calafpata2-1-1-1-1030x580.jpg 1030w, https:\/\/radiorevelacionfm.cl\/wp-content\/uploads\/2021\/07\/IMG-calafpata2-1-1-1-768x432.jpg 768w, https:\/\/radiorevelacionfm.cl\/wp-content\/uploads\/2021\/07\/IMG-calafpata2-1-1-1-705x397.jpg 705w, https:\/\/radiorevelacionfm.cl\/wp-content\/uploads\/2021\/07\/IMG-calafpata2-1-1-1-600x338.jpg 600w\" sizes=\"(max-width: 1066px) 100vw, 1066px\" \/><\/div><\/div><\/div><\/div><div class=\"flex_column av_one_full  flex_column_div av-zero-column-padding first  avia-builder-el-2  el_after_av_one_full  el_before_av_one_full  column-top-margin\" style='border-radius:0px; '><section class=\"av_textblock_section \"  itemscope=\"itemscope\" itemtype=\"https:\/\/schema.org\/BlogPosting\" itemprop=\"blogPost\" ><div class='avia_textblock  '   itemprop=\"text\" ><p style=\"text-align: center;\"><strong><span style=\"font-size: 18pt;\">Proyecto Calafate-Patag\u00f3n aborda el actual escenario de licitaci\u00f3n que postergar\u00eda el sue\u00f1o de sus viviendas<\/span><\/strong><\/p>\n<div id=\"gtx-trans\" style=\"position: absolute; left: -50px; top: 4.31534px;\">\n<div class=\"gtx-trans-icon\"><\/div>\n<\/div>\n<\/div><\/section><\/div><div class=\"flex_column av_one_full  flex_column_div av-zero-column-padding first  avia-builder-el-4  el_after_av_one_full  el_before_av_hr  column-top-margin\" style='border-radius:0px; '><section class=\"av_textblock_section \"  itemscope=\"itemscope\" itemtype=\"https:\/\/schema.org\/BlogPosting\" itemprop=\"blogPost\" ><div class='avia_textblock  '   itemprop=\"text\" ><p style=\"text-align: justify;\">A trav\u00e9s de una reuni\u00f3n ampliada efectuada en dependencias del Polideportivo 21 de Abril, los comit\u00e9s de vivienda Sue\u00f1o Patag\u00f3n y El Calafate abordaron junto a la Ilustre Municipalidad de Ays\u00e9n la actual situaci\u00f3n que presenta el proceso licitatorio que se encuentra en curso para el desarrollo de su conjunto habitacional denominado CNT Calafate \u2013 Patag\u00f3n. La instancia efectuada por la Entidad Patrocinante de la Casa Edilicia cont\u00f3 con la presencia de alcalde, Julio Uribe, quien abog\u00f3 por un proceso transparente y de cara a las familias.<\/p>\n<p style=\"text-align: justify;\">Al respecto, la primera autoridad de la comuna porte\u00f1a abord\u00f3 que principalmente el encuentro se centr\u00f3 en explicar a los integrantes de las agrupaciones el estado de la licitaci\u00f3n en curso, la cual no se adjudicar\u00e1 y por consiguiente, se deber\u00e1 emplear un nuevo proceso para efectuar la materializaci\u00f3n de las anheladas viviendas. \u201cVamos a tratar de hacer las gestiones para que esto sea la brevedad y poder dar el vamos, ojal\u00e1 en esta pr\u00f3xima licitaci\u00f3n, en que alguna empresa se lo adjudique para comenzar el proyecto del Calafate-Patag\u00f3n que han esperado muchos a\u00f1os, los vecinos ya est\u00e1n bien desesperados porque adem\u00e1s se le ha mentido mucho, durante un largo tiempo\u201d.<\/p>\n<p style=\"text-align: justify;\">Asimismo, el alcalde Julio Uribe a\u00f1adi\u00f3 que \u201cahora estamos transparentando todos los pasos para que esto no siga ocurriendo y vuelvan a confiar en nosotros, la idea es aqu\u00ed que podamos hacer una nueva licitaci\u00f3n, que puedan estar contempladas todas las partidas que en este caso est\u00e1n fallando y poder darle la tranquilidad de que este municipio est\u00e1 haciendo las cosas bien y transparente sobretodo que est\u00e9n comunicados aunque duelan las cosas, pero hablar siempre con la verdad as\u00ed que en eso estamos\u201d.<\/p>\n<p style=\"text-align: justify;\">En tanto, Patricia Herna\u0301ndez, presidenta del Comit\u00e9 de Vivienda \u201cEl Calafate\u201d fij\u00f3 sus postura en las frustraciones que esto causa en sus asociados tras los distintos anuncios realizados, al existir una proyecci\u00f3n de habitar sus futuras viviendas \u201ces que no es el SERVIU o nos pasan otras cosas, entonces de eso es que ya la gente est\u00e1 cansada y que cada vez siempre somos los mismos los que salimos trasquilados, como se puede decir a lo buen chileno, pero bueno hay que seguir y buscarle una soluci\u00f3n lo m\u00e1s pronto posible gestionando las cosas como son\u201d.<\/p>\n<p style=\"text-align: justify;\">Finalmente, la presidenta del Comit\u00e9 de Vivienda \u201cSuen\u0303o Patago\u0301n\u201d, Viviana Benavides, al igual que su par manifest\u00f3 su preocupaci\u00f3n en la materia ya que \u201cObviamente que es frustrante para nosotros, para los socios tambi\u00e9n que llevamos tantos a\u00f1os esperando esperar un mes y medio que solamente de estar en el Portal (de licitaciones p\u00fablicas), despu\u00e9s ya volver hacer la revisi\u00f3n y as\u00ed pasa otro par de meses considerables que a nosotros a la larga igual nos dejan m\u00e1s o menos decepcionadas y para la gente que arrienda es m\u00e1s complicado porque ellos tienen que seguir pagando arriendo\u201d sentenci\u00f3 la dirigenta aysenina.<\/p>\n<\/div><\/section><\/div><div  style='height:50px' class='hr hr-invisible   avia-builder-el-6  el_after_av_one_full  el_before_av_social_share '><span class='hr-inner ' ><span class='hr-inner-style'><\/span><\/span><\/div><\/p>\n<div  class='av-social-sharing-box  avia-builder-el-7  el_after_av_hr  el_before_av_hr  '><div class='av-share-box'><h5 class='av-share-link-description av-no-toc '>Compartir esta noticia<\/h5><ul class='av-share-box-list noLightbox'><li class='av-share-link av-social-link-facebook' ><a target=\"_blank\" aria-label=\"Compartir en Facebook\" href='https:\/\/www.facebook.com\/sharer.php?u=https:\/\/radiorevelacionfm.cl\/?p=6694&#038;t=Proyecto%20Calafate-Patag%C3%B3n%20aborda%20el%20actual%20escenario%20de%20licitaci%C3%B3n%20que%20postergar%C3%ADa%20el%20sue%C3%B1o%20de%20sus%20viviendas' aria-hidden='false' data-av_icon='\ue8f3' data-av_iconfont='entypo-fontello' title='' data-avia-related-tooltip='Compartir en Facebook' rel=\"noopener\"><span class='avia_hidden_link_text'>Compartir en Facebook<\/span><\/a><\/li><li class='av-share-link av-social-link-twitter' ><a target=\"_blank\" aria-label=\"Compartir en Twitter\" href='https:\/\/twitter.com\/share?text=Proyecto%20Calafate-Patag%C3%B3n%20aborda%20el%20actual%20escenario%20de%20licitaci%C3%B3n%20que%20postergar%C3%ADa%20el%20sue%C3%B1o%20de%20sus%20viviendas&#038;url=https:\/\/radiorevelacionfm.cl\/?p=6694' aria-hidden='false' data-av_icon='\ue8f1' data-av_iconfont='entypo-fontello' title='' data-avia-related-tooltip='Compartir en Twitter' rel=\"noopener\"><span class='avia_hidden_link_text'>Compartir en Twitter<\/span><\/a><\/li><li class='av-share-link av-social-link-whatsapp' ><a target=\"_blank\" aria-label=\"Compartir en Whatsapp\" href='https:\/\/api.whatsapp.com\/send?text=https:\/\/radiorevelacionfm.cl\/?p=6694' aria-hidden='false' data-av_icon='\uf232' data-av_iconfont='entypo-fontello' title='' data-avia-related-tooltip='Compartir en Whatsapp' rel=\"noopener\"><span class='avia_hidden_link_text'>Compartir en Whatsapp<\/span><\/a><\/li><li class='av-share-link av-social-link-linkedin' ><a target=\"_blank\" aria-label=\"Compartir en LinkedIn\" href='https:\/\/linkedin.com\/shareArticle?mini=true&#038;title=Proyecto%20Calafate-Patag%C3%B3n%20aborda%20el%20actual%20escenario%20de%20licitaci%C3%B3n%20que%20postergar%C3%ADa%20el%20sue%C3%B1o%20de%20sus%20viviendas&#038;url=https:\/\/radiorevelacionfm.cl\/?p=6694' aria-hidden='false' data-av_icon='\ue8fc' data-av_iconfont='entypo-fontello' title='' data-avia-related-tooltip='Compartir en LinkedIn' rel=\"noopener\"><span class='avia_hidden_link_text'>Compartir en LinkedIn<\/span><\/a><\/li><li class='av-share-link av-social-link-mail' ><a  aria-label=\"Compartir por correo\" href='mailto:?subject=Proyecto%20Calafate-Patag%C3%B3n%20aborda%20el%20actual%20escenario%20de%20licitaci%C3%B3n%20que%20postergar%C3%ADa%20el%20sue%C3%B1o%20de%20sus%20viviendas&#038;body=https:\/\/radiorevelacionfm.cl\/?p=6694' aria-hidden='false' data-av_icon='\ue805' data-av_iconfont='entypo-fontello' title='' data-avia-related-tooltip='Compartir por correo'><span class='avia_hidden_link_text'>Compartir por correo<\/span><\/a><\/li><\/ul><\/div><\/div>\n<div  style='height:50px' class='hr hr-invisible   avia-builder-el-8  el_after_av_social_share  el_before_av_comments_list '><span class='hr-inner ' ><span class='hr-inner-style'><\/span><\/span><\/div>\n<div  class='av-buildercomment  av-blog-meta-html-info-disabled av-blog-meta-tag-disabled  '><\/div>\n","protected":false},"excerpt":{"rendered":"","protected":false},"author":1,"featured_media":6695,"comment_status":"open","ping_status":"open","sticky":false,"template":"","format":"standard","meta":{"footnotes":""},"categories":[57],"tags":[],"class_list":["post-6694","post","type-post","status-publish","format-standard","has-post-thumbnail","hentry","category-vivienda"],"jetpack_featured_media_url":"https:\/\/radiorevelacionfm.cl\/wp-content\/uploads\/2021\/07\/IMG-calafpata2-1-1-1.jpg","_links":{"self":[{"href":"https:\/\/radiorevelacionfm.cl\/index.php?rest_route=\/wp\/v2\/posts\/6694","targetHints":{"allow":["GET"]}}],"collection":[{"href":"https:\/\/radiorevelacionfm.cl\/index.php?rest_route=\/wp\/v2\/posts"}],"about":[{"href":"https:\/\/radiorevelacionfm.cl\/index.php?rest_route=\/wp\/v2\/types\/post"}],"author":[{"embeddable":true,"href":"https:\/\/radiorevelacionfm.cl\/index.php?rest_route=\/wp\/v2\/users\/1"}],"replies":[{"embeddable":true,"href":"https:\/\/radiorevelacionfm.cl\/index.php?rest_route=%2Fwp%2Fv2%2Fcomments&post=6694"}],"version-history":[{"count":2,"href":"https:\/\/radiorevelacionfm.cl\/index.php?rest_route=\/wp\/v2\/posts\/6694\/revisions"}],"predecessor-version":[{"id":6697,"href":"https:\/\/radiorevelacionfm.cl\/index.php?rest_route=\/wp\/v2\/posts\/6694\/revisions\/6697"}],"wp:featuredmedia":[{"embeddable":true,"href":"https:\/\/radiorevelacionfm.cl\/index.php?rest_route=\/wp\/v2\/media\/6695"}],"wp:attachment":[{"href":"https:\/\/radiorevelacionfm.cl\/index.php?rest_route=%2Fwp%2Fv2%2Fmedia&parent=6694"}],"wp:term":[{"taxonomy":"category","embeddable":true,"href":"https:\/\/radiorevelacionfm.cl\/index.php?rest_route=%2Fwp%2Fv2%2Fcategories&post=6694"},{"taxonomy":"post_tag","embeddable":true,"href":"https:\/\/radiorevelacionfm.cl\/index.php?rest_route=%2Fwp%2Fv2%2Ftags&post=6694"}],"curies":[{"name":"wp","href":"https:\/\/api.w.org\/{rel}","templated":true}]}}