{"id":6686,"date":"2021-07-27T11:43:17","date_gmt":"2021-07-27T14:43:17","guid":{"rendered":"https:\/\/radiorevelacionfm.cl\/?p=6686"},"modified":"2021-07-27T11:43:17","modified_gmt":"2021-07-27T14:43:17","slug":"jardin-infantil-de-islas-huichas-participo-en-encuentro-nacional-de-educacion-parvularia","status":"publish","type":"post","link":"https:\/\/radiorevelacionfm.cl\/?p=6686","title":{"rendered":"Jard\u00edn Infantil de Islas Huichas particip\u00f3 en encuentro nacional de educaci\u00f3n parvularia"},"content":{"rendered":"<div class=\"flex_column av_one_full  flex_column_div av-zero-column-padding first  avia-builder-el-0  el_before_av_one_full  avia-builder-el-first  \" style='border-radius:0px; '><div  class='avia-image-container  av-styling-    avia-builder-el-1  avia-builder-el-no-sibling  avia-align-center '  itemprop=\"image\" itemscope=\"itemscope\" itemtype=\"https:\/\/schema.org\/ImageObject\"  ><div class='avia-image-container-inner'><div class='avia-image-overlay-wrap'><img decoding=\"async\" class='wp-image-0 avia-img-lazy-loading-not-0 avia_image' src=\"https:\/\/radiorevelacionfm.cl\/wp-content\/uploads\/2021\/07\/1-min-1-1.png\" alt='' title=''   itemprop=\"thumbnailUrl\"  \/><\/div><\/div><\/div><\/div><div class=\"flex_column av_one_full  flex_column_div av-zero-column-padding first  avia-builder-el-2  el_after_av_one_full  el_before_av_one_full  column-top-margin\" style='border-radius:0px; '><section class=\"av_textblock_section \"  itemscope=\"itemscope\" itemtype=\"https:\/\/schema.org\/BlogPosting\" itemprop=\"blogPost\" ><div class='avia_textblock  '   itemprop=\"text\" ><p style=\"text-align: center;\"><strong><span style=\"font-size: 18pt;\">Jard\u00edn Infantil de Islas Huichas particip\u00f3 en encuentro nacional de educaci\u00f3n parvularia<\/span><\/strong><\/p>\n<div id=\"gtx-trans\" style=\"position: absolute; left: -50px; top: 4.31534px;\">\n<div class=\"gtx-trans-icon\"><\/div>\n<\/div>\n<\/div><\/section><\/div><div class=\"flex_column av_one_full  flex_column_div av-zero-column-padding first  avia-builder-el-4  el_after_av_one_full  el_before_av_hr  column-top-margin\" style='border-radius:0px; '><section class=\"av_textblock_section \"  itemscope=\"itemscope\" itemtype=\"https:\/\/schema.org\/BlogPosting\" itemprop=\"blogPost\" ><div class='avia_textblock  '   itemprop=\"text\" ><p style=\"font-weight: 400; text-align: justify;\">Desde hace 4 a\u00f1os el jard\u00edn infantil \u201cLos Canelos\u201d de Caleta Andrade, perteneciente a Fundaci\u00f3n Integra en Ays\u00e9n, ha estado desarrollado diversas estrategias para trabajar la Interculturalidad en su establecimiento, lo que ha permitido que se pudiera crear dos CDs con canciones en mapudungun y seguir trabajando en la revitalizaci\u00f3n de la lengua y cultura mapuche de la localidad.<\/p>\n<p style=\"font-weight: 400; text-align: justify;\">Es en este contexto que el jard\u00edn infantil de Fundaci\u00f3n Integra fue invitado a participar del seminario web \u201cConect\u00e9monos con la Educaci\u00f3n Parvularia\u201d, que es organizado por la Subsecretar\u00eda de Educaci\u00f3n Parvularia y que en esta ocasi\u00f3n estuvo dedicado al mostrar las acciones desarrolladas en interculturalidad donde expusieron el trabajo \u201cRecuperando el arte y la cultura local: \u00dclkant\u00fcn pichikeche\u201d.<\/p>\n<p style=\"font-weight: 400; text-align: justify;\">La directora del jard\u00edn infantil \u201cLos Canelos\u201d, Elizabeth Quin\u00e1n destac\u00f3 que \u201cdesde el 2017 hemos estado trabajando arduamente en esta materia lo que nos ha permitido reconocer la diversidad cultural, fortalecer la identidad \u00e9tnico cultural y promover una convivencia intercultural desde la primera infancia donde los ni\u00f1as y ni\u00f1os han sido actores principales en esta materia. Lo que queda de manifiesto en estos dos discos de canciones que hemos creado\u201d.<\/p>\n<p style=\"font-weight: 400; text-align: justify;\">Para que este trabajo se pudiera desarrollar ha sido muy importante el rol que ha tenido la Corporaci\u00f3n Nacional de Desarrollo Ind\u00edgena (CONADI) a trav\u00e9s del programa de Educaci\u00f3n Intercultural e Ind\u00edgena que ha permitido que este establecimiento cuente con una Educadora de Lengua y Cultura Ind\u00edgena (ELCI).<\/p>\n<p style=\"font-weight: 400; text-align: justify;\">La directora del establecimiento explic\u00f3 que \u201cdesde un inicio la ELCI desarroll\u00f3 experiencias educativas en el aula, abordando elementos de la lengua y cultura mapuche y relevando de esta manera nuestros sello Pedag\u00f3gico Art\u00edstico Cultural\u201d. A la vez, fue clara al se\u00f1alar que \u201cesto nos ha permitido promover la participaci\u00f3n de las familias y la comunidad en experiencias de revalidaci\u00f3n y recuperaci\u00f3n de estas culturas ancestrales, fortaleciendo los procesos de interculturalidad y biling\u00fcismo coordinado\u201d.<\/p>\n<p style=\"font-weight: 400; text-align: justify;\">Finalmente, cabe destacar que este sexto cap\u00edtulo de #Conect\u00e9monos dedicada a la Interculturalidad y Pueblos Originarios tuvo una audiencia cercana a las 2 mil personas quienes pudieron ver el trabajo que est\u00e1n desarrollando los Jardines Infantiles en esta materia y c\u00f3mo esto puede generar impactos positivos en las comunidades locales.<\/p>\n<\/div><\/section><\/div><div  style='height:50px' class='hr hr-invisible   avia-builder-el-6  el_after_av_one_full  el_before_av_social_share '><span class='hr-inner ' ><span class='hr-inner-style'><\/span><\/span><\/div><\/p>\n<div  class='av-social-sharing-box  avia-builder-el-7  el_after_av_hr  el_before_av_hr  '><div class='av-share-box'><h5 class='av-share-link-description av-no-toc '>Compartir esta noticia<\/h5><ul class='av-share-box-list noLightbox'><li class='av-share-link av-social-link-facebook' ><a target=\"_blank\" aria-label=\"Compartir en Facebook\" href='https:\/\/www.facebook.com\/sharer.php?u=https:\/\/radiorevelacionfm.cl\/?p=6686&#038;t=Jard%C3%ADn%20Infantil%20de%20Islas%20Huichas%20particip%C3%B3%20en%20encuentro%20nacional%20de%20educaci%C3%B3n%20parvularia' aria-hidden='false' data-av_icon='\ue8f3' data-av_iconfont='entypo-fontello' title='' data-avia-related-tooltip='Compartir en Facebook' rel=\"noopener\"><span class='avia_hidden_link_text'>Compartir en Facebook<\/span><\/a><\/li><li class='av-share-link av-social-link-twitter' ><a target=\"_blank\" aria-label=\"Compartir en Twitter\" href='https:\/\/twitter.com\/share?text=Jard%C3%ADn%20Infantil%20de%20Islas%20Huichas%20particip%C3%B3%20en%20encuentro%20nacional%20de%20educaci%C3%B3n%20parvularia&#038;url=https:\/\/radiorevelacionfm.cl\/?p=6686' aria-hidden='false' data-av_icon='\ue8f1' data-av_iconfont='entypo-fontello' title='' data-avia-related-tooltip='Compartir en Twitter' rel=\"noopener\"><span class='avia_hidden_link_text'>Compartir en Twitter<\/span><\/a><\/li><li class='av-share-link av-social-link-whatsapp' ><a target=\"_blank\" aria-label=\"Compartir en Whatsapp\" href='https:\/\/api.whatsapp.com\/send?text=https:\/\/radiorevelacionfm.cl\/?p=6686' aria-hidden='false' data-av_icon='\uf232' data-av_iconfont='entypo-fontello' title='' data-avia-related-tooltip='Compartir en Whatsapp' rel=\"noopener\"><span class='avia_hidden_link_text'>Compartir en Whatsapp<\/span><\/a><\/li><li class='av-share-link av-social-link-linkedin' ><a target=\"_blank\" aria-label=\"Compartir en LinkedIn\" href='https:\/\/linkedin.com\/shareArticle?mini=true&#038;title=Jard%C3%ADn%20Infantil%20de%20Islas%20Huichas%20particip%C3%B3%20en%20encuentro%20nacional%20de%20educaci%C3%B3n%20parvularia&#038;url=https:\/\/radiorevelacionfm.cl\/?p=6686' aria-hidden='false' data-av_icon='\ue8fc' data-av_iconfont='entypo-fontello' title='' data-avia-related-tooltip='Compartir en LinkedIn' rel=\"noopener\"><span class='avia_hidden_link_text'>Compartir en LinkedIn<\/span><\/a><\/li><li class='av-share-link av-social-link-mail' ><a  aria-label=\"Compartir por correo\" href='mailto:?subject=Jard%C3%ADn%20Infantil%20de%20Islas%20Huichas%20particip%C3%B3%20en%20encuentro%20nacional%20de%20educaci%C3%B3n%20parvularia&#038;body=https:\/\/radiorevelacionfm.cl\/?p=6686' aria-hidden='false' data-av_icon='\ue805' data-av_iconfont='entypo-fontello' title='' data-avia-related-tooltip='Compartir por correo'><span class='avia_hidden_link_text'>Compartir por correo<\/span><\/a><\/li><\/ul><\/div><\/div>\n<div  style='height:50px' class='hr hr-invisible   avia-builder-el-8  el_after_av_social_share  el_before_av_comments_list '><span class='hr-inner ' ><span class='hr-inner-style'><\/span><\/span><\/div>\n<div  class='av-buildercomment  av-blog-meta-html-info-disabled av-blog-meta-tag-disabled  '><\/div>\n","protected":false},"excerpt":{"rendered":"","protected":false},"author":1,"featured_media":0,"comment_status":"open","ping_status":"open","sticky":false,"template":"","format":"standard","meta":{"footnotes":""},"categories":[49],"tags":[],"class_list":["post-6686","post","type-post","status-publish","format-standard","hentry","category-educacion"],"jetpack_featured_media_url":"","_links":{"self":[{"href":"https:\/\/radiorevelacionfm.cl\/index.php?rest_route=\/wp\/v2\/posts\/6686","targetHints":{"allow":["GET"]}}],"collection":[{"href":"https:\/\/radiorevelacionfm.cl\/index.php?rest_route=\/wp\/v2\/posts"}],"about":[{"href":"https:\/\/radiorevelacionfm.cl\/index.php?rest_route=\/wp\/v2\/types\/post"}],"author":[{"embeddable":true,"href":"https:\/\/radiorevelacionfm.cl\/index.php?rest_route=\/wp\/v2\/users\/1"}],"replies":[{"embeddable":true,"href":"https:\/\/radiorevelacionfm.cl\/index.php?rest_route=%2Fwp%2Fv2%2Fcomments&post=6686"}],"version-history":[{"count":1,"href":"https:\/\/radiorevelacionfm.cl\/index.php?rest_route=\/wp\/v2\/posts\/6686\/revisions"}],"predecessor-version":[{"id":6688,"href":"https:\/\/radiorevelacionfm.cl\/index.php?rest_route=\/wp\/v2\/posts\/6686\/revisions\/6688"}],"wp:attachment":[{"href":"https:\/\/radiorevelacionfm.cl\/index.php?rest_route=%2Fwp%2Fv2%2Fmedia&parent=6686"}],"wp:term":[{"taxonomy":"category","embeddable":true,"href":"https:\/\/radiorevelacionfm.cl\/index.php?rest_route=%2Fwp%2Fv2%2Fcategories&post=6686"},{"taxonomy":"post_tag","embeddable":true,"href":"https:\/\/radiorevelacionfm.cl\/index.php?rest_route=%2Fwp%2Fv2%2Ftags&post=6686"}],"curies":[{"name":"wp","href":"https:\/\/api.w.org\/{rel}","templated":true}]}}