{"id":6681,"date":"2021-07-27T11:37:04","date_gmt":"2021-07-27T14:37:04","guid":{"rendered":"https:\/\/radiorevelacionfm.cl\/?p=6681"},"modified":"2021-07-27T11:37:04","modified_gmt":"2021-07-27T14:37:04","slug":"invitan-a-ninos-y-jovenes-a-ser-parte-de-campeonato-de-triples-y-habilidades-de-basquetbol-en-aysen","status":"publish","type":"post","link":"https:\/\/radiorevelacionfm.cl\/?p=6681","title":{"rendered":"Invitan a ni\u00f1os y j\u00f3venes a ser parte de Campeonato de Triples y Habilidades de B\u00e1squetbol en Ays\u00e9n"},"content":{"rendered":"<div class=\"flex_column av_one_full  flex_column_div av-zero-column-padding first  avia-builder-el-0  el_before_av_one_full  avia-builder-el-first  \" style='border-radius:0px; '><div  class='avia-image-container  av-styling-    avia-builder-el-1  avia-builder-el-no-sibling  avia-align-center '  itemprop=\"image\" itemscope=\"itemscope\" itemtype=\"https:\/\/schema.org\/ImageObject\"  ><div class='avia-image-container-inner'><div class='avia-image-overlay-wrap'><img decoding=\"async\" class='wp-image-6682 avia-img-lazy-loading-not-6682 avia_image' src=\"https:\/\/radiorevelacionfm.cl\/wp-content\/uploads\/2021\/07\/216868985_4121188894674740_2538200710770164999_n-1-1.jpg\" alt='' title='216868985_4121188894674740_2538200710770164999_n (1) (1)' height=\"600\" width=\"800\"  itemprop=\"thumbnailUrl\" srcset=\"https:\/\/radiorevelacionfm.cl\/wp-content\/uploads\/2021\/07\/216868985_4121188894674740_2538200710770164999_n-1-1.jpg 800w, https:\/\/radiorevelacionfm.cl\/wp-content\/uploads\/2021\/07\/216868985_4121188894674740_2538200710770164999_n-1-1-300x225.jpg 300w, https:\/\/radiorevelacionfm.cl\/wp-content\/uploads\/2021\/07\/216868985_4121188894674740_2538200710770164999_n-1-1-768x576.jpg 768w, https:\/\/radiorevelacionfm.cl\/wp-content\/uploads\/2021\/07\/216868985_4121188894674740_2538200710770164999_n-1-1-705x529.jpg 705w, https:\/\/radiorevelacionfm.cl\/wp-content\/uploads\/2021\/07\/216868985_4121188894674740_2538200710770164999_n-1-1-600x450.jpg 600w\" sizes=\"(max-width: 800px) 100vw, 800px\" \/><\/div><\/div><\/div><\/div><div class=\"flex_column av_one_full  flex_column_div av-zero-column-padding first  avia-builder-el-2  el_after_av_one_full  el_before_av_one_full  column-top-margin\" style='border-radius:0px; '><section class=\"av_textblock_section \"  itemscope=\"itemscope\" itemtype=\"https:\/\/schema.org\/BlogPosting\" itemprop=\"blogPost\" ><div class='avia_textblock  '   itemprop=\"text\" ><p style=\"text-align: center;\"><strong><span style=\"font-size: 18pt;\">Invitan a ni\u00f1os y j\u00f3venes a ser parte de Campeonato de Triples y Habilidades de B\u00e1squetbol en Ays\u00e9n<\/span><\/strong><\/p>\n<div id=\"gtx-trans\" style=\"position: absolute; left: -50px; top: 4.31534px;\">\n<div class=\"gtx-trans-icon\"><\/div>\n<\/div>\n<\/div><\/section><\/div><div class=\"flex_column av_one_full  flex_column_div av-zero-column-padding first  avia-builder-el-4  el_after_av_one_full  el_before_av_hr  column-top-margin\" style='border-radius:0px; '><section class=\"av_textblock_section \"  itemscope=\"itemscope\" itemtype=\"https:\/\/schema.org\/BlogPosting\" itemprop=\"blogPost\" ><div class='avia_textblock  '   itemprop=\"text\" ><p style=\"text-align: justify;\">Desde agosto y hasta noviembre se extender\u00e1 la realizaci\u00f3n del Primer Campeonato Interescolar de Triples y Habilidades de B\u00e1squetbol 2021, organizado por la Ilustre Municipalidad de Ays\u00e9n, a trav\u00e9s del Servicio Nacional para la Prevenci\u00f3n de Consumo de Drogas y Alcohol, SENDA de forma conjunta a la Direcci\u00f3n de Educaci\u00f3n Municipal.<\/p>\n<p style=\"text-align: justify;\">De esta manera, con la presencia del jefe de gabinete, Marco Co\u00f1uecar, en representaci\u00f3n del alcalde Julio Uribe; Coordinador SENDA Previene Ays\u00e9n, Manuel Vera; Director (S) DEM, Freddy Moraga y el director de DIDECO, Mauricio Jaque, este lunes se realiz\u00f3 el lanzamiento del programa, que tiene como objetivo generar alternativas de prevenci\u00f3n ante flagelos como la droga y el alcohol, y que se traduce en este caso en la pr\u00e1ctica del deporte.<\/p>\n<p style=\"text-align: justify;\">Al respecto, hasta el d\u00eda domingo 15 de agosto se extender\u00e1 el periodo de inscripci\u00f3n para quienes quieran formar parte de este evento deportivo, que incorpora a ni\u00f1os de entre 8 a 17 a\u00f1os, divididos en cinco categor\u00edas -8 y 9; 10 y 11; 12 y 13; 14, 15 y 16; y la \u00faltima de 17 a\u00f1os-; los que deber\u00e1n formar parte de un establecimiento educacional de la comuna, y quienes pueden inscribirse a trav\u00e9s del env\u00edo del formulario en el siguiente link <a href=\"https:\/\/forms.gle\/hTSdtJU9JW9fqLuw8\">https:\/\/forms.gle\/hTSdtJU9JW9fqLuw8<\/a>.<\/p>\n<p style=\"text-align: justify;\">As\u00ed lo manifest\u00f3 el coordinador SENDA Previene Ays\u00e9n, Manuel Vera, quien extendi\u00f3 la invitaci\u00f3n a todos quienes cumplan la categor\u00eda de edad para que participen de esta primera versi\u00f3n del Campeonato de Triples y Habilidad de B\u00e1squetbol. \u201cEs sumamente positivo para nosotros porque nos permite estar confiados en que vamos a poder lograr nuestros objetivos como programa y municipio en relaci\u00f3n a las prestaciones que les damos a nuestros ni\u00f1os, ni\u00f1as y adolescentes. Y este campeonato tambi\u00e9n est\u00e1 enfocado en eso. En prevenir el consumo de alcohol y drogas, especialmente en tiempos de ocio, por lo cual esto se ampara bajo en plan nacional Elige Vivir Sin Drogas y el pilar Tiempo Libre, que permite articular redes locales comunitarias, territoriales y las redes al interior del municipio\u201d.<\/p>\n<p style=\"text-align: justify;\">Agregando que \u201chemos encontrado en el DEM un aliado, bajo el liderazgo de su director y el equipo extraescolar\u201d.<\/p>\n<p style=\"text-align: justify;\">Por su parte, el director (S) DEM, Freddy Moraga relev\u00f3 este tipo de instancias, en que la red de establecimientos educacionales municipalizados ser\u00e1 vital para impulsar y fomentar la pr\u00e1ctica del deporte, en desmedro del alcohol y las drogas.<\/p>\n<p style=\"text-align: justify;\">\u201cPara m\u00ed es grato, es un orgullo comenzar este inicio de fase 3 con una actividad como esta. Yo creo que es s\u00faper enriquecedor que estemos los diferentes equipos juntos apoyando una gesti\u00f3n para los chicos. Tengan por seguro que el departamento de educaci\u00f3n siempre va a hacer lo posible por apoyar estas instancias, como buen profesor que soy, apoyamos deporte, cultura y todo lo que sea necesario, bienvenido sea\u201d.<\/p>\n<p style=\"text-align: justify;\">Asimismo, el jefe de gabinete del municipio local, Marco Co\u00f1uecar destac\u00f3 el trabajo mancomunado entre las unidades municipales que permite generar estas importantes instancias.<\/p>\n<p style=\"text-align: justify;\">Estamos muy contentos porque como municipio tenemos el slogan que deporte es vida y creo que este tipo de actividades lo que hacen es incentivar a los ni\u00f1os y j\u00f3venes, as\u00ed que feliz por este trabajo. Agradecer a SENDA, a DEM, a DIDECO porque este es un trabajo de equipo, mientras estemos unidos vamos a ir logrando desaf\u00edo por desaf\u00edo. Motivarlos a que participen porque el juego va a comenzar, as\u00ed que a trabajar y avanzar\u201d.<\/p>\n<p style=\"text-align: justify;\">Es as\u00ed que una vez cierre el periodo de inscripci\u00f3n, los participantes se dar\u00e1n cita en dependencias del Polideportivo 21 de Abril, donde se llevar\u00e1 a efecto la fase de sorteo y planificaci\u00f3n, para posteriormente dar paso a la etapa competitiva, que se efectuar\u00e1 hasta noviembre de 2021.<\/p>\n<p style=\"text-align: justify;\">Cabe se\u00f1alar que este evento deportivo se realizar\u00e1 cumpliendo todas las normas de prevenci\u00f3n emanadas por el ministerio de Salud, a fin del \u00f3ptimo desarrollo de la actividad, y resguardar la salud y el bienestar de todos los participantes.<\/p>\n<\/div><\/section><\/div><div  style='height:50px' class='hr hr-invisible   avia-builder-el-6  el_after_av_one_full  el_before_av_social_share '><span class='hr-inner ' ><span class='hr-inner-style'><\/span><\/span><\/div><\/p>\n<div  class='av-social-sharing-box  avia-builder-el-7  el_after_av_hr  el_before_av_hr  '><div class='av-share-box'><h5 class='av-share-link-description av-no-toc '>Compartir esta noticia<\/h5><ul class='av-share-box-list noLightbox'><li class='av-share-link av-social-link-facebook' ><a target=\"_blank\" aria-label=\"Compartir en Facebook\" href='https:\/\/www.facebook.com\/sharer.php?u=https:\/\/radiorevelacionfm.cl\/?p=6681&#038;t=Invitan%20a%20ni%C3%B1os%20y%20j%C3%B3venes%20a%20ser%20parte%20de%20Campeonato%20de%20Triples%20y%20Habilidades%20de%20B%C3%A1squetbol%20en%20Ays%C3%A9n' aria-hidden='false' data-av_icon='\ue8f3' data-av_iconfont='entypo-fontello' title='' data-avia-related-tooltip='Compartir en Facebook' rel=\"noopener\"><span class='avia_hidden_link_text'>Compartir en Facebook<\/span><\/a><\/li><li class='av-share-link av-social-link-twitter' ><a target=\"_blank\" aria-label=\"Compartir en Twitter\" href='https:\/\/twitter.com\/share?text=Invitan%20a%20ni%C3%B1os%20y%20j%C3%B3venes%20a%20ser%20parte%20de%20Campeonato%20de%20Triples%20y%20Habilidades%20de%20B%C3%A1squetbol%20en%20Ays%C3%A9n&#038;url=https:\/\/radiorevelacionfm.cl\/?p=6681' aria-hidden='false' data-av_icon='\ue8f1' data-av_iconfont='entypo-fontello' title='' data-avia-related-tooltip='Compartir en Twitter' rel=\"noopener\"><span class='avia_hidden_link_text'>Compartir en Twitter<\/span><\/a><\/li><li class='av-share-link av-social-link-whatsapp' ><a target=\"_blank\" aria-label=\"Compartir en Whatsapp\" href='https:\/\/api.whatsapp.com\/send?text=https:\/\/radiorevelacionfm.cl\/?p=6681' aria-hidden='false' data-av_icon='\uf232' data-av_iconfont='entypo-fontello' title='' data-avia-related-tooltip='Compartir en Whatsapp' rel=\"noopener\"><span class='avia_hidden_link_text'>Compartir en Whatsapp<\/span><\/a><\/li><li class='av-share-link av-social-link-linkedin' ><a target=\"_blank\" aria-label=\"Compartir en LinkedIn\" href='https:\/\/linkedin.com\/shareArticle?mini=true&#038;title=Invitan%20a%20ni%C3%B1os%20y%20j%C3%B3venes%20a%20ser%20parte%20de%20Campeonato%20de%20Triples%20y%20Habilidades%20de%20B%C3%A1squetbol%20en%20Ays%C3%A9n&#038;url=https:\/\/radiorevelacionfm.cl\/?p=6681' aria-hidden='false' data-av_icon='\ue8fc' data-av_iconfont='entypo-fontello' title='' data-avia-related-tooltip='Compartir en LinkedIn' rel=\"noopener\"><span class='avia_hidden_link_text'>Compartir en LinkedIn<\/span><\/a><\/li><li class='av-share-link av-social-link-mail' ><a  aria-label=\"Compartir por correo\" href='mailto:?subject=Invitan%20a%20ni%C3%B1os%20y%20j%C3%B3venes%20a%20ser%20parte%20de%20Campeonato%20de%20Triples%20y%20Habilidades%20de%20B%C3%A1squetbol%20en%20Ays%C3%A9n&#038;body=https:\/\/radiorevelacionfm.cl\/?p=6681' aria-hidden='false' data-av_icon='\ue805' data-av_iconfont='entypo-fontello' title='' data-avia-related-tooltip='Compartir por correo'><span class='avia_hidden_link_text'>Compartir por correo<\/span><\/a><\/li><\/ul><\/div><\/div>\n<div  style='height:50px' class='hr hr-invisible   avia-builder-el-8  el_after_av_social_share  el_before_av_comments_list '><span class='hr-inner ' ><span class='hr-inner-style'><\/span><\/span><\/div>\n<div  class='av-buildercomment  av-blog-meta-html-info-disabled av-blog-meta-tag-disabled  '><\/div>\n","protected":false},"excerpt":{"rendered":"","protected":false},"author":1,"featured_media":6682,"comment_status":"open","ping_status":"open","sticky":false,"template":"","format":"standard","meta":{"footnotes":""},"categories":[40],"tags":[],"class_list":["post-6681","post","type-post","status-publish","format-standard","has-post-thumbnail","hentry","category-deportes"],"jetpack_featured_media_url":"https:\/\/radiorevelacionfm.cl\/wp-content\/uploads\/2021\/07\/216868985_4121188894674740_2538200710770164999_n-1-1.jpg","_links":{"self":[{"href":"https:\/\/radiorevelacionfm.cl\/index.php?rest_route=\/wp\/v2\/posts\/6681","targetHints":{"allow":["GET"]}}],"collection":[{"href":"https:\/\/radiorevelacionfm.cl\/index.php?rest_route=\/wp\/v2\/posts"}],"about":[{"href":"https:\/\/radiorevelacionfm.cl\/index.php?rest_route=\/wp\/v2\/types\/post"}],"author":[{"embeddable":true,"href":"https:\/\/radiorevelacionfm.cl\/index.php?rest_route=\/wp\/v2\/users\/1"}],"replies":[{"embeddable":true,"href":"https:\/\/radiorevelacionfm.cl\/index.php?rest_route=%2Fwp%2Fv2%2Fcomments&post=6681"}],"version-history":[{"count":1,"href":"https:\/\/radiorevelacionfm.cl\/index.php?rest_route=\/wp\/v2\/posts\/6681\/revisions"}],"predecessor-version":[{"id":6683,"href":"https:\/\/radiorevelacionfm.cl\/index.php?rest_route=\/wp\/v2\/posts\/6681\/revisions\/6683"}],"wp:featuredmedia":[{"embeddable":true,"href":"https:\/\/radiorevelacionfm.cl\/index.php?rest_route=\/wp\/v2\/media\/6682"}],"wp:attachment":[{"href":"https:\/\/radiorevelacionfm.cl\/index.php?rest_route=%2Fwp%2Fv2%2Fmedia&parent=6681"}],"wp:term":[{"taxonomy":"category","embeddable":true,"href":"https:\/\/radiorevelacionfm.cl\/index.php?rest_route=%2Fwp%2Fv2%2Fcategories&post=6681"},{"taxonomy":"post_tag","embeddable":true,"href":"https:\/\/radiorevelacionfm.cl\/index.php?rest_route=%2Fwp%2Fv2%2Ftags&post=6681"}],"curies":[{"name":"wp","href":"https:\/\/api.w.org\/{rel}","templated":true}]}}