{"id":66803,"date":"2026-04-30T21:13:11","date_gmt":"2026-05-01T00:13:11","guid":{"rendered":"https:\/\/radiorevelacionfm.cl\/?p=66803"},"modified":"2026-04-30T21:13:11","modified_gmt":"2026-05-01T00:13:11","slug":"indap-transfiere-recursos-en-apoyo-a-agricultores-para-enfrentar-el-alza-de-precios-en-insumos","status":"publish","type":"post","link":"https:\/\/radiorevelacionfm.cl\/?p=66803","title":{"rendered":"INDAP transfiere recursos en apoyo a agricultores para enfrentar el alza de precios en insumos"},"content":{"rendered":"<div class=\"flex_column av_one_full  flex_column_div av-zero-column-padding first  avia-builder-el-0  el_before_av_one_full  avia-builder-el-first  \" style='border-radius:0px; '><div  class='avia-image-container  av-styling-    avia-builder-el-1  avia-builder-el-no-sibling  avia-align-center '  itemprop=\"image\" itemscope=\"itemscope\" itemtype=\"https:\/\/schema.org\/ImageObject\"  ><div class='avia-image-container-inner'><div class='avia-image-overlay-wrap'><img decoding=\"async\" class='wp-image-66804 avia-img-lazy-loading-not-66804 avia_image' src=\"https:\/\/radiorevelacionfm.cl\/wp-content\/uploads\/2026\/04\/Entrega-Capital-de-Trabajo-INDAP-1-1-1.jpeg\" alt='' title='Entrega Capital de Trabajo INDAP (1) (1) (1)' height=\"620\" width=\"800\"  itemprop=\"thumbnailUrl\" srcset=\"https:\/\/radiorevelacionfm.cl\/wp-content\/uploads\/2026\/04\/Entrega-Capital-de-Trabajo-INDAP-1-1-1.jpeg 800w, https:\/\/radiorevelacionfm.cl\/wp-content\/uploads\/2026\/04\/Entrega-Capital-de-Trabajo-INDAP-1-1-1-300x233.jpeg 300w, https:\/\/radiorevelacionfm.cl\/wp-content\/uploads\/2026\/04\/Entrega-Capital-de-Trabajo-INDAP-1-1-1-768x595.jpeg 768w, https:\/\/radiorevelacionfm.cl\/wp-content\/uploads\/2026\/04\/Entrega-Capital-de-Trabajo-INDAP-1-1-1-705x546.jpeg 705w, https:\/\/radiorevelacionfm.cl\/wp-content\/uploads\/2026\/04\/Entrega-Capital-de-Trabajo-INDAP-1-1-1-450x349.jpeg 450w, https:\/\/radiorevelacionfm.cl\/wp-content\/uploads\/2026\/04\/Entrega-Capital-de-Trabajo-INDAP-1-1-1-600x465.jpeg 600w\" sizes=\"(max-width: 800px) 100vw, 800px\" \/><\/div><\/div><\/div><\/div><div class=\"flex_column av_one_full  flex_column_div av-zero-column-padding first  avia-builder-el-2  el_after_av_one_full  el_before_av_one_full  column-top-margin\" style='border-radius:0px; '><section class=\"av_textblock_section \"  itemscope=\"itemscope\" itemtype=\"https:\/\/schema.org\/BlogPosting\" itemprop=\"blogPost\" ><div class='avia_textblock  '   itemprop=\"text\" ><p style=\"text-align: center;\"><strong><span style=\"font-size: 18pt;\">INDAP transfiere recursos en apoyo a agricultores para enfrentar el alza de precios en insumos<\/span><\/strong><\/p>\n<div id=\"gtx-trans\" style=\"position: absolute; left: -50px; top: 4.31534px;\">\n<div class=\"gtx-trans-icon\"><\/div>\n<\/div>\n<\/div><\/section><\/div><div class=\"flex_column av_one_full  flex_column_div av-zero-column-padding first  avia-builder-el-4  el_after_av_one_full  el_before_av_hr  column-top-margin\" style='border-radius:0px; '><section class=\"av_textblock_section \"  itemscope=\"itemscope\" itemtype=\"https:\/\/schema.org\/BlogPosting\" itemprop=\"blogPost\" ><div class='avia_textblock  '   itemprop=\"text\" ><p style=\"text-align: justify;\"><em><strong>El incentivo Capital de Trabajo, entregado a trav\u00e9s de INDAP, est\u00e1 destinado a la compra de suministros y equipamiento b\u00e1sico para actividades silvoagropecuarias y beneficiar\u00e1 a 809 peque\u00f1os agricultores en Ays\u00e9n.<\/strong><\/em><\/p>\n<p style=\"text-align: justify;\">En medio de un escenario de alza en los precios de los insumos agr\u00edcolas, el Ministerio de Agricultura (Minagri), a trav\u00e9s del Instituto de Desarrollo Agropecuario (INDAP), anunci\u00f3 la entrega de un aporte econ\u00f3mico para agricultores y campesinos para enfrentar el incremento en los costos de producci\u00f3n, el que subi\u00f3 este a\u00f1o de $145.000 a $200.000, sumando un total de $13 mil millones a nivel nacional.<\/p>\n<p style=\"text-align: justify;\">El ministro de Agricultura, Jaime Campos, destac\u00f3 que \u201cdesde el Ministerio de Agricultura estamos trabajando junto a INDAP para apoyar a los peque\u00f1os agricultores ante el alza del precio de los insumos agropecuarios. Esta entrega de Capital de Trabajo va en la l\u00ednea de reducir ese impacto y permitir que los microproductores sigan produciendo alimentos para los chilenos, y as\u00ed aportar al desarrollo rural\u201d.<\/p>\n<p style=\"text-align: justify;\">Tal como lo explic\u00f3 el secretario de Estado, esta ayuda est\u00e1 destinada a \u201ccofinanciar la adquisici\u00f3n de insumos b\u00e1sicos para la actividad silvoagropecuaria y actividades conexas. Se podr\u00e1n financiar suministros como fertilizantes, polietileno, herramientas, cintas de riego, vacunas, insumos veterinarios, alimento animal, entre otros\u201d.<\/p>\n<p style=\"text-align: justify;\">La subdirectora (s) del INDAP, Antonella Pecchenino, se\u00f1al\u00f3: \u201chicimos un esfuerzo para aumentar el beneficio a nuestros usuarios este a\u00f1o, para que tengan algo de alivio al bolsillo. Tal como nos encarg\u00f3 el presidente Jos\u00e9 Antonio Kast, estamos trabajando con sentido de urgencia para enfrentar este escenario desafiante que tenemos, por causas externas a nuestro pa\u00eds. Nuestro compromiso es apoyar a la Agricultura Familiar Campesina y mejorar su calidad de vida\u201d.<\/p>\n<p style=\"text-align: justify;\">La entrega de Capital de Trabajo se realizar\u00e1 durante el primer semestre de 2026 y opera de tres maneras: a trav\u00e9s de abono bancario, pago en efectivo directamente al usuario o por mandato de cada usuario.<\/p>\n<p style=\"text-align: justify;\">Nuestra regi\u00f3n cuenta con 809 productores que recibir\u00e1n el Capital de Trabajo, lo que fue destacado por la Directora Regional (s), Josefina Dom\u00ednguez: \u201cNecesitamos proteger a las familias agricultoras en la temporada invernal, por lo que avanzamos r\u00e1pidamente en la entrega de productos elegidos por los propios usuarios, como coset\u00e1n, ma\u00edz, trigo, entre otros. Nos desplegamos por diferentes localidades de la regi\u00f3n para llevar a los territorios soluciones que mejoran las condiciones de vida de nuestros usuarios\u201d, indic\u00f3.<\/p>\n<p style=\"text-align: justify;\">Una de las beneficiarias fue Mar\u00eda Ram\u00edrez, presidenta de la Junta de Vecinos de Alto Ma\u00f1ihuales, quien se dedica a la cr\u00eda de aves, vacunos y ovinos, la siembra de huertos y el trabajo de la lana: \u201cSomos un lugar campesino y estos servicios que llegan al sector son cosas muy buenas porque a nosotros como peque\u00f1os productores nos cuesta mucho llegar a las oficinas, tener este beneficio y hacer el traslado, qu\u00e9 mejor que nos llegue a terreno. As\u00ed que estamos altamente agradecidos por el servicio de INDAP\u201d, valor\u00f3 la usuaria.<\/p>\n<\/div><\/section><\/div><div  style='height:50px' class='hr hr-invisible   avia-builder-el-6  el_after_av_one_full  el_before_av_social_share '><span class='hr-inner ' ><span class='hr-inner-style'><\/span><\/span><\/div><\/p>\n<div  class='av-social-sharing-box  avia-builder-el-7  el_after_av_hr  el_before_av_hr  '><div class='av-share-box'><h5 class='av-share-link-description av-no-toc '>Compartir esta noticia<\/h5><ul class='av-share-box-list noLightbox'><li class='av-share-link av-social-link-facebook' ><a target=\"_blank\" aria-label=\"Compartir en Facebook\" href='https:\/\/www.facebook.com\/sharer.php?u=https:\/\/radiorevelacionfm.cl\/?p=66803&#038;t=INDAP%20transfiere%20recursos%20en%20apoyo%20a%20agricultores%20para%20enfrentar%20el%20alza%20de%20precios%20en%20insumos' aria-hidden='false' data-av_icon='\ue8f3' data-av_iconfont='entypo-fontello' title='' data-avia-related-tooltip='Compartir en Facebook' rel=\"noopener\"><span class='avia_hidden_link_text'>Compartir en Facebook<\/span><\/a><\/li><li class='av-share-link av-social-link-twitter' ><a target=\"_blank\" aria-label=\"Compartir en Twitter\" href='https:\/\/twitter.com\/share?text=INDAP%20transfiere%20recursos%20en%20apoyo%20a%20agricultores%20para%20enfrentar%20el%20alza%20de%20precios%20en%20insumos&#038;url=https:\/\/radiorevelacionfm.cl\/?p=66803' aria-hidden='false' data-av_icon='\ue8f1' data-av_iconfont='entypo-fontello' title='' data-avia-related-tooltip='Compartir en Twitter' rel=\"noopener\"><span class='avia_hidden_link_text'>Compartir en Twitter<\/span><\/a><\/li><li class='av-share-link av-social-link-whatsapp' ><a target=\"_blank\" aria-label=\"Compartir en Whatsapp\" href='https:\/\/api.whatsapp.com\/send?text=https:\/\/radiorevelacionfm.cl\/?p=66803' aria-hidden='false' data-av_icon='\uf232' data-av_iconfont='entypo-fontello' title='' data-avia-related-tooltip='Compartir en Whatsapp' rel=\"noopener\"><span class='avia_hidden_link_text'>Compartir en Whatsapp<\/span><\/a><\/li><li class='av-share-link av-social-link-linkedin' ><a target=\"_blank\" aria-label=\"Compartir en LinkedIn\" href='https:\/\/linkedin.com\/shareArticle?mini=true&#038;title=INDAP%20transfiere%20recursos%20en%20apoyo%20a%20agricultores%20para%20enfrentar%20el%20alza%20de%20precios%20en%20insumos&#038;url=https:\/\/radiorevelacionfm.cl\/?p=66803' aria-hidden='false' data-av_icon='\ue8fc' data-av_iconfont='entypo-fontello' title='' data-avia-related-tooltip='Compartir en LinkedIn' rel=\"noopener\"><span class='avia_hidden_link_text'>Compartir en LinkedIn<\/span><\/a><\/li><li class='av-share-link av-social-link-mail' ><a  aria-label=\"Compartir por correo\" href='mailto:?subject=INDAP%20transfiere%20recursos%20en%20apoyo%20a%20agricultores%20para%20enfrentar%20el%20alza%20de%20precios%20en%20insumos&#038;body=https:\/\/radiorevelacionfm.cl\/?p=66803' aria-hidden='false' data-av_icon='\ue805' data-av_iconfont='entypo-fontello' title='' data-avia-related-tooltip='Compartir por correo'><span class='avia_hidden_link_text'>Compartir por correo<\/span><\/a><\/li><\/ul><\/div><\/div>\n<div  style='height:50px' class='hr hr-invisible   avia-builder-el-8  el_after_av_social_share  el_before_av_comments_list '><span class='hr-inner ' ><span class='hr-inner-style'><\/span><\/span><\/div>\n<div  class='av-buildercomment  av-blog-meta-html-info-disabled av-blog-meta-tag-disabled  '><\/div>\n","protected":false},"excerpt":{"rendered":"","protected":false},"author":1,"featured_media":66804,"comment_status":"closed","ping_status":"closed","sticky":false,"template":"","format":"standard","meta":{"footnotes":""},"categories":[38],"tags":[],"class_list":["post-66803","post","type-post","status-publish","format-standard","has-post-thumbnail","hentry","category-regional"],"jetpack_featured_media_url":"https:\/\/radiorevelacionfm.cl\/wp-content\/uploads\/2026\/04\/Entrega-Capital-de-Trabajo-INDAP-1-1-1.jpeg","_links":{"self":[{"href":"https:\/\/radiorevelacionfm.cl\/index.php?rest_route=\/wp\/v2\/posts\/66803","targetHints":{"allow":["GET"]}}],"collection":[{"href":"https:\/\/radiorevelacionfm.cl\/index.php?rest_route=\/wp\/v2\/posts"}],"about":[{"href":"https:\/\/radiorevelacionfm.cl\/index.php?rest_route=\/wp\/v2\/types\/post"}],"author":[{"embeddable":true,"href":"https:\/\/radiorevelacionfm.cl\/index.php?rest_route=\/wp\/v2\/users\/1"}],"replies":[{"embeddable":true,"href":"https:\/\/radiorevelacionfm.cl\/index.php?rest_route=%2Fwp%2Fv2%2Fcomments&post=66803"}],"version-history":[{"count":2,"href":"https:\/\/radiorevelacionfm.cl\/index.php?rest_route=\/wp\/v2\/posts\/66803\/revisions"}],"predecessor-version":[{"id":66806,"href":"https:\/\/radiorevelacionfm.cl\/index.php?rest_route=\/wp\/v2\/posts\/66803\/revisions\/66806"}],"wp:featuredmedia":[{"embeddable":true,"href":"https:\/\/radiorevelacionfm.cl\/index.php?rest_route=\/wp\/v2\/media\/66804"}],"wp:attachment":[{"href":"https:\/\/radiorevelacionfm.cl\/index.php?rest_route=%2Fwp%2Fv2%2Fmedia&parent=66803"}],"wp:term":[{"taxonomy":"category","embeddable":true,"href":"https:\/\/radiorevelacionfm.cl\/index.php?rest_route=%2Fwp%2Fv2%2Fcategories&post=66803"},{"taxonomy":"post_tag","embeddable":true,"href":"https:\/\/radiorevelacionfm.cl\/index.php?rest_route=%2Fwp%2Fv2%2Ftags&post=66803"}],"curies":[{"name":"wp","href":"https:\/\/api.w.org\/{rel}","templated":true}]}}