{"id":66793,"date":"2026-04-30T18:29:17","date_gmt":"2026-04-30T21:29:17","guid":{"rendered":"https:\/\/radiorevelacionfm.cl\/?p=66793"},"modified":"2026-04-30T18:29:17","modified_gmt":"2026-04-30T21:29:17","slug":"minvu-anuncia-relocalizacion-y-apoyo-tecnico-para-familias-de-bahia-murta","status":"publish","type":"post","link":"https:\/\/radiorevelacionfm.cl\/?p=66793","title":{"rendered":"Minvu anuncia relocalizaci\u00f3n y apoyo t\u00e9cnico para familias de Bah\u00eda Murta"},"content":{"rendered":"<div class=\"flex_column av_one_full  flex_column_div av-zero-column-padding first  avia-builder-el-0  el_before_av_one_full  avia-builder-el-first  \" style='border-radius:0px; '><div  class='avia-image-container  av-styling-    avia-builder-el-1  avia-builder-el-no-sibling  avia-align-center '  itemprop=\"image\" itemscope=\"itemscope\" itemtype=\"https:\/\/schema.org\/ImageObject\"  ><div class='avia-image-container-inner'><div class='avia-image-overlay-wrap'><img decoding=\"async\" class='wp-image-66794 avia-img-lazy-loading-not-66794 avia_image' src=\"https:\/\/radiorevelacionfm.cl\/wp-content\/uploads\/2026\/04\/comite-flor-de-mayo_02-1_optimized-1.jpeg\" alt='' title='comite-flor-de-mayo_02-(1)_optimized (1)' height=\"600\" width=\"800\"  itemprop=\"thumbnailUrl\" srcset=\"https:\/\/radiorevelacionfm.cl\/wp-content\/uploads\/2026\/04\/comite-flor-de-mayo_02-1_optimized-1.jpeg 800w, https:\/\/radiorevelacionfm.cl\/wp-content\/uploads\/2026\/04\/comite-flor-de-mayo_02-1_optimized-1-300x225.jpeg 300w, https:\/\/radiorevelacionfm.cl\/wp-content\/uploads\/2026\/04\/comite-flor-de-mayo_02-1_optimized-1-768x576.jpeg 768w, https:\/\/radiorevelacionfm.cl\/wp-content\/uploads\/2026\/04\/comite-flor-de-mayo_02-1_optimized-1-705x529.jpeg 705w, https:\/\/radiorevelacionfm.cl\/wp-content\/uploads\/2026\/04\/comite-flor-de-mayo_02-1_optimized-1-450x338.jpeg 450w, https:\/\/radiorevelacionfm.cl\/wp-content\/uploads\/2026\/04\/comite-flor-de-mayo_02-1_optimized-1-600x450.jpeg 600w\" sizes=\"(max-width: 800px) 100vw, 800px\" \/><\/div><\/div><\/div><\/div><div class=\"flex_column av_one_full  flex_column_div av-zero-column-padding first  avia-builder-el-2  el_after_av_one_full  el_before_av_one_full  column-top-margin\" style='border-radius:0px; '><section class=\"av_textblock_section \"  itemscope=\"itemscope\" itemtype=\"https:\/\/schema.org\/BlogPosting\" itemprop=\"blogPost\" ><div class='avia_textblock  '   itemprop=\"text\" ><p style=\"text-align: center;\"><strong><span style=\"font-size: 18pt;\">Minvu anuncia relocalizaci\u00f3n y apoyo t\u00e9cnico para familias de Bah\u00eda Murta<\/span><\/strong><\/p>\n<div id=\"gtx-trans\" style=\"position: absolute; left: -50px; top: 4.31534px;\">\n<div class=\"gtx-trans-icon\"><\/div>\n<\/div>\n<\/div><\/section><\/div><div class=\"flex_column av_one_full  flex_column_div av-zero-column-padding first  avia-builder-el-4  el_after_av_one_full  el_before_av_hr  column-top-margin\" style='border-radius:0px; '><section class=\"av_textblock_section \"  itemscope=\"itemscope\" itemtype=\"https:\/\/schema.org\/BlogPosting\" itemprop=\"blogPost\" ><div class='avia_textblock  '   itemprop=\"text\" ><p style=\"text-align: justify;\">El Seremi de Vivienda y Urbanismo de la Regi\u00f3n de Ays\u00e9n, Fabi\u00e1n Rojas, durante esta semana realiz\u00f3 una intensa jornada de trabajo en la localidad de Bah\u00eda Murta para abordar las problem\u00e1ticas habitacionales que afectan a diversos comit\u00e9s y poblaciones de la zona. Durante la visita, se anunciaron medidas cr\u00edticas respecto a la seguridad estructural de las viviendas y el inicio de nuevos proyectos habitacionales.<\/p>\n<p style=\"text-align: justify;\"><strong><span style=\"font-size: 12pt;\">Diagn\u00f3stico T\u00e9cnico para el Comit\u00e9 Flor de Mayo<\/span><\/strong><\/p>\n<p style=\"text-align: justify;\">La primera reuni\u00f3n se llev\u00f3 a cabo con la presidenta del Comit\u00e9 Flor de Mayo, Soledad Inayado, el Diputado Ren\u00e9 Alinco y el alcalde de R\u00edo Ib\u00e1\u00f1ez, Marcelo J\u00e9lvez y la concejala de la comuna Ver\u00f3nica Rojas. Este proyecto presenta una paralizaci\u00f3n de obras del a\u00f1o 2024 debido a problemas de dise\u00f1o estructural y calidad de los materiales de las viviendas, afectando a 13 familias del sector.<\/p>\n<p style=\"text-align: justify;\">Al respecto, la autoridad regional confirm\u00f3 que un equipo ministerial se desplazar\u00e1 a la zona la pr\u00f3xima semana para realizar un diagn\u00f3stico individualizado. Sobre la calidad de las obras, el Seremi fue enf\u00e1tico:<\/p>\n<p style=\"text-align: justify;\"><em>\u201cTuvo problemas de punto de vista estructural, para nosotros como Ministerio es importante que toda vivienda que se entregue en la regi\u00f3n de Ays\u00e9n cuente con las condiciones de habitabilidad, seguridad y dignidad que merecen los vecinos\u201d<\/em>.<\/p>\n<p style=\"text-align: justify;\">Adem\u00e1s, se solicitar\u00e1 la intervenci\u00f3n de la Divisi\u00f3n T\u00e9cnica (DITEC) a nivel nacional para constatar los alcances de las consultor\u00edas previas y dar certeza sobre la viabilidad del proyecto.<\/p>\n<p style=\"text-align: justify;\"><strong>Apoyo al Nuevo Comit\u00e9 R\u00edo Murta<\/strong><\/p>\n<p style=\"text-align: justify;\">La autoridad tambi\u00e9n se reuni\u00f3 con el Comit\u00e9 R\u00edo Murta, liderado por su presidenta Francisca Sobarzo, para formalizar el apoyo a este nuevo grupo habitacional. El comit\u00e9 est\u00e1 compuesto por 20 familias, entre las que se cuentan adultos mayores y personas en situaci\u00f3n de discapacidad. Este es el primer comit\u00e9 que inicia su trabajo bajo la actual gesti\u00f3n de gobierno, operando con la Municipalidad de R\u00edo Ib\u00e1\u00f1ez como entidad patrocinante.<\/p>\n<p style=\"text-align: justify;\"><em>\u201cVa<\/em> <em>a<\/em> <em>ser<\/em> <em>el<\/em> <em>primer<\/em> <em>comit\u00e9<\/em> <em>que<\/em> <em>nace<\/em> <em>y<\/em> <em>que<\/em> <em>empieza<\/em> <em>a<\/em> <em>trabajar<\/em> <em>durante<\/em> <em>esta<\/em> <em>gesti\u00f3n<\/em> <em>de<\/em> <em>gobierno <\/em><em>(&#8230;) existe el compromiso de este ministerio y de este Seremi de poder apoyarlos en su proceso de postulaci\u00f3n a la <strong>vivienda(\u2026)\u201d<\/strong><\/em><strong>.<\/strong><\/p>\n<p style=\"text-align: justify;\"><strong>Relocalizaci\u00f3n en Poblaci\u00f3n La Bah\u00eda<\/strong><\/p>\n<p style=\"text-align: justify;\">Finalmente, tras una fiscalizaci\u00f3n en terreno junto al equipo Serviu, se confirm\u00f3 la gravedad de la situaci\u00f3n en la Poblaci\u00f3n La Bah\u00eda, proyecto desarrollado originalmente en el a\u00f1o 2009. Las viviendas fueron construidas sobre un terreno mallinoso con presencia de afluentes y napas subterr\u00e1neas, lo que ha provocado un hundimiento progresivo de las estructuras.<\/p>\n<p style=\"text-align: justify;\">Ante la inviabilidad t\u00e9cnica de los terrenos actuales, se ha tomado la decisi\u00f3n de iniciar un proceso de relocalizaci\u00f3n. El Ministerio impulsar\u00e1 el desarrollo de un proyecto en un nuevo terreno para otorgar viviendas dignas a estos vecinos que llevan m\u00e1s de 10 a\u00f1os esperando una soluci\u00f3n.<\/p>\n<p style=\"text-align: justify;\"><em>\u201cHe tomado la decisi\u00f3n de que esas personas que se encuentran en situaci\u00f3n de hundimiento de sus viviendas, se impulse el desarrollo de un proyecto que permita la relocalizaci\u00f3n de ellos en un nuevo terreno y que permita tener viviendas dignas (\u2026)\u201d<\/em>.<\/p>\n<p style=\"text-align: justify;\">Esta medida busca poner fin a m\u00e1s de una d\u00e9cada de incertidumbre para los vecinos liderados por Ardi Toledo, quienes enfrentan riesgos t\u00e9cnicos debido a las condiciones del suelo en el sector.<\/p>\n<\/div><\/section><\/div><div  style='height:50px' class='hr hr-invisible   avia-builder-el-6  el_after_av_one_full  el_before_av_social_share '><span class='hr-inner ' ><span class='hr-inner-style'><\/span><\/span><\/div><\/p>\n<div  class='av-social-sharing-box  avia-builder-el-7  el_after_av_hr  el_before_av_hr  '><div class='av-share-box'><h5 class='av-share-link-description av-no-toc '>Compartir esta noticia<\/h5><ul class='av-share-box-list noLightbox'><li class='av-share-link av-social-link-facebook' ><a target=\"_blank\" aria-label=\"Compartir en Facebook\" href='https:\/\/www.facebook.com\/sharer.php?u=https:\/\/radiorevelacionfm.cl\/?p=66793&#038;t=Minvu%20anuncia%20relocalizaci%C3%B3n%20y%20apoyo%20t%C3%A9cnico%20para%20familias%20de%20Bah%C3%ADa%20Murta' aria-hidden='false' data-av_icon='\ue8f3' data-av_iconfont='entypo-fontello' title='' data-avia-related-tooltip='Compartir en Facebook' rel=\"noopener\"><span class='avia_hidden_link_text'>Compartir en Facebook<\/span><\/a><\/li><li class='av-share-link av-social-link-twitter' ><a target=\"_blank\" aria-label=\"Compartir en Twitter\" href='https:\/\/twitter.com\/share?text=Minvu%20anuncia%20relocalizaci%C3%B3n%20y%20apoyo%20t%C3%A9cnico%20para%20familias%20de%20Bah%C3%ADa%20Murta&#038;url=https:\/\/radiorevelacionfm.cl\/?p=66793' aria-hidden='false' data-av_icon='\ue8f1' data-av_iconfont='entypo-fontello' title='' data-avia-related-tooltip='Compartir en Twitter' rel=\"noopener\"><span class='avia_hidden_link_text'>Compartir en Twitter<\/span><\/a><\/li><li class='av-share-link av-social-link-whatsapp' ><a target=\"_blank\" aria-label=\"Compartir en Whatsapp\" href='https:\/\/api.whatsapp.com\/send?text=https:\/\/radiorevelacionfm.cl\/?p=66793' aria-hidden='false' data-av_icon='\uf232' data-av_iconfont='entypo-fontello' title='' data-avia-related-tooltip='Compartir en Whatsapp' rel=\"noopener\"><span class='avia_hidden_link_text'>Compartir en Whatsapp<\/span><\/a><\/li><li class='av-share-link av-social-link-linkedin' ><a target=\"_blank\" aria-label=\"Compartir en LinkedIn\" href='https:\/\/linkedin.com\/shareArticle?mini=true&#038;title=Minvu%20anuncia%20relocalizaci%C3%B3n%20y%20apoyo%20t%C3%A9cnico%20para%20familias%20de%20Bah%C3%ADa%20Murta&#038;url=https:\/\/radiorevelacionfm.cl\/?p=66793' aria-hidden='false' data-av_icon='\ue8fc' data-av_iconfont='entypo-fontello' title='' data-avia-related-tooltip='Compartir en LinkedIn' rel=\"noopener\"><span class='avia_hidden_link_text'>Compartir en LinkedIn<\/span><\/a><\/li><li class='av-share-link av-social-link-mail' ><a  aria-label=\"Compartir por correo\" href='mailto:?subject=Minvu%20anuncia%20relocalizaci%C3%B3n%20y%20apoyo%20t%C3%A9cnico%20para%20familias%20de%20Bah%C3%ADa%20Murta&#038;body=https:\/\/radiorevelacionfm.cl\/?p=66793' aria-hidden='false' data-av_icon='\ue805' data-av_iconfont='entypo-fontello' title='' data-avia-related-tooltip='Compartir por correo'><span class='avia_hidden_link_text'>Compartir por correo<\/span><\/a><\/li><\/ul><\/div><\/div>\n<div  style='height:50px' class='hr hr-invisible   avia-builder-el-8  el_after_av_social_share  el_before_av_comments_list '><span class='hr-inner ' ><span class='hr-inner-style'><\/span><\/span><\/div>\n<div  class='av-buildercomment  av-blog-meta-html-info-disabled av-blog-meta-tag-disabled  '><\/div>\n","protected":false},"excerpt":{"rendered":"","protected":false},"author":1,"featured_media":66794,"comment_status":"closed","ping_status":"closed","sticky":false,"template":"","format":"standard","meta":{"footnotes":""},"categories":[57],"tags":[],"class_list":["post-66793","post","type-post","status-publish","format-standard","has-post-thumbnail","hentry","category-vivienda"],"jetpack_featured_media_url":"https:\/\/radiorevelacionfm.cl\/wp-content\/uploads\/2026\/04\/comite-flor-de-mayo_02-1_optimized-1.jpeg","_links":{"self":[{"href":"https:\/\/radiorevelacionfm.cl\/index.php?rest_route=\/wp\/v2\/posts\/66793","targetHints":{"allow":["GET"]}}],"collection":[{"href":"https:\/\/radiorevelacionfm.cl\/index.php?rest_route=\/wp\/v2\/posts"}],"about":[{"href":"https:\/\/radiorevelacionfm.cl\/index.php?rest_route=\/wp\/v2\/types\/post"}],"author":[{"embeddable":true,"href":"https:\/\/radiorevelacionfm.cl\/index.php?rest_route=\/wp\/v2\/users\/1"}],"replies":[{"embeddable":true,"href":"https:\/\/radiorevelacionfm.cl\/index.php?rest_route=%2Fwp%2Fv2%2Fcomments&post=66793"}],"version-history":[{"count":2,"href":"https:\/\/radiorevelacionfm.cl\/index.php?rest_route=\/wp\/v2\/posts\/66793\/revisions"}],"predecessor-version":[{"id":66796,"href":"https:\/\/radiorevelacionfm.cl\/index.php?rest_route=\/wp\/v2\/posts\/66793\/revisions\/66796"}],"wp:featuredmedia":[{"embeddable":true,"href":"https:\/\/radiorevelacionfm.cl\/index.php?rest_route=\/wp\/v2\/media\/66794"}],"wp:attachment":[{"href":"https:\/\/radiorevelacionfm.cl\/index.php?rest_route=%2Fwp%2Fv2%2Fmedia&parent=66793"}],"wp:term":[{"taxonomy":"category","embeddable":true,"href":"https:\/\/radiorevelacionfm.cl\/index.php?rest_route=%2Fwp%2Fv2%2Fcategories&post=66793"},{"taxonomy":"post_tag","embeddable":true,"href":"https:\/\/radiorevelacionfm.cl\/index.php?rest_route=%2Fwp%2Fv2%2Ftags&post=66793"}],"curies":[{"name":"wp","href":"https:\/\/api.w.org\/{rel}","templated":true}]}}