{"id":66788,"date":"2026-04-30T17:45:03","date_gmt":"2026-04-30T20:45:03","guid":{"rendered":"https:\/\/radiorevelacionfm.cl\/?p=66788"},"modified":"2026-04-30T17:45:03","modified_gmt":"2026-04-30T20:45:03","slug":"municipio-de-aysen-realizo-cuenta-publica-2025-en-villa-manihuales-fortaleciendo-la-descentralizacion-comunal","status":"publish","type":"post","link":"https:\/\/radiorevelacionfm.cl\/?p=66788","title":{"rendered":"Municipio de Ays\u00e9n realiz\u00f3 Cuenta P\u00fablica 2025 en Villa Ma\u00f1ihuales, fortaleciendo la descentralizaci\u00f3n comunal"},"content":{"rendered":"<div class=\"flex_column av_one_full  flex_column_div av-zero-column-padding first  avia-builder-el-0  el_before_av_one_full  avia-builder-el-first  \" style='border-radius:0px; '><div  class='avia-image-container  av-styling-    avia-builder-el-1  avia-builder-el-no-sibling  avia-align-center '  itemprop=\"image\" itemscope=\"itemscope\" itemtype=\"https:\/\/schema.org\/ImageObject\"  ><div class='avia-image-container-inner'><div class='avia-image-overlay-wrap'><img decoding=\"async\" class='wp-image-66789 avia-img-lazy-loading-not-66789 avia_image' src=\"https:\/\/radiorevelacionfm.cl\/wp-content\/uploads\/2026\/04\/Cuenta-Publica-2025-2-1-1.jpeg\" alt='' title='Cuenta Publica 2025 2 (1) (1)' height=\"600\" width=\"898\"  itemprop=\"thumbnailUrl\" srcset=\"https:\/\/radiorevelacionfm.cl\/wp-content\/uploads\/2026\/04\/Cuenta-Publica-2025-2-1-1.jpeg 898w, https:\/\/radiorevelacionfm.cl\/wp-content\/uploads\/2026\/04\/Cuenta-Publica-2025-2-1-1-300x200.jpeg 300w, https:\/\/radiorevelacionfm.cl\/wp-content\/uploads\/2026\/04\/Cuenta-Publica-2025-2-1-1-768x513.jpeg 768w, https:\/\/radiorevelacionfm.cl\/wp-content\/uploads\/2026\/04\/Cuenta-Publica-2025-2-1-1-705x471.jpeg 705w, https:\/\/radiorevelacionfm.cl\/wp-content\/uploads\/2026\/04\/Cuenta-Publica-2025-2-1-1-450x301.jpeg 450w, https:\/\/radiorevelacionfm.cl\/wp-content\/uploads\/2026\/04\/Cuenta-Publica-2025-2-1-1-600x401.jpeg 600w\" sizes=\"(max-width: 898px) 100vw, 898px\" \/><\/div><\/div><\/div><\/div><div class=\"flex_column av_one_full  flex_column_div av-zero-column-padding first  avia-builder-el-2  el_after_av_one_full  el_before_av_one_full  column-top-margin\" style='border-radius:0px; '><section class=\"av_textblock_section \"  itemscope=\"itemscope\" itemtype=\"https:\/\/schema.org\/BlogPosting\" itemprop=\"blogPost\" ><div class='avia_textblock  '   itemprop=\"text\" ><p style=\"text-align: center;\"><strong><span style=\"font-size: 18pt;\">Municipio de Ays\u00e9n realiz\u00f3 Cuenta P\u00fablica 2025 en Villa Ma\u00f1ihuales, fortaleciendo la descentralizaci\u00f3n comunal<\/span><\/strong><\/p>\n<div id=\"gtx-trans\" style=\"position: absolute; left: -50px; top: 4.31534px;\">\n<div class=\"gtx-trans-icon\"><\/div>\n<\/div>\n<\/div><\/section><\/div><div class=\"flex_column av_one_full  flex_column_div av-zero-column-padding first  avia-builder-el-4  el_after_av_one_full  el_before_av_hr  column-top-margin\" style='border-radius:0px; '><section class=\"av_textblock_section \"  itemscope=\"itemscope\" itemtype=\"https:\/\/schema.org\/BlogPosting\" itemprop=\"blogPost\" ><div class='avia_textblock  '   itemprop=\"text\" ><p style=\"text-align: justify;\">Frente a la comunidad de Villa Ma\u00f1ihuales y en vivo para toda la comuna, este mi\u00e9rcoles la Municipalidad de Ays\u00e9n llev\u00f3 a cabo la Cuenta P\u00fablica correspondiente a la gesti\u00f3n 2025, instancia en la que se dieron a conocer los principales avances y logros del \u00faltimo a\u00f1o.<\/p>\n<p style=\"text-align: justify;\">En l\u00ednea con el objetivo de descentralizar la gesti\u00f3n municipal y bajo el lema \u201cestamos en todas partes\u201d, el equipo municipal se traslad\u00f3 hasta esta localidad para presentar, en poco m\u00e1s de una hora, los hitos m\u00e1s relevantes del per\u00edodo, dando cumplimiento a lo establecido en la Ley N\u00b0 18.695, art\u00edculo 67.<\/p>\n<p style=\"text-align: justify;\">La instancia fue valorada positivamente por la comunidad. Arturo Loaiza, vicepresidente del \u00a0Consejo de la Sociedad Civil (COSOC), se\u00f1al\u00f3 que \u201ces muy positivo haber cambiado de escenario, ya que tradicionalmente estas actividades se realizaban en Puerto Ays\u00e9n. Esta iniciativa permite acercar la gesti\u00f3n municipal a los vecinos de Villa Ma\u00f1ihuales, quienes se mostraron muy contentos y entusiasmados con esta decisi\u00f3n, que refleja que la cuenta p\u00fablica pertenece a toda la comuna\u201d.<\/p>\n<p style=\"text-align: justify;\">La actividad contempl\u00f3 la exhibici\u00f3n de un material audiovisual que resumi\u00f3 las acciones desarrolladas en \u00e1reas clave como desarrollo social y comunitario, cultura, fomento productivo, turismo y deporte, obras, seguridad p\u00fablica y tr\u00e1nsito, entre otras. En la ocasi\u00f3n, el alcalde Luis Mart\u00ednez destac\u00f3 y agradeci\u00f3 el trabajo del Honorable Concejo Municipal, los funcionarios municipales y la comunidad, reconoci\u00e9ndolos como actores fundamentales en la concreci\u00f3n de iniciativas y proyectos.<\/p>\n<p style=\"text-align: justify;\">Durante la cuenta p\u00fablica, se relev\u00f3 especialmente el trabajo realizado en Villa Ma\u00f1ihuales, destacando proyectos como la construcci\u00f3n de la multicancha Antonio Ronchi, la sede de la agrupaci\u00f3n de artesanas \u201cRa\u00edces\u201d, el cuartel de la S\u00e9ptima Compa\u00f1\u00eda de Bomberos y las 16 viviendas del proyecto CNT Nueva Vida. A ello se suman obras de conservaci\u00f3n del Liceo Ma\u00f1ihuales y de la plaza c\u00edvica, entre otras iniciativas, cuya inversi\u00f3n total en la localidad alcanza los $4.492.691.767.<\/p>\n<p style=\"text-align: justify;\">Por su parte, Roberto Garc\u00eda, presidente del Club de Rodeo Chileno de Villa Ma\u00f1ihuales, destac\u00f3 la importancia de la informaci\u00f3n entregada: \u201cEs muy importante conocer la inversi\u00f3n que se realiza en nuestra localidad, que supera los 4.500 millones de pesos en beneficio de los vecinos. Adem\u00e1s, estamos muy contentos por el anuncio de la reposici\u00f3n de la medialuna, un anhelo que ten\u00edamos desde hace mucho tiempo\u201d.<\/p>\n<p style=\"text-align: justify;\">En tanto, Jessie Rebolledo, presidenta de la Junta de Seguridad Turbio-Picaflor, expres\u00f3 su agradecimiento: \u201cEstamos muy agradecidos de la Municipalidad, del alcalde y del Concejo Municipal por los proyectos que se est\u00e1n ejecutando en Villa Ma\u00f1ihuales. Esto representa un gran avance para la comunidad y para que los dirigentes puedan seguir desarrollando sus actividades. Esperamos que las iniciativas anunciadas prontamente se concreten\u201d.<\/p>\n<p style=\"text-align: justify;\">De esta forma, el municipio reafirma su compromiso con el desarrollo equitativo del territorio, acercando la gesti\u00f3n p\u00fablica a todos los sectores de la comuna y fortaleciendo la participaci\u00f3n ciudadana.<\/p>\n<\/div><\/section><\/div><div  style='height:50px' class='hr hr-invisible   avia-builder-el-6  el_after_av_one_full  el_before_av_social_share '><span class='hr-inner ' ><span class='hr-inner-style'><\/span><\/span><\/div><\/p>\n<div  class='av-social-sharing-box  avia-builder-el-7  el_after_av_hr  el_before_av_hr  '><div class='av-share-box'><h5 class='av-share-link-description av-no-toc '>Compartir esta noticia<\/h5><ul class='av-share-box-list noLightbox'><li class='av-share-link av-social-link-facebook' ><a target=\"_blank\" aria-label=\"Compartir en Facebook\" href='https:\/\/www.facebook.com\/sharer.php?u=https:\/\/radiorevelacionfm.cl\/?p=66788&#038;t=Municipio%20de%20Ays%C3%A9n%20realiz%C3%B3%20Cuenta%20P%C3%BAblica%202025%20en%20Villa%20Ma%C3%B1ihuales%2C%20fortaleciendo%20la%20descentralizaci%C3%B3n%20comunal' aria-hidden='false' data-av_icon='\ue8f3' data-av_iconfont='entypo-fontello' title='' data-avia-related-tooltip='Compartir en Facebook' rel=\"noopener\"><span class='avia_hidden_link_text'>Compartir en Facebook<\/span><\/a><\/li><li class='av-share-link av-social-link-twitter' ><a target=\"_blank\" aria-label=\"Compartir en Twitter\" href='https:\/\/twitter.com\/share?text=Municipio%20de%20Ays%C3%A9n%20realiz%C3%B3%20Cuenta%20P%C3%BAblica%202025%20en%20Villa%20Ma%C3%B1ihuales%2C%20fortaleciendo%20la%20descentralizaci%C3%B3n%20comunal&#038;url=https:\/\/radiorevelacionfm.cl\/?p=66788' aria-hidden='false' data-av_icon='\ue8f1' data-av_iconfont='entypo-fontello' title='' data-avia-related-tooltip='Compartir en Twitter' rel=\"noopener\"><span class='avia_hidden_link_text'>Compartir en Twitter<\/span><\/a><\/li><li class='av-share-link av-social-link-whatsapp' ><a target=\"_blank\" aria-label=\"Compartir en Whatsapp\" href='https:\/\/api.whatsapp.com\/send?text=https:\/\/radiorevelacionfm.cl\/?p=66788' aria-hidden='false' data-av_icon='\uf232' data-av_iconfont='entypo-fontello' title='' data-avia-related-tooltip='Compartir en Whatsapp' rel=\"noopener\"><span class='avia_hidden_link_text'>Compartir en Whatsapp<\/span><\/a><\/li><li class='av-share-link av-social-link-linkedin' ><a target=\"_blank\" aria-label=\"Compartir en LinkedIn\" href='https:\/\/linkedin.com\/shareArticle?mini=true&#038;title=Municipio%20de%20Ays%C3%A9n%20realiz%C3%B3%20Cuenta%20P%C3%BAblica%202025%20en%20Villa%20Ma%C3%B1ihuales%2C%20fortaleciendo%20la%20descentralizaci%C3%B3n%20comunal&#038;url=https:\/\/radiorevelacionfm.cl\/?p=66788' aria-hidden='false' data-av_icon='\ue8fc' data-av_iconfont='entypo-fontello' title='' data-avia-related-tooltip='Compartir en LinkedIn' rel=\"noopener\"><span class='avia_hidden_link_text'>Compartir en LinkedIn<\/span><\/a><\/li><li class='av-share-link av-social-link-mail' ><a  aria-label=\"Compartir por correo\" href='mailto:?subject=Municipio%20de%20Ays%C3%A9n%20realiz%C3%B3%20Cuenta%20P%C3%BAblica%202025%20en%20Villa%20Ma%C3%B1ihuales%2C%20fortaleciendo%20la%20descentralizaci%C3%B3n%20comunal&#038;body=https:\/\/radiorevelacionfm.cl\/?p=66788' aria-hidden='false' data-av_icon='\ue805' data-av_iconfont='entypo-fontello' title='' data-avia-related-tooltip='Compartir por correo'><span class='avia_hidden_link_text'>Compartir por correo<\/span><\/a><\/li><\/ul><\/div><\/div>\n<div  style='height:50px' class='hr hr-invisible   avia-builder-el-8  el_after_av_social_share  el_before_av_comments_list '><span class='hr-inner ' ><span class='hr-inner-style'><\/span><\/span><\/div>\n<div  class='av-buildercomment  av-blog-meta-html-info-disabled av-blog-meta-tag-disabled  '><\/div>\n","protected":false},"excerpt":{"rendered":"","protected":false},"author":1,"featured_media":66789,"comment_status":"closed","ping_status":"closed","sticky":false,"template":"","format":"standard","meta":{"footnotes":""},"categories":[38],"tags":[],"class_list":["post-66788","post","type-post","status-publish","format-standard","has-post-thumbnail","hentry","category-regional"],"jetpack_featured_media_url":"https:\/\/radiorevelacionfm.cl\/wp-content\/uploads\/2026\/04\/Cuenta-Publica-2025-2-1-1.jpeg","_links":{"self":[{"href":"https:\/\/radiorevelacionfm.cl\/index.php?rest_route=\/wp\/v2\/posts\/66788","targetHints":{"allow":["GET"]}}],"collection":[{"href":"https:\/\/radiorevelacionfm.cl\/index.php?rest_route=\/wp\/v2\/posts"}],"about":[{"href":"https:\/\/radiorevelacionfm.cl\/index.php?rest_route=\/wp\/v2\/types\/post"}],"author":[{"embeddable":true,"href":"https:\/\/radiorevelacionfm.cl\/index.php?rest_route=\/wp\/v2\/users\/1"}],"replies":[{"embeddable":true,"href":"https:\/\/radiorevelacionfm.cl\/index.php?rest_route=%2Fwp%2Fv2%2Fcomments&post=66788"}],"version-history":[{"count":2,"href":"https:\/\/radiorevelacionfm.cl\/index.php?rest_route=\/wp\/v2\/posts\/66788\/revisions"}],"predecessor-version":[{"id":66792,"href":"https:\/\/radiorevelacionfm.cl\/index.php?rest_route=\/wp\/v2\/posts\/66788\/revisions\/66792"}],"wp:featuredmedia":[{"embeddable":true,"href":"https:\/\/radiorevelacionfm.cl\/index.php?rest_route=\/wp\/v2\/media\/66789"}],"wp:attachment":[{"href":"https:\/\/radiorevelacionfm.cl\/index.php?rest_route=%2Fwp%2Fv2%2Fmedia&parent=66788"}],"wp:term":[{"taxonomy":"category","embeddable":true,"href":"https:\/\/radiorevelacionfm.cl\/index.php?rest_route=%2Fwp%2Fv2%2Fcategories&post=66788"},{"taxonomy":"post_tag","embeddable":true,"href":"https:\/\/radiorevelacionfm.cl\/index.php?rest_route=%2Fwp%2Fv2%2Ftags&post=66788"}],"curies":[{"name":"wp","href":"https:\/\/api.w.org\/{rel}","templated":true}]}}