{"id":66784,"date":"2026-04-30T17:08:32","date_gmt":"2026-04-30T20:08:32","guid":{"rendered":"https:\/\/radiorevelacionfm.cl\/?p=66784"},"modified":"2026-04-30T17:08:32","modified_gmt":"2026-04-30T20:08:32","slug":"tribunal-ambiental-anulo-resolucion-de-calificacion-ambiental-de-proyecto-eolico-kosten-aike-en-coyhaique","status":"publish","type":"post","link":"https:\/\/radiorevelacionfm.cl\/?p=66784","title":{"rendered":"Tribunal Ambiental anul\u00f3 Resoluci\u00f3n de Calificaci\u00f3n Ambiental de \u00abProyecto E\u00f3lico Kosten Aike\u00bb en Coyhaique"},"content":{"rendered":"<div class=\"flex_column av_one_full  flex_column_div av-zero-column-padding first  avia-builder-el-0  el_before_av_one_full  avia-builder-el-first  \" style='border-radius:0px; '><div  class='avia-image-container  av-styling-    avia-builder-el-1  avia-builder-el-no-sibling  avia-align-center '  itemprop=\"image\" itemscope=\"itemscope\" itemtype=\"https:\/\/schema.org\/ImageObject\"  ><div class='avia-image-container-inner'><div class='avia-image-overlay-wrap'><img decoding=\"async\" class='wp-image-66785 avia-img-lazy-loading-not-66785 avia_image' src=\"https:\/\/radiorevelacionfm.cl\/wp-content\/uploads\/2026\/04\/r-4-5_2024-1_optimized.jpg\" alt='' title='r-4-5_2024-(1)_optimized' height=\"600\" width=\"855\"  itemprop=\"thumbnailUrl\" srcset=\"https:\/\/radiorevelacionfm.cl\/wp-content\/uploads\/2026\/04\/r-4-5_2024-1_optimized.jpg 855w, https:\/\/radiorevelacionfm.cl\/wp-content\/uploads\/2026\/04\/r-4-5_2024-1_optimized-300x211.jpg 300w, https:\/\/radiorevelacionfm.cl\/wp-content\/uploads\/2026\/04\/r-4-5_2024-1_optimized-768x539.jpg 768w, https:\/\/radiorevelacionfm.cl\/wp-content\/uploads\/2026\/04\/r-4-5_2024-1_optimized-705x495.jpg 705w, https:\/\/radiorevelacionfm.cl\/wp-content\/uploads\/2026\/04\/r-4-5_2024-1_optimized-450x316.jpg 450w, https:\/\/radiorevelacionfm.cl\/wp-content\/uploads\/2026\/04\/r-4-5_2024-1_optimized-600x421.jpg 600w\" sizes=\"(max-width: 855px) 100vw, 855px\" \/><\/div><\/div><\/div><\/div><div class=\"flex_column av_one_full  flex_column_div av-zero-column-padding first  avia-builder-el-2  el_after_av_one_full  el_before_av_one_full  column-top-margin\" style='border-radius:0px; '><section class=\"av_textblock_section \"  itemscope=\"itemscope\" itemtype=\"https:\/\/schema.org\/BlogPosting\" itemprop=\"blogPost\" ><div class='avia_textblock  '   itemprop=\"text\" ><p style=\"text-align: center;\"><strong><span style=\"font-size: 18pt;\">Tribunal Ambiental anul\u00f3 Resoluci\u00f3n de Calificaci\u00f3n Ambiental de \u00abProyecto E\u00f3lico Kosten Aike\u00bb en Coyhaique<\/span><\/strong><\/p>\n<div id=\"gtx-trans\" style=\"position: absolute; left: -50px; top: 4.31534px;\">\n<div class=\"gtx-trans-icon\"><\/div>\n<\/div>\n<\/div><\/section><\/div><div class=\"flex_column av_one_full  flex_column_div av-zero-column-padding first  avia-builder-el-4  el_after_av_one_full  el_before_av_hr  column-top-margin\" style='border-radius:0px; '><section class=\"av_textblock_section \"  itemscope=\"itemscope\" itemtype=\"https:\/\/schema.org\/BlogPosting\" itemprop=\"blogPost\" ><div class='avia_textblock  '   itemprop=\"text\" ><p style=\"text-align: justify;\">El Tribunal determin\u00f3 que el Servicio de Evaluaci\u00f3n Ambiental no logr\u00f3 descartar impactos significativos sobre la avifauna del Monumento Natural Dos Lagunas en Coyhaique.<\/p>\n<p style=\"text-align: justify;\">El\u00a0<a href=\"https:\/\/3ta.cl\/tercer-tribunal-ambiental\/conozca-al-tribunal\/\">Tercer Tribunal Ambiental<\/a>\u00a0dict\u00f3 sentencia en la causa R-4-2024 (acumulada R-5-2024), mediante la cual una persona natural y la \u201cAgrupaci\u00f3n Social y Cultural Ais\u00e9n Reserva de Vida\u201d buscaban invalidar la Resoluci\u00f3n de Calificaci\u00f3n Ambiental (RCA) del proyecto e\u00f3lico \u00abKosten Aike\u00bb, en Coyhaique. Los reclamantes hab\u00edan presentado un recurso de reclamaci\u00f3n ante el\u00a0<a href=\"http:\/\/www.sea.gob.cl\/\">Servicio de Evaluaci\u00f3n Ambiental (SEA)<\/a>, el que fue rechazado por la autoridad en la Res. Ex. N\u00ba 2023991011012.<\/p>\n<p style=\"text-align: justify;\">En la sentencia y respecto del recurso h\u00eddrico, el Tribunal concluy\u00f3 que es improbable que exista un impacto significativo a las aguas subterr\u00e1neas de la zona, \u201cdado que el proyecto no extrae, inyecta, vierte, ni interact\u00faa con el agua subterr\u00e1nea. Adem\u00e1s, dada las caracter\u00edsticas texturales del suelo, este posee un bajo a nulo potencial hidrogeol\u00f3gico\u201d, por lo tanto, rechaz\u00f3 todas las alegaciones sobre esta materia.\u00a0En referencia a la falta de consideraci\u00f3n del impacto sobre la avifauna del Monumento Nacional Dos Lagunas (MNDL), el Tribunal acogi\u00f3 la alegaci\u00f3n de la reclamante (R-5-2024), determinando que,\u00a0\u201cno se aportaron antecedentes suficientes que respalden una adecuada determinaci\u00f3n de los tramos de riesgo de la LTE [L\u00ednea de Tramado El\u00e9ctrico], lo que impide descartar impactos significativos sobre este componente y compromete la eficacia de los CAV [Compromisos Ambiental Voluntarios] propuestos\u201d. Asimismo, acogi\u00f3 lo alegado en las reclamaciones respecto de la afectaci\u00f3n a los objetos de protecci\u00f3n del MNDL.<\/p>\n<p style=\"text-align: justify;\">La sentencia tambi\u00e9n concluy\u00f3 que considerando que la calificaci\u00f3n ambiental favorable del proyecto debe quedar sin efecto a consecuencia lo se\u00f1alado anteriormente,\u00a0\u201cse vuelve innecesario un an\u00e1lisis sobre si los antecedentes incorporados en la Adenda extraordinaria constituyen o no una modificaci\u00f3n sustancial del proyecto ingresado que hiciera procedente un nuevo proceso de participaci\u00f3n ciudadana (PAC)\u201d, de manera que el Tribunal no se pronunci\u00f3 sobre esta materia.\u00a0Por lo tanto, el Tercer Tribunal Ambiental acogi\u00f3 las reclamaciones y orden\u00f3 dejar sin efecto la Res. Ex. N\u00ba 2023991011012 de la Direcci\u00f3n Ejecutiva del SEA, que rechaz\u00f3 las reclamaciones administrativas interpuestas. Y en consecuencia, queda sin efecto la calificaci\u00f3n ambiental favorable del proyecto.<\/p>\n<p style=\"text-align: justify;\"><strong>Sobre el proyecto<\/strong><\/p>\n<p style=\"text-align: justify;\">El Proyecto E\u00f3lico Kosten Aike, ubicado en Coyhaique, contempla la instalaci\u00f3n de 10 aerogeneradores con una capacidad de 36 megawatts. Ingres\u00f3 al\u00a0<a href=\"https:\/\/www.sea.gob.cl\/que-es-el-seia-0\">Sistema de Evaluaci\u00f3n de Impacto Ambiental (SEIA)<\/a>\u00a0el 17 de noviembre del a\u00f1o 2020 por medio de una Declaraci\u00f3n de Impacto Ambiental y obtuvo su aprobaci\u00f3n en junio del a\u00f1o 2021.<\/p>\n<\/div><\/section><\/div><div  style='height:50px' class='hr hr-invisible   avia-builder-el-6  el_after_av_one_full  el_before_av_social_share '><span class='hr-inner ' ><span class='hr-inner-style'><\/span><\/span><\/div><\/p>\n<div  class='av-social-sharing-box  avia-builder-el-7  el_after_av_hr  el_before_av_hr  '><div class='av-share-box'><h5 class='av-share-link-description av-no-toc '>Compartir esta noticia<\/h5><ul class='av-share-box-list noLightbox'><li class='av-share-link av-social-link-facebook' ><a target=\"_blank\" aria-label=\"Compartir en Facebook\" href='https:\/\/www.facebook.com\/sharer.php?u=https:\/\/radiorevelacionfm.cl\/?p=66784&#038;t=Tribunal%20Ambiental%20anul%C3%B3%20Resoluci%C3%B3n%20de%20Calificaci%C3%B3n%20Ambiental%20de%20%C2%ABProyecto%20E%C3%B3lico%20Kosten%20Aike%C2%BB%20en%20Coyhaique' aria-hidden='false' data-av_icon='\ue8f3' data-av_iconfont='entypo-fontello' title='' data-avia-related-tooltip='Compartir en Facebook' rel=\"noopener\"><span class='avia_hidden_link_text'>Compartir en Facebook<\/span><\/a><\/li><li class='av-share-link av-social-link-twitter' ><a target=\"_blank\" aria-label=\"Compartir en Twitter\" href='https:\/\/twitter.com\/share?text=Tribunal%20Ambiental%20anul%C3%B3%20Resoluci%C3%B3n%20de%20Calificaci%C3%B3n%20Ambiental%20de%20%C2%ABProyecto%20E%C3%B3lico%20Kosten%20Aike%C2%BB%20en%20Coyhaique&#038;url=https:\/\/radiorevelacionfm.cl\/?p=66784' aria-hidden='false' data-av_icon='\ue8f1' data-av_iconfont='entypo-fontello' title='' data-avia-related-tooltip='Compartir en Twitter' rel=\"noopener\"><span class='avia_hidden_link_text'>Compartir en Twitter<\/span><\/a><\/li><li class='av-share-link av-social-link-whatsapp' ><a target=\"_blank\" aria-label=\"Compartir en Whatsapp\" href='https:\/\/api.whatsapp.com\/send?text=https:\/\/radiorevelacionfm.cl\/?p=66784' aria-hidden='false' data-av_icon='\uf232' data-av_iconfont='entypo-fontello' title='' data-avia-related-tooltip='Compartir en Whatsapp' rel=\"noopener\"><span class='avia_hidden_link_text'>Compartir en Whatsapp<\/span><\/a><\/li><li class='av-share-link av-social-link-linkedin' ><a target=\"_blank\" aria-label=\"Compartir en LinkedIn\" href='https:\/\/linkedin.com\/shareArticle?mini=true&#038;title=Tribunal%20Ambiental%20anul%C3%B3%20Resoluci%C3%B3n%20de%20Calificaci%C3%B3n%20Ambiental%20de%20%C2%ABProyecto%20E%C3%B3lico%20Kosten%20Aike%C2%BB%20en%20Coyhaique&#038;url=https:\/\/radiorevelacionfm.cl\/?p=66784' aria-hidden='false' data-av_icon='\ue8fc' data-av_iconfont='entypo-fontello' title='' data-avia-related-tooltip='Compartir en LinkedIn' rel=\"noopener\"><span class='avia_hidden_link_text'>Compartir en LinkedIn<\/span><\/a><\/li><li class='av-share-link av-social-link-mail' ><a  aria-label=\"Compartir por correo\" href='mailto:?subject=Tribunal%20Ambiental%20anul%C3%B3%20Resoluci%C3%B3n%20de%20Calificaci%C3%B3n%20Ambiental%20de%20%C2%ABProyecto%20E%C3%B3lico%20Kosten%20Aike%C2%BB%20en%20Coyhaique&#038;body=https:\/\/radiorevelacionfm.cl\/?p=66784' aria-hidden='false' data-av_icon='\ue805' data-av_iconfont='entypo-fontello' title='' data-avia-related-tooltip='Compartir por correo'><span class='avia_hidden_link_text'>Compartir por correo<\/span><\/a><\/li><\/ul><\/div><\/div>\n<div  style='height:50px' class='hr hr-invisible   avia-builder-el-8  el_after_av_social_share  el_before_av_comments_list '><span class='hr-inner ' ><span class='hr-inner-style'><\/span><\/span><\/div>\n<div  class='av-buildercomment  av-blog-meta-html-info-disabled av-blog-meta-tag-disabled  '><\/div>\n","protected":false},"excerpt":{"rendered":"","protected":false},"author":1,"featured_media":66785,"comment_status":"closed","ping_status":"closed","sticky":false,"template":"","format":"standard","meta":{"footnotes":""},"categories":[39],"tags":[],"class_list":["post-66784","post","type-post","status-publish","format-standard","has-post-thumbnail","hentry","category-medio-ambiente"],"jetpack_featured_media_url":"https:\/\/radiorevelacionfm.cl\/wp-content\/uploads\/2026\/04\/r-4-5_2024-1_optimized.jpg","_links":{"self":[{"href":"https:\/\/radiorevelacionfm.cl\/index.php?rest_route=\/wp\/v2\/posts\/66784","targetHints":{"allow":["GET"]}}],"collection":[{"href":"https:\/\/radiorevelacionfm.cl\/index.php?rest_route=\/wp\/v2\/posts"}],"about":[{"href":"https:\/\/radiorevelacionfm.cl\/index.php?rest_route=\/wp\/v2\/types\/post"}],"author":[{"embeddable":true,"href":"https:\/\/radiorevelacionfm.cl\/index.php?rest_route=\/wp\/v2\/users\/1"}],"replies":[{"embeddable":true,"href":"https:\/\/radiorevelacionfm.cl\/index.php?rest_route=%2Fwp%2Fv2%2Fcomments&post=66784"}],"version-history":[{"count":2,"href":"https:\/\/radiorevelacionfm.cl\/index.php?rest_route=\/wp\/v2\/posts\/66784\/revisions"}],"predecessor-version":[{"id":66787,"href":"https:\/\/radiorevelacionfm.cl\/index.php?rest_route=\/wp\/v2\/posts\/66784\/revisions\/66787"}],"wp:featuredmedia":[{"embeddable":true,"href":"https:\/\/radiorevelacionfm.cl\/index.php?rest_route=\/wp\/v2\/media\/66785"}],"wp:attachment":[{"href":"https:\/\/radiorevelacionfm.cl\/index.php?rest_route=%2Fwp%2Fv2%2Fmedia&parent=66784"}],"wp:term":[{"taxonomy":"category","embeddable":true,"href":"https:\/\/radiorevelacionfm.cl\/index.php?rest_route=%2Fwp%2Fv2%2Fcategories&post=66784"},{"taxonomy":"post_tag","embeddable":true,"href":"https:\/\/radiorevelacionfm.cl\/index.php?rest_route=%2Fwp%2Fv2%2Ftags&post=66784"}],"curies":[{"name":"wp","href":"https:\/\/api.w.org\/{rel}","templated":true}]}}