{"id":66777,"date":"2026-04-30T11:58:46","date_gmt":"2026-04-30T14:58:46","guid":{"rendered":"https:\/\/radiorevelacionfm.cl\/?p=66777"},"modified":"2026-04-30T11:58:46","modified_gmt":"2026-04-30T14:58:46","slug":"presidente-kast-y-ministro-arrau-anuncian-plan-historico-por-mas-de-800-mil-millones-para-potenciar-la-carretera-austral","status":"publish","type":"post","link":"https:\/\/radiorevelacionfm.cl\/?p=66777","title":{"rendered":"Presidente Kast y Ministro Arrau anuncian plan hist\u00f3rico por m\u00e1s de $800 mil millones para potenciar la Carretera Austral"},"content":{"rendered":"<div class=\"flex_column av_one_full  flex_column_div av-zero-column-padding first  avia-builder-el-0  el_before_av_one_full  avia-builder-el-first  \" style='border-radius:0px; '><div  class='avia-image-container  av-styling-    avia-builder-el-1  avia-builder-el-no-sibling  avia-align-center '  itemprop=\"image\" itemscope=\"itemscope\" itemtype=\"https:\/\/schema.org\/ImageObject\"  ><div class='avia-image-container-inner'><div class='avia-image-overlay-wrap'><img decoding=\"async\" class='wp-image-66778 avia-img-lazy-loading-not-66778 avia_image' src=\"https:\/\/radiorevelacionfm.cl\/wp-content\/uploads\/2026\/04\/MINISTRO-2-1-1.jpg\" alt='' title='MINISTRO-2 (1) (1)' height=\"630\" width=\"806\"  itemprop=\"thumbnailUrl\" srcset=\"https:\/\/radiorevelacionfm.cl\/wp-content\/uploads\/2026\/04\/MINISTRO-2-1-1.jpg 806w, https:\/\/radiorevelacionfm.cl\/wp-content\/uploads\/2026\/04\/MINISTRO-2-1-1-300x234.jpg 300w, https:\/\/radiorevelacionfm.cl\/wp-content\/uploads\/2026\/04\/MINISTRO-2-1-1-768x600.jpg 768w, https:\/\/radiorevelacionfm.cl\/wp-content\/uploads\/2026\/04\/MINISTRO-2-1-1-705x551.jpg 705w, https:\/\/radiorevelacionfm.cl\/wp-content\/uploads\/2026\/04\/MINISTRO-2-1-1-450x352.jpg 450w, https:\/\/radiorevelacionfm.cl\/wp-content\/uploads\/2026\/04\/MINISTRO-2-1-1-600x469.jpg 600w\" sizes=\"(max-width: 806px) 100vw, 806px\" \/><\/div><\/div><\/div><\/div><div class=\"flex_column av_one_full  flex_column_div av-zero-column-padding first  avia-builder-el-2  el_after_av_one_full  el_before_av_one_full  column-top-margin\" style='border-radius:0px; '><section class=\"av_textblock_section \"  itemscope=\"itemscope\" itemtype=\"https:\/\/schema.org\/BlogPosting\" itemprop=\"blogPost\" ><div class='avia_textblock  '   itemprop=\"text\" ><p style=\"text-align: center;\"><strong><span style=\"font-size: 18pt;\">Presidente Kast y Ministro Arrau anuncian plan hist\u00f3rico por m\u00e1s de $800 mil millones para potenciar la Carretera Austral<\/span><\/strong><\/p>\n<div id=\"gtx-trans\" style=\"position: absolute; left: -50px; top: 4.31534px;\">\n<div class=\"gtx-trans-icon\"><\/div>\n<\/div>\n<\/div><\/section><\/div><div class=\"flex_column av_one_full  flex_column_div av-zero-column-padding first  avia-builder-el-4  el_after_av_one_full  el_before_av_hr  column-top-margin\" style='border-radius:0px; '><section class=\"av_textblock_section \"  itemscope=\"itemscope\" itemtype=\"https:\/\/schema.org\/BlogPosting\" itemprop=\"blogPost\" ><div class='avia_textblock  '   itemprop=\"text\" ><ul>\n<li style=\"text-align: justify;\"><em>La iniciativa del Ministerio de Obras P\u00fablicas contempla un plan inversor 5 veces superior al promedio hist\u00f3rico y considera la intervenci\u00f3n de un total de 244 km, desde el l\u00edmite regional hasta el Lago Juncal, mediante obras de conectividad vial, mar\u00edtima y lacustre.<\/em><\/li>\n<\/ul>\n<ul style=\"text-align: justify;\">\n<li><em>Se trata de un conjunto de obras largamente anheladas que buscan potenciar, no s\u00f3lo la conectividad, la integraci\u00f3n territorial y la soberan\u00eda, adem\u00e1s reactivar la econom\u00eda, el desarrollo regional y el turismo.<\/em><\/li>\n<\/ul>\n<p style=\"text-align: justify;\"><em>\u00a0<\/em>El Presidente de la Rep\u00fablica, Jos\u00e9 Antonio Kast, se traslad\u00f3 hasta la Regi\u00f3n de Ays\u00e9n para dar a conocer el \u201cPlan Ruta Austral: Soberan\u00eda que conecta\u201d, un in\u00e9dito programa de inversi\u00f3n especial en la red austral, que ejecutar\u00e1 el Ministerio de Obras P\u00fablicas en el per\u00edodo 2026-2030 y que tiene como eje la ejecuci\u00f3n de una inversi\u00f3n hist\u00f3rica en la Ruta 7, conocida mundialmente como Carretera Austral.<\/p>\n<p style=\"text-align: justify;\">\u201cEstamos muy contentos de hacer este gran anuncio ac\u00e1 en esta regi\u00f3n y con nuestro gobierno en terreno, porque este plan es una pol\u00edtica de Estado, sabemos que la conectividad cambia la vida, tanto la conectividad terrestre, como la conectividad lacustre y la conectividad digital, es un cambio radical en la calidad de vida de las personas, sobre todo en las zonas m\u00e1s extremas y m\u00e1s aisladas\u201d, se\u00f1al\u00f3 el Mandatario durante la presentaci\u00f3n del plan en el edificio del Gobierno Regional en Coyhaique.<\/p>\n<p style=\"text-align: justify;\">Al respecto, el ministro de Obras P\u00fablicas, Mart\u00edn Arrau, quien estuvo a cargo de la presentaci\u00f3n del plan, destac\u00f3 que: \u201cHoy el presidente Jos\u00e9 Antonio Kast\u00a0 realiz\u00f3 un anuncio hist\u00f3rico de inversiones, que contempla cinco veces m\u00e1s, en promedio, que lo que se ha invertido en las \u00faltimas d\u00e9cadas, ser\u00e1n cerca de 800 mil millones de pesos, en proyectos concretos que ponen el foco en la soberan\u00eda nacional\u201d.<\/p>\n<p style=\"text-align: justify;\">El secretario de Estado, explic\u00f3 que: \u201cNo vemos, desde mi punto de vista, un esfuerzo del Estado de esta magnitud desde hace 50 a\u00f1os, cuando se inici\u00f3 la Carretera Austral, donde hubo una voluntad de conectar al pa\u00eds. En esos a\u00f1os fallecieron 40 soldados construyendo esta ruta. Eso con el tiempo fue perdiendo energ\u00eda, prioridad y lo que hacemos hoy es demostrar que es posible tener proyectos nacionales que conectan a Chile, que unen a las personas y que ejercen soberan\u00eda en todo nuestro territorio nacional\u201d.<\/p>\n<p style=\"text-align: justify;\">\u201cLa Ruta 7 no es solo un camino. Es una decisi\u00f3n de Estado para unir Chile donde la geograf\u00eda hist\u00f3ricamente lo ha hecho dif\u00edcil. Cada kil\u00f3metro que avanzamos en la Carretera Austral significa m\u00e1s soberan\u00eda, m\u00e1s oportunidades, m\u00e1s turismo, m\u00e1s trabajo y mejor calidad de vida para quienes viven en Ays\u00e9n. La presencia del Estado no se declara: se construye con caminos, puentes, barcazas y obras concretas. Con este plan queremos retomar esa gran misi\u00f3n del MOP: conectar Chile de norte a sur y demostrar que ning\u00fan chileno debe sentirse lejos del desarrollo del pa\u00eds\u201d, agreg\u00f3 el ministro Arrau.<\/p>\n<p style=\"text-align: justify;\">El \u201cPlan Ruta Austral: Soberan\u00eda que conecta\u201d, es un plan integral de conectividad que contempla una inversi\u00f3n total cercana a los 800 mil millones de pesos. Con ello la inversi\u00f3n promedio anual en la ruta pasar\u00e1 de $24.353 millones entre 2026 y 2025, a $139.902 millones entre 2026 y 2030.<\/p>\n<p style=\"text-align: justify;\">De la inversi\u00f3n total, $758.858 millones corresponden al MOP y $44.940 millones al Gobierno Regional a trav\u00e9s del FNDR.<\/p>\n<p style=\"text-align: justify;\">Entre las obras a desarrollar destacan la intervenci\u00f3n de 244 km desde el l\u00edmite regional hasta el Lago Juncal, en total 23 proyectos integrados: 20 iniciativas viales (pavimentos en ejecuci\u00f3n y por ejecutar, caminos b\u00e1sicos y 2 puentes) y 3 proyectos mar\u00edtimos y lacustres.<\/p>\n<p style=\"text-align: justify;\">En relaci\u00f3n a la cartera de pavimentos por ejecutar, contempla 9 tramos de la Ruta, que suman 100,7 km, sumados a los 49,7 km de pavimentos en ejecuci\u00f3n, configuran un programa de pavimentaci\u00f3n definitiva de 150,4 km dentro del per\u00edodo.<\/p>\n<p style=\"text-align: justify;\">Adicionalmente, se proyecta el reinicio de la construcci\u00f3n de los nuevos puentes Palena y Rosselot, la ampliaci\u00f3n de la infraestructura portuaria de Puerto Yungay, as\u00ed como la construcci\u00f3n de dos nuevas barcazas, una para el Lago General Carrera y otra, para el Lago O\u00b4Higgins.<\/p>\n<p style=\"text-align: justify;\">La Carretera Austral se extiende por aproximadamente 1.058 km desde Puerto Montt hasta Villa O\u2019Higgins. Desde 1995, a trav\u00e9s de distintos Convenios de Programaci\u00f3n MOP &#8211; GORE Ays\u00e9n\u00a0 se ha ejecutado 614,5 km (58%), quedando 443,5 km por pavimentar.<\/p>\n<p style=\"text-align: justify;\">En diciembre de 2024, la ruta fue declarada Ruta de Belleza Esc\u00e9nica y reconocida como puerta de entrada a la Ruta de los Parques de la Patagonia.<\/p>\n<\/div><\/section><\/div><div  style='height:50px' class='hr hr-invisible   avia-builder-el-6  el_after_av_one_full  el_before_av_social_share '><span class='hr-inner ' ><span class='hr-inner-style'><\/span><\/span><\/div><\/p>\n<div  class='av-social-sharing-box  avia-builder-el-7  el_after_av_hr  el_before_av_hr  '><div class='av-share-box'><h5 class='av-share-link-description av-no-toc '>Compartir esta noticia<\/h5><ul class='av-share-box-list noLightbox'><li class='av-share-link av-social-link-facebook' ><a target=\"_blank\" aria-label=\"Compartir en Facebook\" href='https:\/\/www.facebook.com\/sharer.php?u=https:\/\/radiorevelacionfm.cl\/?p=66777&#038;t=Presidente%20Kast%20y%20Ministro%20Arrau%20anuncian%20plan%20hist%C3%B3rico%20por%20m%C3%A1s%20de%20%24800%20mil%20millones%20para%20potenciar%20la%20Carretera%20Austral' aria-hidden='false' data-av_icon='\ue8f3' data-av_iconfont='entypo-fontello' title='' data-avia-related-tooltip='Compartir en Facebook' rel=\"noopener\"><span class='avia_hidden_link_text'>Compartir en Facebook<\/span><\/a><\/li><li class='av-share-link av-social-link-twitter' ><a target=\"_blank\" aria-label=\"Compartir en Twitter\" href='https:\/\/twitter.com\/share?text=Presidente%20Kast%20y%20Ministro%20Arrau%20anuncian%20plan%20hist%C3%B3rico%20por%20m%C3%A1s%20de%20%24800%20mil%20millones%20para%20potenciar%20la%20Carretera%20Austral&#038;url=https:\/\/radiorevelacionfm.cl\/?p=66777' aria-hidden='false' data-av_icon='\ue8f1' data-av_iconfont='entypo-fontello' title='' data-avia-related-tooltip='Compartir en Twitter' rel=\"noopener\"><span class='avia_hidden_link_text'>Compartir en Twitter<\/span><\/a><\/li><li class='av-share-link av-social-link-whatsapp' ><a target=\"_blank\" aria-label=\"Compartir en Whatsapp\" href='https:\/\/api.whatsapp.com\/send?text=https:\/\/radiorevelacionfm.cl\/?p=66777' aria-hidden='false' data-av_icon='\uf232' data-av_iconfont='entypo-fontello' title='' data-avia-related-tooltip='Compartir en Whatsapp' rel=\"noopener\"><span class='avia_hidden_link_text'>Compartir en Whatsapp<\/span><\/a><\/li><li class='av-share-link av-social-link-linkedin' ><a target=\"_blank\" aria-label=\"Compartir en LinkedIn\" href='https:\/\/linkedin.com\/shareArticle?mini=true&#038;title=Presidente%20Kast%20y%20Ministro%20Arrau%20anuncian%20plan%20hist%C3%B3rico%20por%20m%C3%A1s%20de%20%24800%20mil%20millones%20para%20potenciar%20la%20Carretera%20Austral&#038;url=https:\/\/radiorevelacionfm.cl\/?p=66777' aria-hidden='false' data-av_icon='\ue8fc' data-av_iconfont='entypo-fontello' title='' data-avia-related-tooltip='Compartir en LinkedIn' rel=\"noopener\"><span class='avia_hidden_link_text'>Compartir en LinkedIn<\/span><\/a><\/li><li class='av-share-link av-social-link-mail' ><a  aria-label=\"Compartir por correo\" href='mailto:?subject=Presidente%20Kast%20y%20Ministro%20Arrau%20anuncian%20plan%20hist%C3%B3rico%20por%20m%C3%A1s%20de%20%24800%20mil%20millones%20para%20potenciar%20la%20Carretera%20Austral&#038;body=https:\/\/radiorevelacionfm.cl\/?p=66777' aria-hidden='false' data-av_icon='\ue805' data-av_iconfont='entypo-fontello' title='' data-avia-related-tooltip='Compartir por correo'><span class='avia_hidden_link_text'>Compartir por correo<\/span><\/a><\/li><\/ul><\/div><\/div>\n<div  style='height:50px' class='hr hr-invisible   avia-builder-el-8  el_after_av_social_share  el_before_av_comments_list '><span class='hr-inner ' ><span class='hr-inner-style'><\/span><\/span><\/div>\n<div  class='av-buildercomment  av-blog-meta-html-info-disabled av-blog-meta-tag-disabled  '><\/div>\n","protected":false},"excerpt":{"rendered":"","protected":false},"author":1,"featured_media":66778,"comment_status":"closed","ping_status":"closed","sticky":false,"template":"","format":"standard","meta":{"footnotes":""},"categories":[38],"tags":[],"class_list":["post-66777","post","type-post","status-publish","format-standard","has-post-thumbnail","hentry","category-regional"],"jetpack_featured_media_url":"https:\/\/radiorevelacionfm.cl\/wp-content\/uploads\/2026\/04\/MINISTRO-2-1-1.jpg","_links":{"self":[{"href":"https:\/\/radiorevelacionfm.cl\/index.php?rest_route=\/wp\/v2\/posts\/66777","targetHints":{"allow":["GET"]}}],"collection":[{"href":"https:\/\/radiorevelacionfm.cl\/index.php?rest_route=\/wp\/v2\/posts"}],"about":[{"href":"https:\/\/radiorevelacionfm.cl\/index.php?rest_route=\/wp\/v2\/types\/post"}],"author":[{"embeddable":true,"href":"https:\/\/radiorevelacionfm.cl\/index.php?rest_route=\/wp\/v2\/users\/1"}],"replies":[{"embeddable":true,"href":"https:\/\/radiorevelacionfm.cl\/index.php?rest_route=%2Fwp%2Fv2%2Fcomments&post=66777"}],"version-history":[{"count":2,"href":"https:\/\/radiorevelacionfm.cl\/index.php?rest_route=\/wp\/v2\/posts\/66777\/revisions"}],"predecessor-version":[{"id":66780,"href":"https:\/\/radiorevelacionfm.cl\/index.php?rest_route=\/wp\/v2\/posts\/66777\/revisions\/66780"}],"wp:featuredmedia":[{"embeddable":true,"href":"https:\/\/radiorevelacionfm.cl\/index.php?rest_route=\/wp\/v2\/media\/66778"}],"wp:attachment":[{"href":"https:\/\/radiorevelacionfm.cl\/index.php?rest_route=%2Fwp%2Fv2%2Fmedia&parent=66777"}],"wp:term":[{"taxonomy":"category","embeddable":true,"href":"https:\/\/radiorevelacionfm.cl\/index.php?rest_route=%2Fwp%2Fv2%2Fcategories&post=66777"},{"taxonomy":"post_tag","embeddable":true,"href":"https:\/\/radiorevelacionfm.cl\/index.php?rest_route=%2Fwp%2Fv2%2Ftags&post=66777"}],"curies":[{"name":"wp","href":"https:\/\/api.w.org\/{rel}","templated":true}]}}