{"id":66773,"date":"2026-04-30T11:46:30","date_gmt":"2026-04-30T14:46:30","guid":{"rendered":"https:\/\/radiorevelacionfm.cl\/?p=66773"},"modified":"2026-04-30T11:46:30","modified_gmt":"2026-04-30T14:46:30","slug":"compania-andina-divisionaria-n20-cochrane-ejecuta-entrenamiento-en-glaciar-calluqueo-para-fortalecer-capacidades-operacionales","status":"publish","type":"post","link":"https:\/\/radiorevelacionfm.cl\/?p=66773","title":{"rendered":"Compa\u00f1\u00eda Andina Divisionaria N\u00b020 \u201cCochrane\u201d ejecuta entrenamiento en Glaciar Calluqueo para fortalecer capacidades operacionales"},"content":{"rendered":"<div class=\"flex_column av_one_full  flex_column_div av-zero-column-padding first  avia-builder-el-0  el_before_av_one_full  avia-builder-el-first  \" style='border-radius:0px; '><div  class='avia-image-container  av-styling-    avia-builder-el-1  avia-builder-el-no-sibling  avia-align-center '  itemprop=\"image\" itemscope=\"itemscope\" itemtype=\"https:\/\/schema.org\/ImageObject\"  ><div class='avia-image-container-inner'><div class='avia-image-overlay-wrap'><img decoding=\"async\" class='wp-image-66774 avia-img-lazy-loading-not-66774 avia_image' src=\"https:\/\/radiorevelacionfm.cl\/wp-content\/uploads\/2026\/04\/1000362095-1-1.jpg\" alt='' title='1000362095 (1) (1)' height=\"600\" width=\"800\"  itemprop=\"thumbnailUrl\" srcset=\"https:\/\/radiorevelacionfm.cl\/wp-content\/uploads\/2026\/04\/1000362095-1-1.jpg 800w, https:\/\/radiorevelacionfm.cl\/wp-content\/uploads\/2026\/04\/1000362095-1-1-300x225.jpg 300w, https:\/\/radiorevelacionfm.cl\/wp-content\/uploads\/2026\/04\/1000362095-1-1-768x576.jpg 768w, https:\/\/radiorevelacionfm.cl\/wp-content\/uploads\/2026\/04\/1000362095-1-1-705x529.jpg 705w, https:\/\/radiorevelacionfm.cl\/wp-content\/uploads\/2026\/04\/1000362095-1-1-450x338.jpg 450w, https:\/\/radiorevelacionfm.cl\/wp-content\/uploads\/2026\/04\/1000362095-1-1-600x450.jpg 600w\" sizes=\"(max-width: 800px) 100vw, 800px\" \/><\/div><\/div><\/div><\/div><div class=\"flex_column av_one_full  flex_column_div av-zero-column-padding first  avia-builder-el-2  el_after_av_one_full  el_before_av_one_full  column-top-margin\" style='border-radius:0px; '><section class=\"av_textblock_section \"  itemscope=\"itemscope\" itemtype=\"https:\/\/schema.org\/BlogPosting\" itemprop=\"blogPost\" ><div class='avia_textblock  '   itemprop=\"text\" ><p style=\"text-align: center;\"><strong><span style=\"font-size: 18pt;\">Compa\u00f1\u00eda Andina Divisionaria N\u00b020 \u201cCochrane\u201d ejecuta entrenamiento en Glaciar Calluqueo para fortalecer capacidades operacionales<\/span><\/strong><\/p>\n<div id=\"gtx-trans\" style=\"position: absolute; left: -50px; top: 4.31534px;\">\n<div class=\"gtx-trans-icon\"><\/div>\n<\/div>\n<\/div><\/section><\/div><div class=\"flex_column av_one_full  flex_column_div av-zero-column-padding first  avia-builder-el-4  el_after_av_one_full  el_before_av_hr  column-top-margin\" style='border-radius:0px; '><section class=\"av_textblock_section \"  itemscope=\"itemscope\" itemtype=\"https:\/\/schema.org\/BlogPosting\" itemprop=\"blogPost\" ><div class='avia_textblock  '   itemprop=\"text\" ><p style=\"text-align: justify;\">En el marco del fortalecimiento de sus capacidades en ambientes de monta\u00f1a, la 2da Secci\u00f3n Andina de la Compa\u00f1\u00eda Andina Divisionaria N\u00b020 \u201cCochrane\u201d desarroll\u00f3 un entrenamiento t\u00e9cnico en escenario de hielo en la zona general del Glaciar Calluqueo, durante el per\u00edodo comprendido entre el 21 y el 26 de abril.<\/p>\n<p style=\"text-align: justify;\">La instrucci\u00f3n tuvo como objetivo acrecentar las competencias del personal en t\u00e9cnicas de desplazamiento en glaciar, auto rescate, encordamiento, escalada y traves\u00eda en hielo, habilidades fundamentales para el cumplimiento de misiones en zonas extremas propias del \u00e1rea de responsabilidad en la Regi\u00f3n de Ays\u00e9n.<\/p>\n<p style=\"text-align: justify;\">Durante la actividad, los integrantes de la secci\u00f3n aplicaron procedimientos espec\u00edficos de progresi\u00f3n en terreno glaciar, as\u00ed como t\u00e9cnicas de seguridad orientadas a la prevenci\u00f3n de accidentes y respuesta ante situaciones de emergencia, permitiendo consolidar conocimientos y destrezas en condiciones reales.<\/p>\n<p style=\"text-align: justify;\">Este tipo de entrenamiento permite mantener un alto nivel de alistamiento operacional, asegurando que el personal cuente con las capacidades necesarias para desenvolverse eficazmente en escenarios de alta monta\u00f1a, caracterizados por condiciones clim\u00e1ticas adversas y geograf\u00eda compleja.<\/p>\n<p style=\"text-align: justify;\">Con estas acciones, la Compa\u00f1\u00eda Andina Divisionaria N\u00b020 \u201cCochrane\u201d reafirma su compromiso con la preparaci\u00f3n permanente de sus efectivos, contribuyendo al cumplimiento de las tareas asignadas por la Instituci\u00f3n en beneficio del pa\u00eds.<\/p>\n<\/div><\/section><\/div><div  style='height:50px' class='hr hr-invisible   avia-builder-el-6  el_after_av_one_full  el_before_av_social_share '><span class='hr-inner ' ><span class='hr-inner-style'><\/span><\/span><\/div><\/p>\n<div  class='av-social-sharing-box  avia-builder-el-7  el_after_av_hr  el_before_av_hr  '><div class='av-share-box'><h5 class='av-share-link-description av-no-toc '>Compartir esta noticia<\/h5><ul class='av-share-box-list noLightbox'><li class='av-share-link av-social-link-facebook' ><a target=\"_blank\" aria-label=\"Compartir en Facebook\" href='https:\/\/www.facebook.com\/sharer.php?u=https:\/\/radiorevelacionfm.cl\/?p=66773&#038;t=Compa%C3%B1%C3%ADa%20Andina%20Divisionaria%20N%C2%B020%20%E2%80%9CCochrane%E2%80%9D%20ejecuta%20entrenamiento%20en%20Glaciar%20Calluqueo%20para%20fortalecer%20capacidades%20operacionales' aria-hidden='false' data-av_icon='\ue8f3' data-av_iconfont='entypo-fontello' title='' data-avia-related-tooltip='Compartir en Facebook' rel=\"noopener\"><span class='avia_hidden_link_text'>Compartir en Facebook<\/span><\/a><\/li><li class='av-share-link av-social-link-twitter' ><a target=\"_blank\" aria-label=\"Compartir en Twitter\" href='https:\/\/twitter.com\/share?text=Compa%C3%B1%C3%ADa%20Andina%20Divisionaria%20N%C2%B020%20%E2%80%9CCochrane%E2%80%9D%20ejecuta%20entrenamiento%20en%20Glaciar%20Calluqueo%20para%20fortalecer%20capacidades%20operacionales&#038;url=https:\/\/radiorevelacionfm.cl\/?p=66773' aria-hidden='false' data-av_icon='\ue8f1' data-av_iconfont='entypo-fontello' title='' data-avia-related-tooltip='Compartir en Twitter' rel=\"noopener\"><span class='avia_hidden_link_text'>Compartir en Twitter<\/span><\/a><\/li><li class='av-share-link av-social-link-whatsapp' ><a target=\"_blank\" aria-label=\"Compartir en Whatsapp\" href='https:\/\/api.whatsapp.com\/send?text=https:\/\/radiorevelacionfm.cl\/?p=66773' aria-hidden='false' data-av_icon='\uf232' data-av_iconfont='entypo-fontello' title='' data-avia-related-tooltip='Compartir en Whatsapp' rel=\"noopener\"><span class='avia_hidden_link_text'>Compartir en Whatsapp<\/span><\/a><\/li><li class='av-share-link av-social-link-linkedin' ><a target=\"_blank\" aria-label=\"Compartir en LinkedIn\" href='https:\/\/linkedin.com\/shareArticle?mini=true&#038;title=Compa%C3%B1%C3%ADa%20Andina%20Divisionaria%20N%C2%B020%20%E2%80%9CCochrane%E2%80%9D%20ejecuta%20entrenamiento%20en%20Glaciar%20Calluqueo%20para%20fortalecer%20capacidades%20operacionales&#038;url=https:\/\/radiorevelacionfm.cl\/?p=66773' aria-hidden='false' data-av_icon='\ue8fc' data-av_iconfont='entypo-fontello' title='' data-avia-related-tooltip='Compartir en LinkedIn' rel=\"noopener\"><span class='avia_hidden_link_text'>Compartir en LinkedIn<\/span><\/a><\/li><li class='av-share-link av-social-link-mail' ><a  aria-label=\"Compartir por correo\" href='mailto:?subject=Compa%C3%B1%C3%ADa%20Andina%20Divisionaria%20N%C2%B020%20%E2%80%9CCochrane%E2%80%9D%20ejecuta%20entrenamiento%20en%20Glaciar%20Calluqueo%20para%20fortalecer%20capacidades%20operacionales&#038;body=https:\/\/radiorevelacionfm.cl\/?p=66773' aria-hidden='false' data-av_icon='\ue805' data-av_iconfont='entypo-fontello' title='' data-avia-related-tooltip='Compartir por correo'><span class='avia_hidden_link_text'>Compartir por correo<\/span><\/a><\/li><\/ul><\/div><\/div>\n<div  style='height:50px' class='hr hr-invisible   avia-builder-el-8  el_after_av_social_share  el_before_av_comments_list '><span class='hr-inner ' ><span class='hr-inner-style'><\/span><\/span><\/div>\n<div  class='av-buildercomment  av-blog-meta-html-info-disabled av-blog-meta-tag-disabled  '><\/div>\n","protected":false},"excerpt":{"rendered":"","protected":false},"author":1,"featured_media":66774,"comment_status":"closed","ping_status":"closed","sticky":false,"template":"","format":"standard","meta":{"footnotes":""},"categories":[38],"tags":[],"class_list":["post-66773","post","type-post","status-publish","format-standard","has-post-thumbnail","hentry","category-regional"],"jetpack_featured_media_url":"https:\/\/radiorevelacionfm.cl\/wp-content\/uploads\/2026\/04\/1000362095-1-1.jpg","_links":{"self":[{"href":"https:\/\/radiorevelacionfm.cl\/index.php?rest_route=\/wp\/v2\/posts\/66773","targetHints":{"allow":["GET"]}}],"collection":[{"href":"https:\/\/radiorevelacionfm.cl\/index.php?rest_route=\/wp\/v2\/posts"}],"about":[{"href":"https:\/\/radiorevelacionfm.cl\/index.php?rest_route=\/wp\/v2\/types\/post"}],"author":[{"embeddable":true,"href":"https:\/\/radiorevelacionfm.cl\/index.php?rest_route=\/wp\/v2\/users\/1"}],"replies":[{"embeddable":true,"href":"https:\/\/radiorevelacionfm.cl\/index.php?rest_route=%2Fwp%2Fv2%2Fcomments&post=66773"}],"version-history":[{"count":2,"href":"https:\/\/radiorevelacionfm.cl\/index.php?rest_route=\/wp\/v2\/posts\/66773\/revisions"}],"predecessor-version":[{"id":66776,"href":"https:\/\/radiorevelacionfm.cl\/index.php?rest_route=\/wp\/v2\/posts\/66773\/revisions\/66776"}],"wp:featuredmedia":[{"embeddable":true,"href":"https:\/\/radiorevelacionfm.cl\/index.php?rest_route=\/wp\/v2\/media\/66774"}],"wp:attachment":[{"href":"https:\/\/radiorevelacionfm.cl\/index.php?rest_route=%2Fwp%2Fv2%2Fmedia&parent=66773"}],"wp:term":[{"taxonomy":"category","embeddable":true,"href":"https:\/\/radiorevelacionfm.cl\/index.php?rest_route=%2Fwp%2Fv2%2Fcategories&post=66773"},{"taxonomy":"post_tag","embeddable":true,"href":"https:\/\/radiorevelacionfm.cl\/index.php?rest_route=%2Fwp%2Fv2%2Ftags&post=66773"}],"curies":[{"name":"wp","href":"https:\/\/api.w.org\/{rel}","templated":true}]}}