{"id":6677,"date":"2021-07-27T11:22:52","date_gmt":"2021-07-27T14:22:52","guid":{"rendered":"https:\/\/radiorevelacionfm.cl\/?p=6677"},"modified":"2021-07-27T11:28:39","modified_gmt":"2021-07-27T14:28:39","slug":"dirigencia-regional-de-la-dc-se-pronuncia-ante-despidos-masivos-en-la-municipalidad-de-chile-chico","status":"publish","type":"post","link":"https:\/\/radiorevelacionfm.cl\/?p=6677","title":{"rendered":"Dirigencia regional de la DC se pronuncia ante despidos masivos en la Municipalidad de Chile Chico"},"content":{"rendered":"<div class=\"flex_column av_one_full  flex_column_div av-zero-column-padding first  avia-builder-el-0  el_before_av_one_full  avia-builder-el-first  \" style='border-radius:0px; '><div  class='avia-image-container  av-styling-    avia-builder-el-1  avia-builder-el-no-sibling  avia-align-center '  itemprop=\"image\" itemscope=\"itemscope\" itemtype=\"https:\/\/schema.org\/ImageObject\"  ><div class='avia-image-container-inner'><div class='avia-image-overlay-wrap'><img decoding=\"async\" class='wp-image-5924 avia-img-lazy-loading-not-5924 avia_image' src=\"https:\/\/radiorevelacionfm.cl\/wp-content\/uploads\/2021\/07\/municipalidad-chile-chico_optimized.jpg\" alt='' title='municipalidad-chile-chico_optimized' height=\"602\" width=\"1079\"  itemprop=\"thumbnailUrl\" srcset=\"https:\/\/radiorevelacionfm.cl\/wp-content\/uploads\/2021\/07\/municipalidad-chile-chico_optimized.jpg 1079w, https:\/\/radiorevelacionfm.cl\/wp-content\/uploads\/2021\/07\/municipalidad-chile-chico_optimized-300x167.jpg 300w, https:\/\/radiorevelacionfm.cl\/wp-content\/uploads\/2021\/07\/municipalidad-chile-chico_optimized-1030x575.jpg 1030w, https:\/\/radiorevelacionfm.cl\/wp-content\/uploads\/2021\/07\/municipalidad-chile-chico_optimized-768x428.jpg 768w, https:\/\/radiorevelacionfm.cl\/wp-content\/uploads\/2021\/07\/municipalidad-chile-chico_optimized-705x393.jpg 705w, https:\/\/radiorevelacionfm.cl\/wp-content\/uploads\/2021\/07\/municipalidad-chile-chico_optimized-600x335.jpg 600w\" sizes=\"(max-width: 1079px) 100vw, 1079px\" \/><\/div><\/div><\/div><\/div><div class=\"flex_column av_one_full  flex_column_div av-zero-column-padding first  avia-builder-el-2  el_after_av_one_full  el_before_av_one_full  column-top-margin\" style='border-radius:0px; '><section class=\"av_textblock_section \"  itemscope=\"itemscope\" itemtype=\"https:\/\/schema.org\/BlogPosting\" itemprop=\"blogPost\" ><div class='avia_textblock  '   itemprop=\"text\" ><p style=\"text-align: center;\"><strong><span style=\"font-size: 18pt;\">Dirigencia regional de la DC se pronuncia ante despidos masivos en la Municipalidad de Chile Chico<\/span><\/strong><\/p>\n<div id=\"gtx-trans\" style=\"position: absolute; left: -50px; top: 4.31534px;\">\n<div class=\"gtx-trans-icon\"><\/div>\n<\/div>\n<\/div><\/section><\/div><\/p>\n<div class=\"flex_column av_one_full  flex_column_div av-zero-column-padding first  avia-builder-el-4  el_after_av_one_full  el_before_av_hr  column-top-margin\" style='border-radius:0px; '><section class=\"av_textblock_section \"  itemscope=\"itemscope\" itemtype=\"https:\/\/schema.org\/BlogPosting\" itemprop=\"blogPost\" ><div class='avia_textblock  '   itemprop=\"text\" ><p style=\"text-align: justify;\">Es impresentable que el alcalde Luperciano Mu\u00f1oz, haya sido capaz de despedir sin justificaci\u00f3n alguna a m\u00e1s de 150 personas, entre ellas: mujeres jefas de hogar, adultos mayores, personas en situaci\u00f3n de discapacidad \u00a0y en tratamiento por c\u00e1ncer.<\/p>\n<p style=\"text-align: justify;\">En referencia a los despidos masivos en el Municipio de Chile Chico, la Vicepresidenta del Partido Dem\u00f3crata Cristiano, y ex Seremi del Trabajo, Rossana Valderas Almonacid, critic\u00f3 duramente, tanto el accionar como la respuesta del actual Alcalde Luperciano Mu\u00f1oz, ante los m\u00e1s de 150 despidos producidos en el Municipio de Chile Chico.<\/p>\n<p style=\"text-align: justify;\">Respecto a la problem\u00e1tica que hoy afecta a la comuna, Valderas Almonacid declar\u00f3: \u201dNos encontramos ante una situaci\u00f3n que ha sido repetitiva en el accionar del Alcalde Mu\u00f1oz, quien, durante a\u00f1os, se dio el lujo de rechazar Programas Sociales de Gobierno, dirigidos a sectores vulnerables, porque ten\u00eda diferencias personales con determinados Seremis, perjudicando con esto a la ciudadan\u00eda beneficiaria de estos programas, como a quienes eran contratados para ejecutarlos, financiados por los ministerios\u201d.<\/p>\n<p style=\"text-align: justify;\">Referente a lo que implica este gran n\u00famero de despidos, Alejandra Aguilar, Concejala por la Comuna de Coyhaique y Dirigente Dem\u00f3crata Cristiana, indic\u00f3: \u201cEs doloroso ver c\u00f3mo, despu\u00e9s de los llamados hechos por distintos sectores, solicitando al Alcalde Mu\u00f1oz recapacitar en su decisi\u00f3n, no haya sido capaz de escuchar, y anteponga sus propios intereses y represalias pol\u00edticas, sin realizar un an\u00e1lisis exhaustivo de la situaci\u00f3n, ni darse el tiempo de conocer el caso a caso. Esto no es s\u00f3lo un tema pol\u00edtico, es un tema social, de humanidad, de ponerse la mano en el coraz\u00f3n antes de actuar. Vemos en este acto, vulneraci\u00f3n de derechos fundamentales, dentro de ellos, el derecho al trabajo que tienen todas las personas. Hemos visto como, sin meditar, se ha despedido a jefas de hogar, a personas mayores, personas en situaci\u00f3n de discapacidad, hasta llegar al despido de una trabajadora que hoy se encuentra en tratamiento por c\u00e1ncer, vulnerando con esto la protecci\u00f3n que se mandata en\u00a0 la Ley Nacional del C\u00e1ncer\u201d.<\/p>\n<p style=\"text-align: justify;\">En relaci\u00f3n a la situaci\u00f3n que hoy viven las trabajadoras desvinculadas del Municipio, la Vicepresidenta de la Mujer del PDC, Mar\u00eda Teresa Palma, se\u00f1al\u00f3 que: \u201cen este per\u00edodo de pandemia, las mujeres jefas de hogar han adoptado m\u00faltiples roles como trabajadoras, due\u00f1as de casa, madres que apoyan y acompa\u00f1an a sus hijos, quienes se encuentran en modalidad de clases on line, adem\u00e1s de cuidar de los adultos mayores. El grado de estr\u00e9s que esto genera, sumado al quedar sin fuente laboral, afecta en lo m\u00e1s profundo del seno familiar. Por lo mismo, empatizamos con el sentir de todas estas mujeres luchadoras, y pedimos al alcalde revise sus casos, para ser reintegradas a sus trabajos en el Municipio\u201c.<\/p>\n<p style=\"text-align: justify;\">Respecto a las declaraciones del Edil, quien culpa de estos despidos al ex Alcalde, Ricardo Ibarra, la dirigente Rossana Valderas, enfatiz\u00f3: \u201cEs de total injusticia el lenguaje que utiliza el actual Alcalde, parece haber olvidado que cuando asumi\u00f3 Ricardo Ibarra, se produjo el cierre total de faenas de la Minera Cerro Bayo, en una comunidad que se encontraba terriblemente golpeada emocionalmente por el fallecimiento de dos trabajadores mientras desarrollaban sus labores en la citada minera. Ante ese hecho, hubo que hacer enormes esfuerzos desde todos los sectores, tanto privados como p\u00fablicos para ir en apoyo de la comunidad, varios de los cuales fueron centralizados en el Municipio, como organismo ejecutor de obras y programas de reconversi\u00f3n y absorci\u00f3n de la mano de obra que depend\u00eda de la Miner\u00eda, para nuevamente ser asolados desde el a\u00f1o pasado por esta terrible pandemia que ha impedido retomar las actividades econ\u00f3micas de la comuna y toda la regi\u00f3n. Estos despidos se producen en el peor momento econ\u00f3mico y laboral de la comuna y del pa\u00eds.\u201d<\/p>\n<p style=\"text-align: justify;\">Finalmente, las dirigentes concluyeron que en los tiempos que vivimos, resulta impresentable ante la ciudadan\u00eda que los servicios p\u00fablicos, dentro de ellos los municipios, se conviertan en el bot\u00edn de guerra de quien asume, lo que ha convertido al estado en un centro de empleo para quien se encuentre en el poder. Estamos en un momento hist\u00f3rico, en el cual la ciudadan\u00eda se encuentra mucho m\u00e1s informada respecto del accionar de nuestras autoridades, por lo que este tipo de conductas, no son pasadas por alto. El momento de cambiar y escuchar a las personas es ahora.<\/p>\n<\/div><\/section><\/div>\n<div  style='height:50px' class='hr hr-invisible   avia-builder-el-6  el_after_av_one_full  el_before_av_social_share '><span class='hr-inner ' ><span class='hr-inner-style'><\/span><\/span><\/div>\n<div  class='av-social-sharing-box  avia-builder-el-7  el_after_av_hr  el_before_av_hr  '><div class='av-share-box'><h5 class='av-share-link-description av-no-toc '>Compartir esta noticia<\/h5><ul class='av-share-box-list noLightbox'><li class='av-share-link av-social-link-facebook' ><a target=\"_blank\" aria-label=\"Compartir en Facebook\" href='https:\/\/www.facebook.com\/sharer.php?u=https:\/\/radiorevelacionfm.cl\/?p=6677&#038;t=Dirigencia%20regional%20de%20la%20DC%20se%20pronuncia%20ante%20despidos%20masivos%20en%20la%20Municipalidad%20de%20Chile%20Chico' aria-hidden='false' data-av_icon='\ue8f3' data-av_iconfont='entypo-fontello' title='' data-avia-related-tooltip='Compartir en Facebook' rel=\"noopener\"><span class='avia_hidden_link_text'>Compartir en Facebook<\/span><\/a><\/li><li class='av-share-link av-social-link-twitter' ><a target=\"_blank\" aria-label=\"Compartir en Twitter\" href='https:\/\/twitter.com\/share?text=Dirigencia%20regional%20de%20la%20DC%20se%20pronuncia%20ante%20despidos%20masivos%20en%20la%20Municipalidad%20de%20Chile%20Chico&#038;url=https:\/\/radiorevelacionfm.cl\/?p=6677' aria-hidden='false' data-av_icon='\ue8f1' data-av_iconfont='entypo-fontello' title='' data-avia-related-tooltip='Compartir en Twitter' rel=\"noopener\"><span class='avia_hidden_link_text'>Compartir en Twitter<\/span><\/a><\/li><li class='av-share-link av-social-link-whatsapp' ><a target=\"_blank\" aria-label=\"Compartir en Whatsapp\" href='https:\/\/api.whatsapp.com\/send?text=https:\/\/radiorevelacionfm.cl\/?p=6677' aria-hidden='false' data-av_icon='\uf232' data-av_iconfont='entypo-fontello' title='' data-avia-related-tooltip='Compartir en Whatsapp' rel=\"noopener\"><span class='avia_hidden_link_text'>Compartir en Whatsapp<\/span><\/a><\/li><li class='av-share-link av-social-link-linkedin' ><a target=\"_blank\" aria-label=\"Compartir en LinkedIn\" href='https:\/\/linkedin.com\/shareArticle?mini=true&#038;title=Dirigencia%20regional%20de%20la%20DC%20se%20pronuncia%20ante%20despidos%20masivos%20en%20la%20Municipalidad%20de%20Chile%20Chico&#038;url=https:\/\/radiorevelacionfm.cl\/?p=6677' aria-hidden='false' data-av_icon='\ue8fc' data-av_iconfont='entypo-fontello' title='' data-avia-related-tooltip='Compartir en LinkedIn' rel=\"noopener\"><span class='avia_hidden_link_text'>Compartir en LinkedIn<\/span><\/a><\/li><li class='av-share-link av-social-link-mail' ><a  aria-label=\"Compartir por correo\" href='mailto:?subject=Dirigencia%20regional%20de%20la%20DC%20se%20pronuncia%20ante%20despidos%20masivos%20en%20la%20Municipalidad%20de%20Chile%20Chico&#038;body=https:\/\/radiorevelacionfm.cl\/?p=6677' aria-hidden='false' data-av_icon='\ue805' data-av_iconfont='entypo-fontello' title='' data-avia-related-tooltip='Compartir por correo'><span class='avia_hidden_link_text'>Compartir por correo<\/span><\/a><\/li><\/ul><\/div><\/div>\n<div  style='height:50px' class='hr hr-invisible   avia-builder-el-8  el_after_av_social_share  el_before_av_comments_list '><span class='hr-inner ' ><span class='hr-inner-style'><\/span><\/span><\/div>\n<div  class='av-buildercomment  av-blog-meta-html-info-disabled av-blog-meta-tag-disabled  '><\/div>\n","protected":false},"excerpt":{"rendered":"","protected":false},"author":1,"featured_media":5924,"comment_status":"open","ping_status":"open","sticky":false,"template":"","format":"standard","meta":{"footnotes":""},"categories":[35],"tags":[],"class_list":["post-6677","post","type-post","status-publish","format-standard","has-post-thumbnail","hentry","category-politica"],"jetpack_featured_media_url":"https:\/\/radiorevelacionfm.cl\/wp-content\/uploads\/2021\/07\/municipalidad-chile-chico_optimized.jpg","_links":{"self":[{"href":"https:\/\/radiorevelacionfm.cl\/index.php?rest_route=\/wp\/v2\/posts\/6677","targetHints":{"allow":["GET"]}}],"collection":[{"href":"https:\/\/radiorevelacionfm.cl\/index.php?rest_route=\/wp\/v2\/posts"}],"about":[{"href":"https:\/\/radiorevelacionfm.cl\/index.php?rest_route=\/wp\/v2\/types\/post"}],"author":[{"embeddable":true,"href":"https:\/\/radiorevelacionfm.cl\/index.php?rest_route=\/wp\/v2\/users\/1"}],"replies":[{"embeddable":true,"href":"https:\/\/radiorevelacionfm.cl\/index.php?rest_route=%2Fwp%2Fv2%2Fcomments&post=6677"}],"version-history":[{"count":3,"href":"https:\/\/radiorevelacionfm.cl\/index.php?rest_route=\/wp\/v2\/posts\/6677\/revisions"}],"predecessor-version":[{"id":6690,"href":"https:\/\/radiorevelacionfm.cl\/index.php?rest_route=\/wp\/v2\/posts\/6677\/revisions\/6690"}],"wp:featuredmedia":[{"embeddable":true,"href":"https:\/\/radiorevelacionfm.cl\/index.php?rest_route=\/wp\/v2\/media\/5924"}],"wp:attachment":[{"href":"https:\/\/radiorevelacionfm.cl\/index.php?rest_route=%2Fwp%2Fv2%2Fmedia&parent=6677"}],"wp:term":[{"taxonomy":"category","embeddable":true,"href":"https:\/\/radiorevelacionfm.cl\/index.php?rest_route=%2Fwp%2Fv2%2Fcategories&post=6677"},{"taxonomy":"post_tag","embeddable":true,"href":"https:\/\/radiorevelacionfm.cl\/index.php?rest_route=%2Fwp%2Fv2%2Ftags&post=6677"}],"curies":[{"name":"wp","href":"https:\/\/api.w.org\/{rel}","templated":true}]}}