{"id":66765,"date":"2026-04-30T15:37:36","date_gmt":"2026-04-30T18:37:36","guid":{"rendered":"https:\/\/radiorevelacionfm.cl\/?p=66765"},"modified":"2026-04-30T15:37:36","modified_gmt":"2026-04-30T18:37:36","slug":"salud-promueve-vacunacion-en-todo-el-territorio-de-aysen","status":"publish","type":"post","link":"https:\/\/radiorevelacionfm.cl\/?p=66765","title":{"rendered":"Salud promueve vacunaci\u00f3n en todo el territorio de Ays\u00e9n"},"content":{"rendered":"<div class=\"flex_column av_one_full  flex_column_div av-zero-column-padding first  avia-builder-el-0  el_before_av_one_full  avia-builder-el-first  \" style='border-radius:0px; '><div  class='avia-image-container  av-styling-    avia-builder-el-1  avia-builder-el-no-sibling  avia-align-center '  itemprop=\"image\" itemscope=\"itemscope\" itemtype=\"https:\/\/schema.org\/ImageObject\"  ><div class='avia-image-container-inner'><div class='avia-image-overlay-wrap'><img decoding=\"async\" class='wp-image-66766 avia-img-lazy-loading-not-66766 avia_image' src=\"https:\/\/radiorevelacionfm.cl\/wp-content\/uploads\/2026\/04\/vacunas-murta-1-1-1.jpg\" alt='' title='vacunas murta 1 (1) (1)' height=\"725\" width=\"801\"  itemprop=\"thumbnailUrl\" srcset=\"https:\/\/radiorevelacionfm.cl\/wp-content\/uploads\/2026\/04\/vacunas-murta-1-1-1.jpg 801w, https:\/\/radiorevelacionfm.cl\/wp-content\/uploads\/2026\/04\/vacunas-murta-1-1-1-300x272.jpg 300w, https:\/\/radiorevelacionfm.cl\/wp-content\/uploads\/2026\/04\/vacunas-murta-1-1-1-768x695.jpg 768w, https:\/\/radiorevelacionfm.cl\/wp-content\/uploads\/2026\/04\/vacunas-murta-1-1-1-705x638.jpg 705w, https:\/\/radiorevelacionfm.cl\/wp-content\/uploads\/2026\/04\/vacunas-murta-1-1-1-450x407.jpg 450w, https:\/\/radiorevelacionfm.cl\/wp-content\/uploads\/2026\/04\/vacunas-murta-1-1-1-600x543.jpg 600w\" sizes=\"(max-width: 801px) 100vw, 801px\" \/><\/div><\/div><\/div><\/div><div class=\"flex_column av_one_full  flex_column_div av-zero-column-padding first  avia-builder-el-2  el_after_av_one_full  el_before_av_one_full  column-top-margin\" style='border-radius:0px; '><section class=\"av_textblock_section \"  itemscope=\"itemscope\" itemtype=\"https:\/\/schema.org\/BlogPosting\" itemprop=\"blogPost\" ><div class='avia_textblock  '   itemprop=\"text\" ><p style=\"text-align: center;\"><strong><span style=\"font-size: 18pt;\">Salud promueve vacunaci\u00f3n en todo el territorio de Ays\u00e9n<\/span><\/strong><\/p>\n<div id=\"gtx-trans\" style=\"position: absolute; left: -50px; top: 4.31534px;\">\n<div class=\"gtx-trans-icon\"><\/div>\n<\/div>\n<\/div><\/section><\/div><div class=\"flex_column av_one_full  flex_column_div av-zero-column-padding first  avia-builder-el-4  el_after_av_one_full  el_before_av_hr  column-top-margin\" style='border-radius:0px; '><section class=\"av_textblock_section \"  itemscope=\"itemscope\" itemtype=\"https:\/\/schema.org\/BlogPosting\" itemprop=\"blogPost\" ><div class='avia_textblock  '   itemprop=\"text\" ><ul>\n<li style=\"text-align: justify;\"><em>A nivel regional, existe un avance del 57,2% de vacunaci\u00f3n contra la Influenza. Mientras que en inmunizaci\u00f3n en lactantes se alcanza una cobertura del 88% en protecci\u00f3n contra el Virus Respiratorio Sincicial.<\/em><\/li>\n<\/ul>\n<p style=\"text-align: justify;\">Inserto dentro de la 24\u00aa Semana de la Vacunaci\u00f3n de las Am\u00e9ricas que promueve la Organizaci\u00f3n Mundial de la Salud (OMS) y la Organizaci\u00f3n Panamericana de Salud (OPS), a nivel regional se han desarrollado distintas acciones para fortalecer especialmente los procesos de vacunaci\u00f3n e inmunizaci\u00f3n de la poblaci\u00f3n frente a las enfermedades respiratorias, con puntos de vacunaci\u00f3n extramuros en distintos sectores de Ays\u00e9n.<\/p>\n<p style=\"text-align: justify;\">Trabajo en terreno que esta semana se tradujo en un recorrido de la Autoridad Sanitaria por la zona sur de la regi\u00f3n, visitando las localidades de Puerto Tranquilo y Bah\u00eda Murta, donde junto con visitar los puntos de vacunaci\u00f3n, reforz\u00f3 la importancia de esta campa\u00f1a sanitaria. \u201cEstamos en un contexto bien importante, en toda Am\u00e9rica se est\u00e1 celebrando la vacunaci\u00f3n. Una iniciativa que la lidera la Organizaci\u00f3n Panamericana de la Salud, la cual permite que todos trabajemos al un\u00edsono, coordinados, de manera constante, en mantener a nuestra comunidad, a nuestra regi\u00f3n, protegidos con la vacunaci\u00f3n. Y ac\u00e1, en Murta, estamos llamando a la comunidad a que se acerque a los puntos de vacunaci\u00f3n, tenemos una meta donde que tenemos que avanzar, que son con los mayores de 60 a\u00f1os. Nosotros tenemos que vacunar a 54.000 personas ac\u00e1 en nuestra querida Patagonia y estamos ah\u00ed bordeando casi el 60% de esta cifra, hemos avanzado, pero el objetivo es llegar a cerca del 80-85%\u201d.<\/p>\n<p style=\"text-align: justify;\">En Bah\u00eda Murta, Ver\u00f3nica C\u00e1rdenas, pobladora de la localidad que accedi\u00f3 a la vacunaci\u00f3n, hizo un llamado a la poblaci\u00f3n mayor a participar de esta campa\u00f1a para estar protegidos en la \u00e9poca invernal. \u201cBueno, que no tengan temor con la vacuna porque es una cosa muy \u00fatil para los organismos de uno, porque si se resfr\u00eda, no ser\u00e1 al extremo, ser\u00e1 un resfr\u00edo poquito suave. Yo le dir\u00eda a todos los ancianitos, como yo, que no dejen de vacunarse, que se vacunen porque es una cosa muy \u00fatil, y no le tengan miedo al pinchazo porque no duele\u201d.<\/p>\n<p style=\"text-align: justify;\">Finalmente, el delegado Presidencial Provincial de General Carrera, Jorge Abello Moll, tambi\u00e9n invit\u00f3 a la poblaci\u00f3n a sumarse a esta campa\u00f1a de salud. \u201cQuiero dar un mensaje para que la poblaci\u00f3n, especialmente al adulto mayor, para que no olvide que estamos en el proceso de vacunaci\u00f3n. Se nos viene el invierno, aprovechemos antes de que las condiciones clim\u00e1ticas y la aparici\u00f3n de alg\u00fan virus nos pueda afectar. Vayamos a los centros de vacunaci\u00f3n, sean las postas, los CEFAM y los hospitales, vacunarse nos hace bien. Yo ya estoy vacunado de influencia y del COVID\u201d.<\/p>\n<p style=\"text-align: justify;\"><strong>Puntos de Vacunaci\u00f3n Extramuros<\/strong><\/p>\n<p style=\"text-align: justify;\">Coyhaique<\/p>\n<ul style=\"text-align: justify;\">\n<li><strong>Mutual de Seguridad<\/strong>, calle Eusebio Lillo N\u00b020, martes y jueves (17:30 \u2013 19:30hrs.)<\/li>\n<li><strong>Supermercado Hiperpatag\u00f3nico,<\/strong> calle Victoria N\u00b0786, jueves 30 abril (09:30-12:00 \/ 14:15-16:00hrs.)<\/li>\n<li><strong>Supermercado Unimarc<\/strong>, calle Lautaro N\u00b0331, jueves 30 abril (16:00-18:00hrs.)<\/li>\n<li><strong>Gimnasio Esc. Rep\u00fablica Argentina<\/strong>, viernes 01 mayo (12:00 \u2013 14:00hrs.)<\/li>\n<li><strong>Supermercado San Jos\u00e9<\/strong>, calle Tucapel Jim\u00e9nez N\u00b046, s\u00e1bado 02 de mayo (14:00-17:00hrs.)<\/li>\n<\/ul>\n<p style=\"text-align: justify;\">Puerto Ays\u00e9n<\/p>\n<ul style=\"text-align: justify;\">\n<li><strong>Edelays\u00e9n<\/strong>, calle Serrano Montaner N\u00b0538, jueves 30 abril (10:00-12:30hrs.)<\/li>\n<li><strong>Supermercado Unimarc<\/strong>, calle Carrera N\u00b01500, s\u00e1bado 02 mayo (10:00-13:30hrs.)<\/li>\n<\/ul>\n<\/div><\/section><\/div><div  style='height:50px' class='hr hr-invisible   avia-builder-el-6  el_after_av_one_full  el_before_av_social_share '><span class='hr-inner ' ><span class='hr-inner-style'><\/span><\/span><\/div><\/p>\n<div  class='av-social-sharing-box  avia-builder-el-7  el_after_av_hr  el_before_av_hr  '><div class='av-share-box'><h5 class='av-share-link-description av-no-toc '>Compartir esta noticia<\/h5><ul class='av-share-box-list noLightbox'><li class='av-share-link av-social-link-facebook' ><a target=\"_blank\" aria-label=\"Compartir en Facebook\" href='https:\/\/www.facebook.com\/sharer.php?u=https:\/\/radiorevelacionfm.cl\/?p=66765&#038;t=Salud%20promueve%20vacunaci%C3%B3n%20en%20todo%20el%20territorio%20de%20Ays%C3%A9n' aria-hidden='false' data-av_icon='\ue8f3' data-av_iconfont='entypo-fontello' title='' data-avia-related-tooltip='Compartir en Facebook' rel=\"noopener\"><span class='avia_hidden_link_text'>Compartir en Facebook<\/span><\/a><\/li><li class='av-share-link av-social-link-twitter' ><a target=\"_blank\" aria-label=\"Compartir en Twitter\" href='https:\/\/twitter.com\/share?text=Salud%20promueve%20vacunaci%C3%B3n%20en%20todo%20el%20territorio%20de%20Ays%C3%A9n&#038;url=https:\/\/radiorevelacionfm.cl\/?p=66765' aria-hidden='false' data-av_icon='\ue8f1' data-av_iconfont='entypo-fontello' title='' data-avia-related-tooltip='Compartir en Twitter' rel=\"noopener\"><span class='avia_hidden_link_text'>Compartir en Twitter<\/span><\/a><\/li><li class='av-share-link av-social-link-whatsapp' ><a target=\"_blank\" aria-label=\"Compartir en Whatsapp\" href='https:\/\/api.whatsapp.com\/send?text=https:\/\/radiorevelacionfm.cl\/?p=66765' aria-hidden='false' data-av_icon='\uf232' data-av_iconfont='entypo-fontello' title='' data-avia-related-tooltip='Compartir en Whatsapp' rel=\"noopener\"><span class='avia_hidden_link_text'>Compartir en Whatsapp<\/span><\/a><\/li><li class='av-share-link av-social-link-linkedin' ><a target=\"_blank\" aria-label=\"Compartir en LinkedIn\" href='https:\/\/linkedin.com\/shareArticle?mini=true&#038;title=Salud%20promueve%20vacunaci%C3%B3n%20en%20todo%20el%20territorio%20de%20Ays%C3%A9n&#038;url=https:\/\/radiorevelacionfm.cl\/?p=66765' aria-hidden='false' data-av_icon='\ue8fc' data-av_iconfont='entypo-fontello' title='' data-avia-related-tooltip='Compartir en LinkedIn' rel=\"noopener\"><span class='avia_hidden_link_text'>Compartir en LinkedIn<\/span><\/a><\/li><li class='av-share-link av-social-link-mail' ><a  aria-label=\"Compartir por correo\" href='mailto:?subject=Salud%20promueve%20vacunaci%C3%B3n%20en%20todo%20el%20territorio%20de%20Ays%C3%A9n&#038;body=https:\/\/radiorevelacionfm.cl\/?p=66765' aria-hidden='false' data-av_icon='\ue805' data-av_iconfont='entypo-fontello' title='' data-avia-related-tooltip='Compartir por correo'><span class='avia_hidden_link_text'>Compartir por correo<\/span><\/a><\/li><\/ul><\/div><\/div>\n<div  style='height:50px' class='hr hr-invisible   avia-builder-el-8  el_after_av_social_share  el_before_av_comments_list '><span class='hr-inner ' ><span class='hr-inner-style'><\/span><\/span><\/div>\n<div  class='av-buildercomment  av-blog-meta-html-info-disabled av-blog-meta-tag-disabled  '><\/div>\n","protected":false},"excerpt":{"rendered":"","protected":false},"author":1,"featured_media":66766,"comment_status":"closed","ping_status":"closed","sticky":false,"template":"","format":"standard","meta":{"footnotes":""},"categories":[46],"tags":[],"class_list":["post-66765","post","type-post","status-publish","format-standard","has-post-thumbnail","hentry","category-salud"],"jetpack_featured_media_url":"https:\/\/radiorevelacionfm.cl\/wp-content\/uploads\/2026\/04\/vacunas-murta-1-1-1.jpg","_links":{"self":[{"href":"https:\/\/radiorevelacionfm.cl\/index.php?rest_route=\/wp\/v2\/posts\/66765","targetHints":{"allow":["GET"]}}],"collection":[{"href":"https:\/\/radiorevelacionfm.cl\/index.php?rest_route=\/wp\/v2\/posts"}],"about":[{"href":"https:\/\/radiorevelacionfm.cl\/index.php?rest_route=\/wp\/v2\/types\/post"}],"author":[{"embeddable":true,"href":"https:\/\/radiorevelacionfm.cl\/index.php?rest_route=\/wp\/v2\/users\/1"}],"replies":[{"embeddable":true,"href":"https:\/\/radiorevelacionfm.cl\/index.php?rest_route=%2Fwp%2Fv2%2Fcomments&post=66765"}],"version-history":[{"count":2,"href":"https:\/\/radiorevelacionfm.cl\/index.php?rest_route=\/wp\/v2\/posts\/66765\/revisions"}],"predecessor-version":[{"id":66781,"href":"https:\/\/radiorevelacionfm.cl\/index.php?rest_route=\/wp\/v2\/posts\/66765\/revisions\/66781"}],"wp:featuredmedia":[{"embeddable":true,"href":"https:\/\/radiorevelacionfm.cl\/index.php?rest_route=\/wp\/v2\/media\/66766"}],"wp:attachment":[{"href":"https:\/\/radiorevelacionfm.cl\/index.php?rest_route=%2Fwp%2Fv2%2Fmedia&parent=66765"}],"wp:term":[{"taxonomy":"category","embeddable":true,"href":"https:\/\/radiorevelacionfm.cl\/index.php?rest_route=%2Fwp%2Fv2%2Fcategories&post=66765"},{"taxonomy":"post_tag","embeddable":true,"href":"https:\/\/radiorevelacionfm.cl\/index.php?rest_route=%2Fwp%2Fv2%2Ftags&post=66765"}],"curies":[{"name":"wp","href":"https:\/\/api.w.org\/{rel}","templated":true}]}}