{"id":66759,"date":"2026-04-30T10:21:21","date_gmt":"2026-04-30T13:21:21","guid":{"rendered":"https:\/\/radiorevelacionfm.cl\/?p=66759"},"modified":"2026-04-30T10:21:21","modified_gmt":"2026-04-30T13:21:21","slug":"ministro-arrau-supervisa-construccion-de-nuevo-aeropuerto-balmaceda-que-quintuplicara-capacidad-de-atencion-de-pasajeros","status":"publish","type":"post","link":"https:\/\/radiorevelacionfm.cl\/?p=66759","title":{"rendered":"Ministro Arrau supervisa construcci\u00f3n de nuevo Aeropuerto Balmaceda que quintuplicara capacidad de atenci\u00f3n de pasajeros"},"content":{"rendered":"<div class=\"flex_column av_one_full  flex_column_div av-zero-column-padding first  avia-builder-el-0  el_before_av_one_full  avia-builder-el-first  \" style='border-radius:0px; '><div  class='avia-image-container  av-styling-    avia-builder-el-1  avia-builder-el-no-sibling  avia-align-center '  itemprop=\"image\" itemscope=\"itemscope\" itemtype=\"https:\/\/schema.org\/ImageObject\"  ><div class='avia-image-container-inner'><div class='avia-image-overlay-wrap'><img decoding=\"async\" class='wp-image-66760 avia-img-lazy-loading-not-66760 avia_image' src=\"https:\/\/radiorevelacionfm.cl\/wp-content\/uploads\/2026\/04\/img-20260429-wa0016-1_optimized.jpg\" alt='' title='img-20260429-wa0016-(1)_optimized' height=\"600\" width=\"838\"  itemprop=\"thumbnailUrl\" srcset=\"https:\/\/radiorevelacionfm.cl\/wp-content\/uploads\/2026\/04\/img-20260429-wa0016-1_optimized.jpg 838w, https:\/\/radiorevelacionfm.cl\/wp-content\/uploads\/2026\/04\/img-20260429-wa0016-1_optimized-300x215.jpg 300w, https:\/\/radiorevelacionfm.cl\/wp-content\/uploads\/2026\/04\/img-20260429-wa0016-1_optimized-768x550.jpg 768w, https:\/\/radiorevelacionfm.cl\/wp-content\/uploads\/2026\/04\/img-20260429-wa0016-1_optimized-260x185.jpg 260w, https:\/\/radiorevelacionfm.cl\/wp-content\/uploads\/2026\/04\/img-20260429-wa0016-1_optimized-705x505.jpg 705w, https:\/\/radiorevelacionfm.cl\/wp-content\/uploads\/2026\/04\/img-20260429-wa0016-1_optimized-450x322.jpg 450w, https:\/\/radiorevelacionfm.cl\/wp-content\/uploads\/2026\/04\/img-20260429-wa0016-1_optimized-600x430.jpg 600w\" sizes=\"(max-width: 838px) 100vw, 838px\" \/><\/div><\/div><\/div><\/div><div class=\"flex_column av_one_full  flex_column_div av-zero-column-padding first  avia-builder-el-2  el_after_av_one_full  el_before_av_one_full  column-top-margin\" style='border-radius:0px; '><section class=\"av_textblock_section \"  itemscope=\"itemscope\" itemtype=\"https:\/\/schema.org\/BlogPosting\" itemprop=\"blogPost\" ><div class='avia_textblock  '   itemprop=\"text\" ><p style=\"text-align: center;\"><strong><span style=\"font-size: 18pt;\">Ministro Arrau supervisa construcci\u00f3n de nuevo Aeropuerto Balmaceda que quintuplicara capacidad de atenci\u00f3n de pasajeros<\/span><\/strong><\/p>\n<div id=\"gtx-trans\" style=\"position: absolute; left: -50px; top: 4.31534px;\">\n<div class=\"gtx-trans-icon\"><\/div>\n<\/div>\n<\/div><\/section><\/div><div class=\"flex_column av_one_full  flex_column_div av-zero-column-padding first  avia-builder-el-4  el_after_av_one_full  el_before_av_hr  column-top-margin\" style='border-radius:0px; '><section class=\"av_textblock_section \"  itemscope=\"itemscope\" itemtype=\"https:\/\/schema.org\/BlogPosting\" itemprop=\"blogPost\" ><div class='avia_textblock  '   itemprop=\"text\" ><ul>\n<li style=\"text-align: justify;\"><em>El proyecto concesionado permitir\u00e1 ampliar la capacidad del actual terminal de pasajeros de 2.400 m2\u00a0 a 12.391 m2, adem\u00e1s de incorporar nuevos puentes de embarque, estacionamientos para aviones y nuevas plazas para estacionamiento de veh\u00edculos.<\/em><\/li>\n<\/ul>\n<p style=\"text-align: justify;\">El ministro de Obras P\u00fablicas, Mart\u00edn Arrau, se traslad\u00f3 esta tarde hasta el Aeropuerto Balmaceda para supervisar en terreno los avances de construcci\u00f3n del proyecto de modernizaci\u00f3n y ampliaci\u00f3n del principal recinto a\u00e9reo de la Regi\u00f3n de Ays\u00e9n. El proyecto, que representar\u00e1 una inversi\u00f3n cercana a los 50 millones de d\u00f3lares, tiene a la fecha un 85% de avance.<\/p>\n<p style=\"text-align: justify;\">\u201cEstamos muy contentos por el avance de la obra, por el trabajo del personal del Ministerio de Obras P\u00fablicas, de la empresa concesionaria y de los contratistas, de todos los trabajadores que est\u00e1n ac\u00e1 que han posibilitado que est\u00e1 gran obra tenga un estado de avance muy desarrollado. En los pr\u00f3ximos meses deber\u00eda realizarse la puesta de servicio provisoria, lo cual va a permitir que los pasajeros tengan una mejor experiencia de viaje\u201d. inform\u00f3 el ministro de Obras P\u00fablicas, Mart\u00edn Arrau, quien estuvo acompa\u00f1ado durante su visita por la delegada presidencial regional, Luz Mar\u00eda Vicu\u00f1a.<\/p>\n<p style=\"text-align: justify;\">El secretario de Estado, explic\u00f3 que \u201cVamos a empezar prontamente con la construcci\u00f3n del terminal de carga en el antiguo terminal y tambi\u00e9n la direcci\u00f3n de Aeropuertos est\u00e1 haciendo la ampliaci\u00f3n en la extensi\u00f3n de la pista, adem\u00e1s de la instalaci\u00f3n de un sistema de aproximaci\u00f3n para dar m\u00e1s seguridad en la operaci\u00f3n a\u00e9rea\u201d.<\/p>\n<p style=\"text-align: justify;\">\u201cSon muy buenas noticias para conectar esta regi\u00f3n, para posibilitar viajes internacionales, para que los emprendedores puedan exportar sus productos y por supuesto, para el desarrollo del turismo. Eso es lo que hace y seguir\u00e1 haciendo el Ministerio de Obras P\u00fablicas, conectar a los chilenos, permitir el desarrollo y esas declaraciones tienen mucho sentido cuando hablamos desde la Regi\u00f3n de Ays\u00e9n\u201d, agreg\u00f3 el ministro Mart\u00edn Arrau.<\/p>\n<p style=\"text-align: justify;\">La iniciativa, que forma parte del contrato de concesi\u00f3n \u201cRed Aeroportuaria Austral\u201d, busca ampliar el actual edificio terminal de pasajeros de 2.400 m2 a 12.391 m2, 5 nuevos puentes de embarque, nuevas vialidades y una nueva plataforma comercial, entre otros.<\/p>\n<p style=\"text-align: justify;\">Adem\u00e1s, se duplicar\u00e1 el n\u00famero de estacionamiento para aeronaves comerciales, pasando de 3 a 6, y se dispondr\u00e1 de 13 nuevos estacionamientos para aviaci\u00f3n general. Tambi\u00e9n en exterior, contar\u00e1 con 100 nuevas plazas de estacionamientos de veh\u00edculos.<\/p>\n<p style=\"text-align: justify;\">En paralelo a esta iniciativa, la Direcci\u00f3n de Aeropuertos del MOP desarrolla la normalizaci\u00f3n del \u00e1rea de movimiento que incluye la incorporaci\u00f3n de un sistema instrumental de aterrizaje para operaciones de aterrizaje con baja visibilidad y as\u00ed reducir los eventos que obliguen a la suspensi\u00f3n de vuelos por condiciones clim\u00e1ticas adversas.<\/p>\n<p style=\"text-align: justify;\">La puesta en servicio del nuevo terminal est\u00e1 programada para el primer semestre de 2027, pudiendo atender una demanda proyectada de 1.200.000 pasajeros al a\u00f1o.<\/p>\n<\/div><\/section><\/div><div  style='height:50px' class='hr hr-invisible   avia-builder-el-6  el_after_av_one_full  el_before_av_social_share '><span class='hr-inner ' ><span class='hr-inner-style'><\/span><\/span><\/div><\/p>\n<div  class='av-social-sharing-box  avia-builder-el-7  el_after_av_hr  el_before_av_hr  '><div class='av-share-box'><h5 class='av-share-link-description av-no-toc '>Compartir esta noticia<\/h5><ul class='av-share-box-list noLightbox'><li class='av-share-link av-social-link-facebook' ><a target=\"_blank\" aria-label=\"Compartir en Facebook\" href='https:\/\/www.facebook.com\/sharer.php?u=https:\/\/radiorevelacionfm.cl\/?p=66759&#038;t=Ministro%20Arrau%20supervisa%20construcci%C3%B3n%20de%20nuevo%20Aeropuerto%20Balmaceda%20que%20quintuplicara%20capacidad%20de%20atenci%C3%B3n%20de%20pasajeros' aria-hidden='false' data-av_icon='\ue8f3' data-av_iconfont='entypo-fontello' title='' data-avia-related-tooltip='Compartir en Facebook' rel=\"noopener\"><span class='avia_hidden_link_text'>Compartir en Facebook<\/span><\/a><\/li><li class='av-share-link av-social-link-twitter' ><a target=\"_blank\" aria-label=\"Compartir en Twitter\" href='https:\/\/twitter.com\/share?text=Ministro%20Arrau%20supervisa%20construcci%C3%B3n%20de%20nuevo%20Aeropuerto%20Balmaceda%20que%20quintuplicara%20capacidad%20de%20atenci%C3%B3n%20de%20pasajeros&#038;url=https:\/\/radiorevelacionfm.cl\/?p=66759' aria-hidden='false' data-av_icon='\ue8f1' data-av_iconfont='entypo-fontello' title='' data-avia-related-tooltip='Compartir en Twitter' rel=\"noopener\"><span class='avia_hidden_link_text'>Compartir en Twitter<\/span><\/a><\/li><li class='av-share-link av-social-link-whatsapp' ><a target=\"_blank\" aria-label=\"Compartir en Whatsapp\" href='https:\/\/api.whatsapp.com\/send?text=https:\/\/radiorevelacionfm.cl\/?p=66759' aria-hidden='false' data-av_icon='\uf232' data-av_iconfont='entypo-fontello' title='' data-avia-related-tooltip='Compartir en Whatsapp' rel=\"noopener\"><span class='avia_hidden_link_text'>Compartir en Whatsapp<\/span><\/a><\/li><li class='av-share-link av-social-link-linkedin' ><a target=\"_blank\" aria-label=\"Compartir en LinkedIn\" href='https:\/\/linkedin.com\/shareArticle?mini=true&#038;title=Ministro%20Arrau%20supervisa%20construcci%C3%B3n%20de%20nuevo%20Aeropuerto%20Balmaceda%20que%20quintuplicara%20capacidad%20de%20atenci%C3%B3n%20de%20pasajeros&#038;url=https:\/\/radiorevelacionfm.cl\/?p=66759' aria-hidden='false' data-av_icon='\ue8fc' data-av_iconfont='entypo-fontello' title='' data-avia-related-tooltip='Compartir en LinkedIn' rel=\"noopener\"><span class='avia_hidden_link_text'>Compartir en LinkedIn<\/span><\/a><\/li><li class='av-share-link av-social-link-mail' ><a  aria-label=\"Compartir por correo\" href='mailto:?subject=Ministro%20Arrau%20supervisa%20construcci%C3%B3n%20de%20nuevo%20Aeropuerto%20Balmaceda%20que%20quintuplicara%20capacidad%20de%20atenci%C3%B3n%20de%20pasajeros&#038;body=https:\/\/radiorevelacionfm.cl\/?p=66759' aria-hidden='false' data-av_icon='\ue805' data-av_iconfont='entypo-fontello' title='' data-avia-related-tooltip='Compartir por correo'><span class='avia_hidden_link_text'>Compartir por correo<\/span><\/a><\/li><\/ul><\/div><\/div>\n<div  style='height:50px' class='hr hr-invisible   avia-builder-el-8  el_after_av_social_share  el_before_av_comments_list '><span class='hr-inner ' ><span class='hr-inner-style'><\/span><\/span><\/div>\n<div  class='av-buildercomment  av-blog-meta-html-info-disabled av-blog-meta-tag-disabled  '><\/div>\n","protected":false},"excerpt":{"rendered":"","protected":false},"author":1,"featured_media":66760,"comment_status":"closed","ping_status":"closed","sticky":false,"template":"","format":"standard","meta":{"footnotes":""},"categories":[38],"tags":[],"class_list":["post-66759","post","type-post","status-publish","format-standard","has-post-thumbnail","hentry","category-regional"],"jetpack_featured_media_url":"https:\/\/radiorevelacionfm.cl\/wp-content\/uploads\/2026\/04\/img-20260429-wa0016-1_optimized.jpg","_links":{"self":[{"href":"https:\/\/radiorevelacionfm.cl\/index.php?rest_route=\/wp\/v2\/posts\/66759","targetHints":{"allow":["GET"]}}],"collection":[{"href":"https:\/\/radiorevelacionfm.cl\/index.php?rest_route=\/wp\/v2\/posts"}],"about":[{"href":"https:\/\/radiorevelacionfm.cl\/index.php?rest_route=\/wp\/v2\/types\/post"}],"author":[{"embeddable":true,"href":"https:\/\/radiorevelacionfm.cl\/index.php?rest_route=\/wp\/v2\/users\/1"}],"replies":[{"embeddable":true,"href":"https:\/\/radiorevelacionfm.cl\/index.php?rest_route=%2Fwp%2Fv2%2Fcomments&post=66759"}],"version-history":[{"count":2,"href":"https:\/\/radiorevelacionfm.cl\/index.php?rest_route=\/wp\/v2\/posts\/66759\/revisions"}],"predecessor-version":[{"id":66764,"href":"https:\/\/radiorevelacionfm.cl\/index.php?rest_route=\/wp\/v2\/posts\/66759\/revisions\/66764"}],"wp:featuredmedia":[{"embeddable":true,"href":"https:\/\/radiorevelacionfm.cl\/index.php?rest_route=\/wp\/v2\/media\/66760"}],"wp:attachment":[{"href":"https:\/\/radiorevelacionfm.cl\/index.php?rest_route=%2Fwp%2Fv2%2Fmedia&parent=66759"}],"wp:term":[{"taxonomy":"category","embeddable":true,"href":"https:\/\/radiorevelacionfm.cl\/index.php?rest_route=%2Fwp%2Fv2%2Fcategories&post=66759"},{"taxonomy":"post_tag","embeddable":true,"href":"https:\/\/radiorevelacionfm.cl\/index.php?rest_route=%2Fwp%2Fv2%2Ftags&post=66759"}],"curies":[{"name":"wp","href":"https:\/\/api.w.org\/{rel}","templated":true}]}}