{"id":66756,"date":"2026-04-29T21:00:35","date_gmt":"2026-04-30T00:00:35","guid":{"rendered":"https:\/\/radiorevelacionfm.cl\/?p=66756"},"modified":"2026-04-29T21:00:35","modified_gmt":"2026-04-30T00:00:35","slug":"ministro-arrau-anuncia-adjudicacion-de-solucion-definitiva-del-puente-presidente-ibanez-en-aysen","status":"publish","type":"post","link":"https:\/\/radiorevelacionfm.cl\/?p=66756","title":{"rendered":"Ministro Arrau anuncia adjudicaci\u00f3n de soluci\u00f3n definitiva del Puente Presidente Ib\u00e1\u00f1ez en Ays\u00e9n"},"content":{"rendered":"<div class=\"flex_column av_one_full  flex_column_div av-zero-column-padding first  avia-builder-el-0  el_before_av_one_full  avia-builder-el-first  \" style='border-radius:0px; '><div  class='avia-image-container  av-styling-    avia-builder-el-1  avia-builder-el-no-sibling  avia-align-center '  itemprop=\"image\" itemscope=\"itemscope\" itemtype=\"https:\/\/schema.org\/ImageObject\"  ><div class='avia-image-container-inner'><div class='avia-image-overlay-wrap'><img decoding=\"async\" class='wp-image-66757 avia-img-lazy-loading-not-66757 avia_image' src=\"https:\/\/radiorevelacionfm.cl\/wp-content\/uploads\/2026\/04\/mop-puente-ibANez-reuniOn-4-1_optimized.jpeg\" alt='' title='mop-puente-ib\u00c1\u00d1ez-reuni\u00d3n-4-(1)_optimized' height=\"600\" width=\"900\"  itemprop=\"thumbnailUrl\" srcset=\"https:\/\/radiorevelacionfm.cl\/wp-content\/uploads\/2026\/04\/mop-puente-ibANez-reuniOn-4-1_optimized.jpeg 900w, https:\/\/radiorevelacionfm.cl\/wp-content\/uploads\/2026\/04\/mop-puente-ibANez-reuniOn-4-1_optimized-300x200.jpeg 300w, https:\/\/radiorevelacionfm.cl\/wp-content\/uploads\/2026\/04\/mop-puente-ibANez-reuniOn-4-1_optimized-768x512.jpeg 768w, https:\/\/radiorevelacionfm.cl\/wp-content\/uploads\/2026\/04\/mop-puente-ibANez-reuniOn-4-1_optimized-705x470.jpeg 705w, https:\/\/radiorevelacionfm.cl\/wp-content\/uploads\/2026\/04\/mop-puente-ibANez-reuniOn-4-1_optimized-450x300.jpeg 450w, https:\/\/radiorevelacionfm.cl\/wp-content\/uploads\/2026\/04\/mop-puente-ibANez-reuniOn-4-1_optimized-600x400.jpeg 600w\" sizes=\"(max-width: 900px) 100vw, 900px\" \/><\/div><\/div><\/div><\/div><div class=\"flex_column av_one_full  flex_column_div av-zero-column-padding first  avia-builder-el-2  el_after_av_one_full  el_before_av_one_full  column-top-margin\" style='border-radius:0px; '><section class=\"av_textblock_section \"  itemscope=\"itemscope\" itemtype=\"https:\/\/schema.org\/BlogPosting\" itemprop=\"blogPost\" ><div class='avia_textblock  '   itemprop=\"text\" ><p style=\"text-align: center;\"><strong><span style=\"font-size: 18pt;\">Ministro Arrau anuncia adjudicaci\u00f3n de soluci\u00f3n definitiva del Puente Presidente Ib\u00e1\u00f1ez en Ays\u00e9n<\/span><\/strong><\/p>\n<div id=\"gtx-trans\" style=\"position: absolute; left: -50px; top: 4.31534px;\">\n<div class=\"gtx-trans-icon\"><\/div>\n<\/div>\n<\/div><\/section><\/div><div class=\"flex_column av_one_full  flex_column_div av-zero-column-padding first  avia-builder-el-4  el_after_av_one_full  el_before_av_hr  column-top-margin\" style='border-radius:0px; '><section class=\"av_textblock_section \"  itemscope=\"itemscope\" itemtype=\"https:\/\/schema.org\/BlogPosting\" itemprop=\"blogPost\" ><div class='avia_textblock  '   itemprop=\"text\" ><ul>\n<li style=\"text-align: justify;\"><strong><em>La obra, que ser\u00e1 ejecutada por la Direcci\u00f3n de Vialidad, al ser una soluci\u00f3n de emergencia se realizar\u00e1 por trato directo y representar\u00e1 una inversi\u00f3n cercana a los $14.700 millones.<\/em><\/strong><\/li>\n<\/ul>\n<p style=\"text-align: justify;\">En el marco de su visita a la Regi\u00f3n de Ays\u00e9n, el ministro de Obras P\u00fablicas, Mart\u00edn Arrau, se traslad\u00f3 hasta la comuna de Ays\u00e9n para anunciar en terreno, tal como hab\u00eda comprometido durante su visita a la zona en febrero, la soluci\u00f3n definitiva a la conectividad que se vio interrumpida durante el verano en el Puente Presidente Ib\u00e1\u00f1ez.<\/p>\n<p style=\"text-align: justify;\">\u201cEstuvimos junto al alcalde y el Concejo Municipal cont\u00e1ndoles que el equipo del Ministerio de Obras P\u00fablicas trabaj\u00f3 a toda velocidad. Y ya tenemos una empresa a trav\u00e9s de un trato directo para la reparaci\u00f3n y m\u00e1s que eso, para darle nueva vida a este emblem\u00e1tico puente, que est\u00e1 con problemas de un cable cortado, que sucedi\u00f3 en el verano. A trav\u00e9s de este contrato podremos dar efectivamente una extensi\u00f3n de la vida \u00fatil del puente, un contrato de cerca de 14 mil millones de pesos que pondr\u00e1 un nuevo juego de cables para soportar el peso de la estructura\u201d, inform\u00f3 el ministro de Obras P\u00fablicas, Mart\u00edn Arrau, luego de reunirse con las autoridades locales encabezadas por el delegado presidencial provincial de Ays\u00e9n, Eligio Montecinos y el alcalde de Puerto Ays\u00e9n, Luis Mart\u00ednez.<\/p>\n<p style=\"text-align: justify;\">El secretario de Estado explic\u00f3 que: \u201cSe trata de un contrato que podr\u00eda durar cerca de 540 d\u00edas, pero vamos a sacarlo en menos tiempo y que a mediados de junio podr\u00edamos estar ya con instalaciones de faena. Son buenas se\u00f1ales, se van a ver avances aparte del empleo y la inversi\u00f3n que genera, pero es darle tranquilidad a las personas de esta ciudad que se conectan d\u00eda a d\u00eda en este puente, que hoy d\u00eda est\u00e1n efectivamente con el tr\u00e1nsito suspendido o parcial\u201d.<\/p>\n<p style=\"text-align: justify;\">\u201cSabemos que esta situaci\u00f3n ha generado mucho trastorno y lo comprendemos, y es por eso que el Ministerio de Obras P\u00fablicas seguir\u00e1 trabajando a toda velocidad para traer respuestas y soluciones que permitan conectar a los vecinos de Puerto Ays\u00e9n\u201d, agreg\u00f3 el ministro Arrau.<\/p>\n<p style=\"text-align: justify;\">A fines del a\u00f1o pasado, se produjo el corte de un cable en el lado sur del puente presidente Carlos Ib\u00e1\u00f1ez del Campo, ubicado en el km 54,4 de la Ruta 240. Como acciones inmediatas se restringi\u00f3 la carga a 5 Toneladas, quedando s\u00f3lo una pista habilitada y la posterior instalaci\u00f3n de un p\u00f3rtico de forma tal que s\u00f3lo permitiera el paso de veh\u00edculos livianos y de emergencia. Adem\u00e1s, se realiz\u00f3 un cierre perimetral del macizo de anclaje donde se encuentra el cable cortado, para mayor seguridad de las personas.<\/p>\n<p style=\"text-align: justify;\">Cabe recordar que la alternativa para veh\u00edculos sobre 5 toneladas es el puente Dun, ubicado a 3 km aproximadamente del puente Ib\u00e1\u00f1ez.<\/p>\n<p style=\"text-align: justify;\">La Direcci\u00f3n de Vialidad cuenta con un decreto que declara la emergencia para la ejecuci\u00f3n de las obras y autoriza la contrataci\u00f3n de las obras necesarias para la reparaci\u00f3n de la estructura, el proyecto ya est\u00e1 finalizado.<\/p>\n<p style=\"text-align: justify;\">Esta etapa enmarcada en el Decreto de Emergencia, considera la ejecuci\u00f3n de las obras necesarias para restablecer la condici\u00f3n de servicio del puente previo a la emergencia (10 toneladas). La principal medida de conservaci\u00f3n corresponde a la adici\u00f3n de un cable principal ubicado sobre cada l\u00ednea de cables principales existentes.<\/p>\n<p style=\"text-align: justify;\">En una segunda etapa se adicionan dos nuevos cables, uno por cada l\u00ednea, que se complementar\u00e1n a los dos cables instalados en la primera etapa. Los cuales ser\u00e1n anclados en nuevos puntos de los macizos existentes.<\/p>\n<p style=\"text-align: justify;\">Ayer martes 28 de abril dos empresas se presentaron al proceso de cotizaci\u00f3n. La Empresa Freyssinet entrega una oferta t\u00e9cnica y econ\u00f3mica, la cual considera un monto de $14.699 millones y un plazo de 540 d\u00edas.<\/p>\n<p style=\"text-align: justify;\">Lo que viene es evaluar la oferta por parte de Vialidad y suscribir el convenio entre la Direcci\u00f3n de Vialidad y la empresa. Esta \u00faltima puede iniciar el contrato una vez suscrito el convenio y con ello proceder a la intervenci\u00f3n del puente.<\/p>\n<p style=\"text-align: justify;\">El Puente Presidente Ib\u00e1\u00f1ez corresponde a un puente colgante de dos pistas, con un vano principal de 210 metros sobre el r\u00edo Ays\u00e9n y que est\u00e1 en servicio desde 1964, declarado monumento hist\u00f3rico el a\u00f1o 2002.<\/p>\n<\/div><\/section><\/div><div  style='height:50px' class='hr hr-invisible   avia-builder-el-6  el_after_av_one_full  el_before_av_social_share '><span class='hr-inner ' ><span class='hr-inner-style'><\/span><\/span><\/div><\/p>\n<div  class='av-social-sharing-box  avia-builder-el-7  el_after_av_hr  el_before_av_hr  '><div class='av-share-box'><h5 class='av-share-link-description av-no-toc '>Compartir esta noticia<\/h5><ul class='av-share-box-list noLightbox'><li class='av-share-link av-social-link-facebook' ><a target=\"_blank\" aria-label=\"Compartir en Facebook\" href='https:\/\/www.facebook.com\/sharer.php?u=https:\/\/radiorevelacionfm.cl\/?p=66756&#038;t=Ministro%20Arrau%20anuncia%20adjudicaci%C3%B3n%20de%20soluci%C3%B3n%20definitiva%20del%20Puente%20Presidente%20Ib%C3%A1%C3%B1ez%20en%20Ays%C3%A9n' aria-hidden='false' data-av_icon='\ue8f3' data-av_iconfont='entypo-fontello' title='' data-avia-related-tooltip='Compartir en Facebook' rel=\"noopener\"><span class='avia_hidden_link_text'>Compartir en Facebook<\/span><\/a><\/li><li class='av-share-link av-social-link-twitter' ><a target=\"_blank\" aria-label=\"Compartir en Twitter\" href='https:\/\/twitter.com\/share?text=Ministro%20Arrau%20anuncia%20adjudicaci%C3%B3n%20de%20soluci%C3%B3n%20definitiva%20del%20Puente%20Presidente%20Ib%C3%A1%C3%B1ez%20en%20Ays%C3%A9n&#038;url=https:\/\/radiorevelacionfm.cl\/?p=66756' aria-hidden='false' data-av_icon='\ue8f1' data-av_iconfont='entypo-fontello' title='' data-avia-related-tooltip='Compartir en Twitter' rel=\"noopener\"><span class='avia_hidden_link_text'>Compartir en Twitter<\/span><\/a><\/li><li class='av-share-link av-social-link-whatsapp' ><a target=\"_blank\" aria-label=\"Compartir en Whatsapp\" href='https:\/\/api.whatsapp.com\/send?text=https:\/\/radiorevelacionfm.cl\/?p=66756' aria-hidden='false' data-av_icon='\uf232' data-av_iconfont='entypo-fontello' title='' data-avia-related-tooltip='Compartir en Whatsapp' rel=\"noopener\"><span class='avia_hidden_link_text'>Compartir en Whatsapp<\/span><\/a><\/li><li class='av-share-link av-social-link-linkedin' ><a target=\"_blank\" aria-label=\"Compartir en LinkedIn\" href='https:\/\/linkedin.com\/shareArticle?mini=true&#038;title=Ministro%20Arrau%20anuncia%20adjudicaci%C3%B3n%20de%20soluci%C3%B3n%20definitiva%20del%20Puente%20Presidente%20Ib%C3%A1%C3%B1ez%20en%20Ays%C3%A9n&#038;url=https:\/\/radiorevelacionfm.cl\/?p=66756' aria-hidden='false' data-av_icon='\ue8fc' data-av_iconfont='entypo-fontello' title='' data-avia-related-tooltip='Compartir en LinkedIn' rel=\"noopener\"><span class='avia_hidden_link_text'>Compartir en LinkedIn<\/span><\/a><\/li><li class='av-share-link av-social-link-mail' ><a  aria-label=\"Compartir por correo\" href='mailto:?subject=Ministro%20Arrau%20anuncia%20adjudicaci%C3%B3n%20de%20soluci%C3%B3n%20definitiva%20del%20Puente%20Presidente%20Ib%C3%A1%C3%B1ez%20en%20Ays%C3%A9n&#038;body=https:\/\/radiorevelacionfm.cl\/?p=66756' aria-hidden='false' data-av_icon='\ue805' data-av_iconfont='entypo-fontello' title='' data-avia-related-tooltip='Compartir por correo'><span class='avia_hidden_link_text'>Compartir por correo<\/span><\/a><\/li><\/ul><\/div><\/div>\n<div  style='height:50px' class='hr hr-invisible   avia-builder-el-8  el_after_av_social_share  el_before_av_comments_list '><span class='hr-inner ' ><span class='hr-inner-style'><\/span><\/span><\/div>\n<div  class='av-buildercomment  av-blog-meta-html-info-disabled av-blog-meta-tag-disabled  '><\/div>\n","protected":false},"excerpt":{"rendered":"","protected":false},"author":1,"featured_media":66757,"comment_status":"closed","ping_status":"closed","sticky":false,"template":"","format":"standard","meta":{"footnotes":""},"categories":[38],"tags":[],"class_list":["post-66756","post","type-post","status-publish","format-standard","has-post-thumbnail","hentry","category-regional"],"jetpack_featured_media_url":"https:\/\/radiorevelacionfm.cl\/wp-content\/uploads\/2026\/04\/mop-puente-ibANez-reuniOn-4-1_optimized.jpeg","_links":{"self":[{"href":"https:\/\/radiorevelacionfm.cl\/index.php?rest_route=\/wp\/v2\/posts\/66756","targetHints":{"allow":["GET"]}}],"collection":[{"href":"https:\/\/radiorevelacionfm.cl\/index.php?rest_route=\/wp\/v2\/posts"}],"about":[{"href":"https:\/\/radiorevelacionfm.cl\/index.php?rest_route=\/wp\/v2\/types\/post"}],"author":[{"embeddable":true,"href":"https:\/\/radiorevelacionfm.cl\/index.php?rest_route=\/wp\/v2\/users\/1"}],"replies":[{"embeddable":true,"href":"https:\/\/radiorevelacionfm.cl\/index.php?rest_route=%2Fwp%2Fv2%2Fcomments&post=66756"}],"version-history":[{"count":2,"href":"https:\/\/radiorevelacionfm.cl\/index.php?rest_route=\/wp\/v2\/posts\/66756\/revisions"}],"predecessor-version":[{"id":66762,"href":"https:\/\/radiorevelacionfm.cl\/index.php?rest_route=\/wp\/v2\/posts\/66756\/revisions\/66762"}],"wp:featuredmedia":[{"embeddable":true,"href":"https:\/\/radiorevelacionfm.cl\/index.php?rest_route=\/wp\/v2\/media\/66757"}],"wp:attachment":[{"href":"https:\/\/radiorevelacionfm.cl\/index.php?rest_route=%2Fwp%2Fv2%2Fmedia&parent=66756"}],"wp:term":[{"taxonomy":"category","embeddable":true,"href":"https:\/\/radiorevelacionfm.cl\/index.php?rest_route=%2Fwp%2Fv2%2Fcategories&post=66756"},{"taxonomy":"post_tag","embeddable":true,"href":"https:\/\/radiorevelacionfm.cl\/index.php?rest_route=%2Fwp%2Fv2%2Ftags&post=66756"}],"curies":[{"name":"wp","href":"https:\/\/api.w.org\/{rel}","templated":true}]}}