{"id":66748,"date":"2026-04-29T20:31:52","date_gmt":"2026-04-29T23:31:52","guid":{"rendered":"https:\/\/radiorevelacionfm.cl\/?p=66748"},"modified":"2026-04-29T20:31:52","modified_gmt":"2026-04-29T23:31:52","slug":"entregan-casi-100-millones-de-pesos-a-10-puntos-de-cultura-comunitaria-en-la-region-de-aysen","status":"publish","type":"post","link":"https:\/\/radiorevelacionfm.cl\/?p=66748","title":{"rendered":"Entregan casi 100 millones de pesos a 10 Puntos de Cultura Comunitaria en la regi\u00f3n de Ays\u00e9n"},"content":{"rendered":"<div class=\"flex_column av_one_full  flex_column_div av-zero-column-padding first  avia-builder-el-0  el_before_av_one_full  avia-builder-el-first  \" style='border-radius:0px; '><div  class='avia-image-container  av-styling-    avia-builder-el-1  avia-builder-el-no-sibling  avia-align-center '  itemprop=\"image\" itemscope=\"itemscope\" itemtype=\"https:\/\/schema.org\/ImageObject\"  ><div class='avia-image-container-inner'><div class='avia-image-overlay-wrap'><img decoding=\"async\" class='wp-image-66749 avia-img-lazy-loading-not-66749 avia_image' src=\"https:\/\/radiorevelacionfm.cl\/wp-content\/uploads\/2026\/04\/las-dos-hileras-1_optimized-1.jpg\" alt='' title='las-dos-hileras-(1)_optimized (1)' height=\"600\" width=\"1205\"  itemprop=\"thumbnailUrl\" srcset=\"https:\/\/radiorevelacionfm.cl\/wp-content\/uploads\/2026\/04\/las-dos-hileras-1_optimized-1.jpg 1205w, https:\/\/radiorevelacionfm.cl\/wp-content\/uploads\/2026\/04\/las-dos-hileras-1_optimized-1-300x149.jpg 300w, https:\/\/radiorevelacionfm.cl\/wp-content\/uploads\/2026\/04\/las-dos-hileras-1_optimized-1-1030x513.jpg 1030w, https:\/\/radiorevelacionfm.cl\/wp-content\/uploads\/2026\/04\/las-dos-hileras-1_optimized-1-768x382.jpg 768w, https:\/\/radiorevelacionfm.cl\/wp-content\/uploads\/2026\/04\/las-dos-hileras-1_optimized-1-705x351.jpg 705w, https:\/\/radiorevelacionfm.cl\/wp-content\/uploads\/2026\/04\/las-dos-hileras-1_optimized-1-450x224.jpg 450w, https:\/\/radiorevelacionfm.cl\/wp-content\/uploads\/2026\/04\/las-dos-hileras-1_optimized-1-600x299.jpg 600w\" sizes=\"(max-width: 1205px) 100vw, 1205px\" \/><\/div><\/div><\/div><\/div><div class=\"flex_column av_one_full  flex_column_div av-zero-column-padding first  avia-builder-el-2  el_after_av_one_full  el_before_av_one_full  column-top-margin\" style='border-radius:0px; '><section class=\"av_textblock_section \"  itemscope=\"itemscope\" itemtype=\"https:\/\/schema.org\/BlogPosting\" itemprop=\"blogPost\" ><div class='avia_textblock  '   itemprop=\"text\" ><p style=\"text-align: center;\"><strong><span style=\"font-size: 18pt;\">Entregan casi 100 millones de pesos a 10 Puntos de Cultura Comunitaria en la regi\u00f3n de Ays\u00e9n<\/span><\/strong><\/p>\n<div id=\"gtx-trans\" style=\"position: absolute; left: -50px; top: 4.31534px;\">\n<div class=\"gtx-trans-icon\"><\/div>\n<\/div>\n<\/div><\/section><\/div><div class=\"flex_column av_one_full  flex_column_div av-zero-column-padding first  avia-builder-el-4  el_after_av_one_full  el_before_av_hr  column-top-margin\" style='border-radius:0px; '><section class=\"av_textblock_section \"  itemscope=\"itemscope\" itemtype=\"https:\/\/schema.org\/BlogPosting\" itemprop=\"blogPost\" ><div class='avia_textblock  '   itemprop=\"text\" ><p style=\"text-align: justify;\"><em>Este 2026, la Convocatoria del Plan de Fortalecimiento del Programa Puntos de Cultura Comunitaria del Ministerio de las Culturas, las Artes y el Patrimonio entreg\u00f3 recursos a la totalidad de las postulaciones en Ays\u00e9n.<\/em><\/p>\n<p style=\"text-align: justify;\">As\u00ed lo inform\u00f3 el Secretario Regional Ministerial de las Culturas Ays\u00e9n, Sergio Becerra Mera, quien a\u00f1adi\u00f3 que \u201cse trata de casi 100 millones de pesos que benefician directamente a 10 organizaciones culturales de distintas comunas de nuestra regi\u00f3n. Eso va en completa sinton\u00eda con el Gobierno del Presidente Jos\u00e9 Antonio Kast, pues acercamos las pol\u00edticas p\u00fablicas a todos los ciudadanos, sin importar cu\u00e1n lejos est\u00e9n de las capitales regionales. De este modo, el Ministerio de las Culturas reconoce el trabajo sostenido que desarrollan estas agrupaciones con sus comunidades y permite que localidades lejanas accedan a contenidos culturales de calidad, como el resto de la regi\u00f3n\u201d.<\/p>\n<p style=\"text-align: justify;\">El Plan de Fortalecimiento de los Puntos de Cultura Comunitaria entregar\u00e1 $99.264.101 a 10 organizaciones, lo que lo que les permitir\u00e1 financiar diferentes etapas de la implementaci\u00f3n de sus proyectos. Se trata de un promedio cercano a los 10 millones de pesos por proyecto.<\/p>\n<p style=\"text-align: justify;\">La Agrupaci\u00f3n del Folclore Espa\u00f1ol de Puerto Ays\u00e9n utilizar\u00e1 los fondos para la programaci\u00f3n del Centro Cultural Espacio Abierto. As\u00ed lo detall\u00f3 su representante Jimena Mu\u00f1oz: \u201cLos recursos que nos adjudicamos para el fortalecimiento de nuestra organizaci\u00f3n son para la programaci\u00f3n de nuestro Centro Cultural en Puerto Ays\u00e9n y contempla clases de Teatro, Danza Espa\u00f1ola, Yoga y diferentes actividades que potencian el crecimiento de nuestro centro cultural; para nosotras ser un Punto de Cultura Comunitaria es muy importante porque es el reconocimiento del mismo ministerio al trabajo comunitario que hacemos las organizaciones desde hace mucho tiempo\u201d.<\/p>\n<p style=\"text-align: justify;\">La Agrupaci\u00f3n Antukulef trabajar\u00e1 en la l\u00ednea art\u00edstica y socioambiental de la organizaci\u00f3n, mientras que la Agrupaci\u00f3n Los Cristalinos financiar\u00e1 el proyecto Memoria Viva de Puerto Cristal.<\/p>\n<p style=\"text-align: justify;\">El m\u00fasico Danilo Cruces de la Agrupaci\u00f3n Las Dos Hileras de Cochrane se adjudic\u00f3 el proyecto \u201cInfancias que aprenden, memorias que gu\u00edan\u201d: \u201cSe financiar\u00e1n el equipo de gesti\u00f3n de Las Dos Hileras; un director ejecutivo que es un gestor cultural, un apoyo administrativo y un asesor comunicacional, adem\u00e1s de los talleres de Acorde\u00f3n para Ni\u00f1os y los talleres de M\u00fasica para Adultos Mayores y la adquisici\u00f3n de instrumentos\u201d.<\/p>\n<p style=\"text-align: justify;\">La lista de beneficiados la completan las agrupaciones Biodanza, Atelakoya Tribal, Red de Artistas Visuales RAVA Ays\u00e9n y la Junta de Vecinos 6 de R\u00edo Tranquilo.<\/p>\n<\/div><\/section><\/div><div  style='height:50px' class='hr hr-invisible   avia-builder-el-6  el_after_av_one_full  el_before_av_social_share '><span class='hr-inner ' ><span class='hr-inner-style'><\/span><\/span><\/div><\/p>\n<div  class='av-social-sharing-box  avia-builder-el-7  el_after_av_hr  el_before_av_hr  '><div class='av-share-box'><h5 class='av-share-link-description av-no-toc '>Compartir esta noticia<\/h5><ul class='av-share-box-list noLightbox'><li class='av-share-link av-social-link-facebook' ><a target=\"_blank\" aria-label=\"Compartir en Facebook\" href='https:\/\/www.facebook.com\/sharer.php?u=https:\/\/radiorevelacionfm.cl\/?p=66748&#038;t=Entregan%20casi%20100%20millones%20de%20pesos%20a%2010%20Puntos%20de%20Cultura%20Comunitaria%20en%20la%20regi%C3%B3n%20de%20Ays%C3%A9n' aria-hidden='false' data-av_icon='\ue8f3' data-av_iconfont='entypo-fontello' title='' data-avia-related-tooltip='Compartir en Facebook' rel=\"noopener\"><span class='avia_hidden_link_text'>Compartir en Facebook<\/span><\/a><\/li><li class='av-share-link av-social-link-twitter' ><a target=\"_blank\" aria-label=\"Compartir en Twitter\" href='https:\/\/twitter.com\/share?text=Entregan%20casi%20100%20millones%20de%20pesos%20a%2010%20Puntos%20de%20Cultura%20Comunitaria%20en%20la%20regi%C3%B3n%20de%20Ays%C3%A9n&#038;url=https:\/\/radiorevelacionfm.cl\/?p=66748' aria-hidden='false' data-av_icon='\ue8f1' data-av_iconfont='entypo-fontello' title='' data-avia-related-tooltip='Compartir en Twitter' rel=\"noopener\"><span class='avia_hidden_link_text'>Compartir en Twitter<\/span><\/a><\/li><li class='av-share-link av-social-link-whatsapp' ><a target=\"_blank\" aria-label=\"Compartir en Whatsapp\" href='https:\/\/api.whatsapp.com\/send?text=https:\/\/radiorevelacionfm.cl\/?p=66748' aria-hidden='false' data-av_icon='\uf232' data-av_iconfont='entypo-fontello' title='' data-avia-related-tooltip='Compartir en Whatsapp' rel=\"noopener\"><span class='avia_hidden_link_text'>Compartir en Whatsapp<\/span><\/a><\/li><li class='av-share-link av-social-link-linkedin' ><a target=\"_blank\" aria-label=\"Compartir en LinkedIn\" href='https:\/\/linkedin.com\/shareArticle?mini=true&#038;title=Entregan%20casi%20100%20millones%20de%20pesos%20a%2010%20Puntos%20de%20Cultura%20Comunitaria%20en%20la%20regi%C3%B3n%20de%20Ays%C3%A9n&#038;url=https:\/\/radiorevelacionfm.cl\/?p=66748' aria-hidden='false' data-av_icon='\ue8fc' data-av_iconfont='entypo-fontello' title='' data-avia-related-tooltip='Compartir en LinkedIn' rel=\"noopener\"><span class='avia_hidden_link_text'>Compartir en LinkedIn<\/span><\/a><\/li><li class='av-share-link av-social-link-mail' ><a  aria-label=\"Compartir por correo\" href='mailto:?subject=Entregan%20casi%20100%20millones%20de%20pesos%20a%2010%20Puntos%20de%20Cultura%20Comunitaria%20en%20la%20regi%C3%B3n%20de%20Ays%C3%A9n&#038;body=https:\/\/radiorevelacionfm.cl\/?p=66748' aria-hidden='false' data-av_icon='\ue805' data-av_iconfont='entypo-fontello' title='' data-avia-related-tooltip='Compartir por correo'><span class='avia_hidden_link_text'>Compartir por correo<\/span><\/a><\/li><\/ul><\/div><\/div>\n<div  style='height:50px' class='hr hr-invisible   avia-builder-el-8  el_after_av_social_share  el_before_av_comments_list '><span class='hr-inner ' ><span class='hr-inner-style'><\/span><\/span><\/div>\n<div  class='av-buildercomment  av-blog-meta-html-info-disabled av-blog-meta-tag-disabled  '><\/div>\n","protected":false},"excerpt":{"rendered":"","protected":false},"author":1,"featured_media":66749,"comment_status":"closed","ping_status":"closed","sticky":false,"template":"","format":"standard","meta":{"footnotes":""},"categories":[52],"tags":[],"class_list":["post-66748","post","type-post","status-publish","format-standard","has-post-thumbnail","hentry","category-cultura"],"jetpack_featured_media_url":"https:\/\/radiorevelacionfm.cl\/wp-content\/uploads\/2026\/04\/las-dos-hileras-1_optimized-1.jpg","_links":{"self":[{"href":"https:\/\/radiorevelacionfm.cl\/index.php?rest_route=\/wp\/v2\/posts\/66748","targetHints":{"allow":["GET"]}}],"collection":[{"href":"https:\/\/radiorevelacionfm.cl\/index.php?rest_route=\/wp\/v2\/posts"}],"about":[{"href":"https:\/\/radiorevelacionfm.cl\/index.php?rest_route=\/wp\/v2\/types\/post"}],"author":[{"embeddable":true,"href":"https:\/\/radiorevelacionfm.cl\/index.php?rest_route=\/wp\/v2\/users\/1"}],"replies":[{"embeddable":true,"href":"https:\/\/radiorevelacionfm.cl\/index.php?rest_route=%2Fwp%2Fv2%2Fcomments&post=66748"}],"version-history":[{"count":2,"href":"https:\/\/radiorevelacionfm.cl\/index.php?rest_route=\/wp\/v2\/posts\/66748\/revisions"}],"predecessor-version":[{"id":66755,"href":"https:\/\/radiorevelacionfm.cl\/index.php?rest_route=\/wp\/v2\/posts\/66748\/revisions\/66755"}],"wp:featuredmedia":[{"embeddable":true,"href":"https:\/\/radiorevelacionfm.cl\/index.php?rest_route=\/wp\/v2\/media\/66749"}],"wp:attachment":[{"href":"https:\/\/radiorevelacionfm.cl\/index.php?rest_route=%2Fwp%2Fv2%2Fmedia&parent=66748"}],"wp:term":[{"taxonomy":"category","embeddable":true,"href":"https:\/\/radiorevelacionfm.cl\/index.php?rest_route=%2Fwp%2Fv2%2Fcategories&post=66748"},{"taxonomy":"post_tag","embeddable":true,"href":"https:\/\/radiorevelacionfm.cl\/index.php?rest_route=%2Fwp%2Fv2%2Ftags&post=66748"}],"curies":[{"name":"wp","href":"https:\/\/api.w.org\/{rel}","templated":true}]}}