{"id":66743,"date":"2026-04-30T10:12:04","date_gmt":"2026-04-30T13:12:04","guid":{"rendered":"https:\/\/radiorevelacionfm.cl\/?p=66743"},"modified":"2026-04-30T10:12:04","modified_gmt":"2026-04-30T13:12:04","slug":"comunidad-de-agua-de-estero-lechoso-consolida-su-organizacion-y-proyecta-el-futuro-agricola-del-valle-de-rio-ibanez","status":"publish","type":"post","link":"https:\/\/radiorevelacionfm.cl\/?p=66743","title":{"rendered":"Comunidad de Agua de Estero Lechoso consolida su organizaci\u00f3n y proyecta el futuro agr\u00edcola del valle de R\u00edo Ib\u00e1\u00f1ez"},"content":{"rendered":"<div class=\"flex_column av_one_full  flex_column_div av-zero-column-padding first  avia-builder-el-0  el_before_av_one_full  avia-builder-el-first  \" style='border-radius:0px; '><div  class='avia-image-container  av-styling-    avia-builder-el-1  avia-builder-el-no-sibling  avia-align-center '  itemprop=\"image\" itemscope=\"itemscope\" itemtype=\"https:\/\/schema.org\/ImageObject\"  ><div class='avia-image-container-inner'><div class='avia-image-overlay-wrap'><img decoding=\"async\" class='wp-image-66746 avia-img-lazy-loading-not-66746 avia_image' src=\"https:\/\/radiorevelacionfm.cl\/wp-content\/uploads\/2026\/04\/20260424_171703-2_optimized.jpg\" alt='' title='20260424_171703-(2)_optimized' height=\"600\" width=\"1066\"  itemprop=\"thumbnailUrl\" srcset=\"https:\/\/radiorevelacionfm.cl\/wp-content\/uploads\/2026\/04\/20260424_171703-2_optimized.jpg 1066w, https:\/\/radiorevelacionfm.cl\/wp-content\/uploads\/2026\/04\/20260424_171703-2_optimized-300x169.jpg 300w, https:\/\/radiorevelacionfm.cl\/wp-content\/uploads\/2026\/04\/20260424_171703-2_optimized-1030x580.jpg 1030w, https:\/\/radiorevelacionfm.cl\/wp-content\/uploads\/2026\/04\/20260424_171703-2_optimized-768x432.jpg 768w, https:\/\/radiorevelacionfm.cl\/wp-content\/uploads\/2026\/04\/20260424_171703-2_optimized-705x397.jpg 705w, https:\/\/radiorevelacionfm.cl\/wp-content\/uploads\/2026\/04\/20260424_171703-2_optimized-450x253.jpg 450w, https:\/\/radiorevelacionfm.cl\/wp-content\/uploads\/2026\/04\/20260424_171703-2_optimized-600x338.jpg 600w\" sizes=\"(max-width: 1066px) 100vw, 1066px\" \/><\/div><\/div><\/div><\/div><div class=\"flex_column av_one_full  flex_column_div av-zero-column-padding first  avia-builder-el-2  el_after_av_one_full  el_before_av_one_full  column-top-margin\" style='border-radius:0px; '><section class=\"av_textblock_section \"  itemscope=\"itemscope\" itemtype=\"https:\/\/schema.org\/BlogPosting\" itemprop=\"blogPost\" ><div class='avia_textblock  '   itemprop=\"text\" ><p style=\"text-align: center;\"><strong><span style=\"font-size: 18pt;\">Comunidad de Agua de Estero Lechoso consolida su organizaci\u00f3n y proyecta el futuro agr\u00edcola del valle de R\u00edo Ib\u00e1\u00f1ez<\/span><\/strong><\/p>\n<div id=\"gtx-trans\" style=\"position: absolute; left: -50px; top: 4.31534px;\">\n<div class=\"gtx-trans-icon\"><\/div>\n<\/div>\n<\/div><\/section><\/div><div class=\"flex_column av_one_full  flex_column_div av-zero-column-padding first  avia-builder-el-4  el_after_av_one_full  el_before_av_hr  column-top-margin\" style='border-radius:0px; '><section class=\"av_textblock_section \"  itemscope=\"itemscope\" itemtype=\"https:\/\/schema.org\/BlogPosting\" itemprop=\"blogPost\" ><div class='avia_textblock  '   itemprop=\"text\" ><p style=\"text-align: justify;\"><em>Con 59 socios y un diagn\u00f3stico que incluy\u00f3 cuatro alternativas de abastecimiento, la organizaci\u00f3n busca recuperar el esplendor productivo del valle mediante una gesti\u00f3n eficiente del riego, el mejoramiento de canales y el impulso a cultivos como hortalizas, frutas y vi\u00f1as.<\/em><\/p>\n<p style=\"text-align: justify;\">La recientemente formalizada Comunidad de Agua del Estero Lechoso, en la comuna de R\u00edo Ib\u00e1\u00f1ez, dio un paso clave hacia el desarrollo agr\u00edcola sostenible tras conocer los resultados de una consultor\u00eda que identific\u00f3 soluciones para aumentar el caudal de riego, mejorar la gobernanza y recuperar la productividad del valle, en una reuni\u00f3n encabezada por la Seremi de Agricultura de Ays\u00e9n, Yordy Cea.<\/p>\n<p style=\"text-align: justify;\">El estudio, ejecutado por la consultora de Pablo Carrasco y su equipo, incluy\u00f3 una etapa de diagn\u00f3stico mediante encuestas a los comuneros, donde se detectaron dos grandes brechas: la falta de gobernanza y los problemas de operaci\u00f3n de los canales de riego. \u201cLo m\u00e1s importante es una buena gobernanza, que funcione la comunidad, e ir mejorando la los canales, revisti\u00e9ndolos, limpi\u00e1ndolos y oper\u00e1ndolos de la mejor manera\u201d, explic\u00f3 Pablo Carrasco.<\/p>\n<p style=\"text-align: justify;\">Entre las soluciones analizadas destac\u00f3 el mejoramiento de los canales existentes y, a futuro, la opci\u00f3n de bombear agua desde el r\u00edo Ib\u00e1\u00f1ez mediante energ\u00edas renovables, lo que permitir\u00eda aumentar la superficie regada. \u201cNosotros lo que nos interesaba era saber qu\u00e9 alternativas tendr\u00edamos ante la eventualidad de que las aguas del arroyo Lechoso se acabaran o bajaran el caudal. Nos dieron cuatro opciones que est\u00e1n vigentes y que se pueden tener en cuenta llegado alg\u00fan momento\u201d, se\u00f1al\u00f3 Armando Godoy, secretario de la Comunidad de Agua, quien adem\u00e1s inform\u00f3 que en un mes m\u00e1s se elegir\u00e1 la directiva definitiva, ya que actualmente funcionan como directiva provisoria.<\/p>\n<p style=\"text-align: justify;\">Jessy Vargas, directora de la organizaci\u00f3n, enfatiz\u00f3 la necesidad de fortalecer el trabajo colectivo. \u201cSi no somos comunidad, si no tenemos organizaci\u00f3n, no vamos a poder tener todo lo que queremos: beneficios sobre revestimiento, proyectos para las personas, riegos planificados. Tenemos los derechos de agua, la tierra, el microclima. Si bien nuestros comuneros est\u00e1n envejeciendo, a\u00fan se puede trabajar. Creo que volver\u00edamos a ser el valle productivo que fuimos muchos a\u00f1os atr\u00e1s\u201d, afirm\u00f3.<\/p>\n<p style=\"text-align: justify;\">En esa l\u00ednea, destac\u00f3, Vargas el naciente valle vitivin\u00edcola local con una vi\u00f1a funcionando, y dos m\u00e1s en experimento. \u201cAdem\u00e1s de la lechuga y los invernaderos, tenemos frutas, hortalizas, vinos. Un amplio panorama para el futuro\u201d.<\/p>\n<p style=\"text-align: justify;\">Respecto al trabajo efectuado por la consultora destac\u00f3 el despliegue territorial, el puerta a puerta, la visita a cada comunero. \u201cEso le gust\u00f3 mucho a la gente, porque a veces el aviso en la radio lo hace m\u00e1s impersonal. Estamos viendo m\u00e1s participaci\u00f3n\u201d, agreg\u00f3 Jessy Vargas.<\/p>\n<p style=\"text-align: justify;\">Por su parte el seremi de Agricultura de Ays\u00e9n, Yordy Cea Espa\u00f1a, destac\u00f3 el valor de este proceso al cierre de la reuni\u00f3n. \u201cEstamos dando a conocer los resultados finales de un proyecto desarrollado en el marco del Programa Marco de Desarrollo Territorial, que se extendi\u00f3 por casi cinco a\u00f1os. La formalizaci\u00f3n de las tenencias de agua y su administraci\u00f3n generan importantes oportunidades. Administrando el agua con buena organizaci\u00f3n, vamos a promover el desarrollo de la agricultura en la comuna de R\u00edo Ib\u00e1\u00f1ez\u201d, sostuvo.<\/p>\n<p style=\"text-align: justify;\">Pablo Carrasco resumi\u00f3 el potencial del lugar, reafirmando que R\u00edo Ib\u00e1\u00f1ez tiene todas las condiciones. \u201cEs el lugar so\u00f1ado de la regi\u00f3n: buen clima, alta insolaci\u00f3n, agua y gente con ganas de trabajar. Las comunidades que funcionan son capaces de producir muchos recursos, mucha productividad y mejorar la calidad de vida de su gente\u201d.<\/p>\n<\/div><\/section><\/div><div  style='height:50px' class='hr hr-invisible   avia-builder-el-6  el_after_av_one_full  el_before_av_social_share '><span class='hr-inner ' ><span class='hr-inner-style'><\/span><\/span><\/div><\/p>\n<div  class='av-social-sharing-box  avia-builder-el-7  el_after_av_hr  el_before_av_hr  '><div class='av-share-box'><h5 class='av-share-link-description av-no-toc '>Compartir esta noticia<\/h5><ul class='av-share-box-list noLightbox'><li class='av-share-link av-social-link-facebook' ><a target=\"_blank\" aria-label=\"Compartir en Facebook\" href='https:\/\/www.facebook.com\/sharer.php?u=https:\/\/radiorevelacionfm.cl\/?p=66743&#038;t=Comunidad%20de%20Agua%20de%20Estero%20Lechoso%20consolida%20su%20organizaci%C3%B3n%20y%20proyecta%20el%20futuro%20agr%C3%ADcola%20del%20valle%20de%20R%C3%ADo%20Ib%C3%A1%C3%B1ez' aria-hidden='false' data-av_icon='\ue8f3' data-av_iconfont='entypo-fontello' title='' data-avia-related-tooltip='Compartir en Facebook' rel=\"noopener\"><span class='avia_hidden_link_text'>Compartir en Facebook<\/span><\/a><\/li><li class='av-share-link av-social-link-twitter' ><a target=\"_blank\" aria-label=\"Compartir en Twitter\" href='https:\/\/twitter.com\/share?text=Comunidad%20de%20Agua%20de%20Estero%20Lechoso%20consolida%20su%20organizaci%C3%B3n%20y%20proyecta%20el%20futuro%20agr%C3%ADcola%20del%20valle%20de%20R%C3%ADo%20Ib%C3%A1%C3%B1ez&#038;url=https:\/\/radiorevelacionfm.cl\/?p=66743' aria-hidden='false' data-av_icon='\ue8f1' data-av_iconfont='entypo-fontello' title='' data-avia-related-tooltip='Compartir en Twitter' rel=\"noopener\"><span class='avia_hidden_link_text'>Compartir en Twitter<\/span><\/a><\/li><li class='av-share-link av-social-link-whatsapp' ><a target=\"_blank\" aria-label=\"Compartir en Whatsapp\" href='https:\/\/api.whatsapp.com\/send?text=https:\/\/radiorevelacionfm.cl\/?p=66743' aria-hidden='false' data-av_icon='\uf232' data-av_iconfont='entypo-fontello' title='' data-avia-related-tooltip='Compartir en Whatsapp' rel=\"noopener\"><span class='avia_hidden_link_text'>Compartir en Whatsapp<\/span><\/a><\/li><li class='av-share-link av-social-link-linkedin' ><a target=\"_blank\" aria-label=\"Compartir en LinkedIn\" href='https:\/\/linkedin.com\/shareArticle?mini=true&#038;title=Comunidad%20de%20Agua%20de%20Estero%20Lechoso%20consolida%20su%20organizaci%C3%B3n%20y%20proyecta%20el%20futuro%20agr%C3%ADcola%20del%20valle%20de%20R%C3%ADo%20Ib%C3%A1%C3%B1ez&#038;url=https:\/\/radiorevelacionfm.cl\/?p=66743' aria-hidden='false' data-av_icon='\ue8fc' data-av_iconfont='entypo-fontello' title='' data-avia-related-tooltip='Compartir en LinkedIn' rel=\"noopener\"><span class='avia_hidden_link_text'>Compartir en LinkedIn<\/span><\/a><\/li><li class='av-share-link av-social-link-mail' ><a  aria-label=\"Compartir por correo\" href='mailto:?subject=Comunidad%20de%20Agua%20de%20Estero%20Lechoso%20consolida%20su%20organizaci%C3%B3n%20y%20proyecta%20el%20futuro%20agr%C3%ADcola%20del%20valle%20de%20R%C3%ADo%20Ib%C3%A1%C3%B1ez&#038;body=https:\/\/radiorevelacionfm.cl\/?p=66743' aria-hidden='false' data-av_icon='\ue805' data-av_iconfont='entypo-fontello' title='' data-avia-related-tooltip='Compartir por correo'><span class='avia_hidden_link_text'>Compartir por correo<\/span><\/a><\/li><\/ul><\/div><\/div>\n<div  style='height:50px' class='hr hr-invisible   avia-builder-el-8  el_after_av_social_share  el_before_av_comments_list '><span class='hr-inner ' ><span class='hr-inner-style'><\/span><\/span><\/div>\n<div  class='av-buildercomment  av-blog-meta-html-info-disabled av-blog-meta-tag-disabled  '><\/div>\n","protected":false},"excerpt":{"rendered":"","protected":false},"author":1,"featured_media":66746,"comment_status":"closed","ping_status":"closed","sticky":false,"template":"","format":"standard","meta":{"footnotes":""},"categories":[38],"tags":[],"class_list":["post-66743","post","type-post","status-publish","format-standard","has-post-thumbnail","hentry","category-regional"],"jetpack_featured_media_url":"https:\/\/radiorevelacionfm.cl\/wp-content\/uploads\/2026\/04\/20260424_171703-2_optimized.jpg","_links":{"self":[{"href":"https:\/\/radiorevelacionfm.cl\/index.php?rest_route=\/wp\/v2\/posts\/66743","targetHints":{"allow":["GET"]}}],"collection":[{"href":"https:\/\/radiorevelacionfm.cl\/index.php?rest_route=\/wp\/v2\/posts"}],"about":[{"href":"https:\/\/radiorevelacionfm.cl\/index.php?rest_route=\/wp\/v2\/types\/post"}],"author":[{"embeddable":true,"href":"https:\/\/radiorevelacionfm.cl\/index.php?rest_route=\/wp\/v2\/users\/1"}],"replies":[{"embeddable":true,"href":"https:\/\/radiorevelacionfm.cl\/index.php?rest_route=%2Fwp%2Fv2%2Fcomments&post=66743"}],"version-history":[{"count":2,"href":"https:\/\/radiorevelacionfm.cl\/index.php?rest_route=\/wp\/v2\/posts\/66743\/revisions"}],"predecessor-version":[{"id":66763,"href":"https:\/\/radiorevelacionfm.cl\/index.php?rest_route=\/wp\/v2\/posts\/66743\/revisions\/66763"}],"wp:featuredmedia":[{"embeddable":true,"href":"https:\/\/radiorevelacionfm.cl\/index.php?rest_route=\/wp\/v2\/media\/66746"}],"wp:attachment":[{"href":"https:\/\/radiorevelacionfm.cl\/index.php?rest_route=%2Fwp%2Fv2%2Fmedia&parent=66743"}],"wp:term":[{"taxonomy":"category","embeddable":true,"href":"https:\/\/radiorevelacionfm.cl\/index.php?rest_route=%2Fwp%2Fv2%2Fcategories&post=66743"},{"taxonomy":"post_tag","embeddable":true,"href":"https:\/\/radiorevelacionfm.cl\/index.php?rest_route=%2Fwp%2Fv2%2Ftags&post=66743"}],"curies":[{"name":"wp","href":"https:\/\/api.w.org\/{rel}","templated":true}]}}