{"id":66740,"date":"2026-04-29T18:56:14","date_gmt":"2026-04-29T21:56:14","guid":{"rendered":"https:\/\/radiorevelacionfm.cl\/?p=66740"},"modified":"2026-04-29T18:56:14","modified_gmt":"2026-04-29T21:56:14","slug":"gira-del-subsecretario-de-medio-ambiente-en-aysen-refuerza-trabajo-conjunto-por-la-calidad-del-aire","status":"publish","type":"post","link":"https:\/\/radiorevelacionfm.cl\/?p=66740","title":{"rendered":"Gira del subsecretario de Medio Ambiente en Ays\u00e9n refuerza trabajo conjunto por la calidad del aire"},"content":{"rendered":"<div class=\"flex_column av_one_full  flex_column_div av-zero-column-padding first  avia-builder-el-0  el_before_av_one_full  avia-builder-el-first  \" style='border-radius:0px; '><div  class='avia-image-container  av-styling-    avia-builder-el-1  avia-builder-el-no-sibling  avia-align-center '  itemprop=\"image\" itemscope=\"itemscope\" itemtype=\"https:\/\/schema.org\/ImageObject\"  ><div class='avia-image-container-inner'><div class='avia-image-overlay-wrap'><img decoding=\"async\" class='wp-image-66741 avia-img-lazy-loading-not-66741 avia_image' src=\"https:\/\/radiorevelacionfm.cl\/wp-content\/uploads\/2026\/04\/7-49-1-1.jpg\" alt='' title='7 (49) (1) (1)' height=\"600\" width=\"900\"  itemprop=\"thumbnailUrl\" srcset=\"https:\/\/radiorevelacionfm.cl\/wp-content\/uploads\/2026\/04\/7-49-1-1.jpg 900w, https:\/\/radiorevelacionfm.cl\/wp-content\/uploads\/2026\/04\/7-49-1-1-300x200.jpg 300w, https:\/\/radiorevelacionfm.cl\/wp-content\/uploads\/2026\/04\/7-49-1-1-768x512.jpg 768w, https:\/\/radiorevelacionfm.cl\/wp-content\/uploads\/2026\/04\/7-49-1-1-705x470.jpg 705w, https:\/\/radiorevelacionfm.cl\/wp-content\/uploads\/2026\/04\/7-49-1-1-450x300.jpg 450w, https:\/\/radiorevelacionfm.cl\/wp-content\/uploads\/2026\/04\/7-49-1-1-600x400.jpg 600w\" sizes=\"(max-width: 900px) 100vw, 900px\" \/><\/div><\/div><\/div><\/div><div class=\"flex_column av_one_full  flex_column_div av-zero-column-padding first  avia-builder-el-2  el_after_av_one_full  el_before_av_one_full  column-top-margin\" style='border-radius:0px; '><section class=\"av_textblock_section \"  itemscope=\"itemscope\" itemtype=\"https:\/\/schema.org\/BlogPosting\" itemprop=\"blogPost\" ><div class='avia_textblock  '   itemprop=\"text\" ><p style=\"text-align: center;\"><strong><span style=\"font-size: 18pt;\">Gira del subsecretario de Medio Ambiente en Ays\u00e9n refuerza trabajo conjunto por la calidad del aire<\/span><\/strong><\/p>\n<div id=\"gtx-trans\" style=\"position: absolute; left: -50px; top: 4.31534px;\">\n<div class=\"gtx-trans-icon\"><\/div>\n<\/div>\n<\/div><\/section><\/div><div class=\"flex_column av_one_full  flex_column_div av-zero-column-padding first  avia-builder-el-4  el_after_av_one_full  el_before_av_hr  column-top-margin\" style='border-radius:0px; '><section class=\"av_textblock_section \"  itemscope=\"itemscope\" itemtype=\"https:\/\/schema.org\/BlogPosting\" itemprop=\"blogPost\" ><div class='avia_textblock  '   itemprop=\"text\" ><p style=\"text-align: justify;\"><em>En el marco de su visita a la Regi\u00f3n de Ays\u00e9n, el subsecretario del Medio Ambiente, Jos\u00e9 Vial, desarroll\u00f3 una intensa agenda territorial enfocada en el fortalecimiento de las medidas del Plan de Descontaminaci\u00f3n Atmosf\u00e9rica (PDA) de Coyhaique, destacando el trabajo interinstitucional y el impacto concreto de las pol\u00edticas p\u00fablicas en la calidad de vida de las familias ayseninas.<\/em><\/p>\n<p style=\"text-align: justify;\">El subsecretario del Medio Ambiente, Jos\u00e9 Vial, recorri\u00f3 la Regi\u00f3n de Ays\u00e9n para participar de la nutrida agenda medioambiental local. La gira contempl\u00f3 encuentros con autoridades regionales, comunidades educativas, municipios y familias beneficiarias de programas ambientales.<\/p>\n<p style=\"text-align: justify;\">En el cierre del viaje, desde la Reserva Nacional Coyhaique, el subsecretario destac\u00f3 las jornadas de trabajo y habl\u00f3 de la reuni\u00f3n que sostuvo con el gobernador regional, con foco en la articulaci\u00f3n de medidas como el recambio de calefactores, aislaci\u00f3n t\u00e9rmica y una estrategia regional de calidad del aire, con acciones que puedan prevenir la contaminaci\u00f3n en peque\u00f1as localidades:<\/p>\n<p style=\"text-align: justify;\">\u201cFuimos a la ciudad de Coyhaique, estuvimos con los adjudicatarios, los beneficiarios del Programa Recambio Calefactores, que est\u00e1 ayudando a descontaminar la ciudad. Tambi\u00e9n vimos los resultados del Programa de Aislaci\u00f3n T\u00e9rmica en viviendas y conocimos personas que se han matriculado con composteras para disminuir la generaci\u00f3n de residuos org\u00e1nicos\u201d, destac\u00f3 la autoridad ambiental, agradeciendo la participaci\u00f3n y acogida de la comunidad aysenina.<\/p>\n<p style=\"text-align: justify;\"><strong>Recambio de Calefactores<\/strong><\/p>\n<p style=\"text-align: justify;\">Durante el recorrido, el subsecretario visit\u00f3 los hogares de beneficiarios y beneficiarias del Programa de Recambio de Calefactores, iniciativa que a la fecha ha permitido la instalaci\u00f3n de m\u00e1s de 10 mil equipos en Coyhaique, contribuyendo directamente a la reducci\u00f3n de emisiones contaminantes y al bienestar intradomiciliario de las familias adjudicadas. Asimismo, relev\u00f3 el rol complementario del acondicionamiento t\u00e9rmico de viviendas, una medida estructural del PDA que permite mejorar la eficiencia energ\u00e9tica, reducir el consumo de calefacci\u00f3n y avanzar hacia soluciones m\u00e1s limpias y sostenibles en el tiempo.<\/p>\n<p style=\"text-align: justify;\">Al respecto, una de las beneficiarias del Programa de Recambio de Calefactores, Karina Mena, calific\u00f3 la iniciativa como \u201cun cambio de vida\u201d, aludiendo al poder energ\u00e9tico de calor del artefacto a pellet y a la comodidad que presenta versus la le\u00f1a: \u201cVivo en un lugar que est\u00e1 s\u00faper contaminado de Coyhaique, uno sale a la reja, te pican los ojos y te quedas con el pelo pasado a humo. Yo le recomiendo a mis vecinos que ojal\u00e1 todos postulen al Programa para que su humo no nos llegue directamente\u201d, invit\u00f3 Karina.<\/p>\n<p style=\"text-align: justify;\">La agenda tambi\u00e9n incorpor\u00f3 la visita a una beneficiaria del Programa de Compostaje Domiciliario, financiado por el Gobierno Regional, iniciativa que fortalece la gesti\u00f3n de residuos org\u00e1nicos desde los hogares. La adjudicada, en conjunto con su familia, recibi\u00f3 al subsecretario para mostrar los beneficios de los programas ambientales a los que han accedido, entre ellos el kit de compostaje, revestimiento t\u00e9rmico y recambio de calefactores: \u201cYo postul\u00e9 a la compostera y ayuda harto a hacer la bolsita de basura m\u00e1s liviana. Adem\u00e1s sale bonita tierra para sembrar m\u00e1s todav\u00eda\u201d, declar\u00f3 Ana Mar\u00eda llanos, orgullosa de su huerta de perejil, cilantro, frutilla, ajo y albaricoque.<\/p>\n<p style=\"text-align: justify;\">Una postura similar tuvo el marido de Ana Mar\u00eda, quien destac\u00f3 las bondades de los \u00a0Programas ambientales: \u201cHicimos el recambio del calefactor y es espectacular, nos ha cambiado mucho la vida porque tenemos calefacci\u00f3n espectacular, la comodidad de no picar le\u00f1a, de llegar a la casa, apretar un bot\u00f3n y tener calefacci\u00f3n (\u2026) El revestimiento\u00a0 t\u00e9rmico\u00a0 tambi\u00e9n es una gran ayuda, porque la calefacci\u00f3n no se va tan r\u00e1pido. De verdad, yo los invito que postulen a ojos cerrado porque es una gran soluci\u00f3n para su vida\u201d, asegur\u00f3 Juan Morales.<\/p>\n<p style=\"text-align: justify;\"><strong>Educaci\u00f3n (SNCAE) y compromiso municipal (SCAM)<\/strong><\/p>\n<p style=\"text-align: justify;\">En materia de educaci\u00f3n ambiental, la gira incluy\u00f3 la presencia del subsecretario en la ceremonia de certificaci\u00f3n del Sistema Nacional de Certificaci\u00f3n Ambiental de Establecimientos Educacionales (SNCAE), destacando el compromiso de comunidades educativas de la Regi\u00f3n en la formaci\u00f3n de ni\u00f1os, ni\u00f1as y j\u00f3venes como agentes de cambio.<\/p>\n<p style=\"text-align: justify;\">Tambi\u00e9n en la comuna de Ays\u00e9n, la jornada inicial estuvo marcada por un hito relevante: la obtenci\u00f3n del nivel de excelencia del Sistema de Certificaci\u00f3n Ambiental Municipal (SCAM) por parte de la Ilustre Municipalidad de Ays\u00e9n, posicion\u00e1ndola como un referente en gesti\u00f3n ambiental local a nivel regional.<\/p>\n<p style=\"text-align: justify;\">La gira del subsecretario reafirma el compromiso del Ministerio del Medio Ambiente con una gesti\u00f3n ambiental que se construye de manera colaborativa, articulando a distintos servicios p\u00fablicos, gobiernos locales y comunidades, con el objetivo de avanzar en soluciones concretas frente a los desaf\u00edos ambientales de la Regi\u00f3n de Ays\u00e9n.<\/p>\n<\/div><\/section><\/div><div  style='height:50px' class='hr hr-invisible   avia-builder-el-6  el_after_av_one_full  el_before_av_social_share '><span class='hr-inner ' ><span class='hr-inner-style'><\/span><\/span><\/div><\/p>\n<div  class='av-social-sharing-box  avia-builder-el-7  el_after_av_hr  el_before_av_hr  '><div class='av-share-box'><h5 class='av-share-link-description av-no-toc '>Compartir esta noticia<\/h5><ul class='av-share-box-list noLightbox'><li class='av-share-link av-social-link-facebook' ><a target=\"_blank\" aria-label=\"Compartir en Facebook\" href='https:\/\/www.facebook.com\/sharer.php?u=https:\/\/radiorevelacionfm.cl\/?p=66740&#038;t=Gira%20del%20subsecretario%20de%20Medio%20Ambiente%20en%20Ays%C3%A9n%20refuerza%20trabajo%20conjunto%20por%20la%20calidad%20del%20aire' aria-hidden='false' data-av_icon='\ue8f3' data-av_iconfont='entypo-fontello' title='' data-avia-related-tooltip='Compartir en Facebook' rel=\"noopener\"><span class='avia_hidden_link_text'>Compartir en Facebook<\/span><\/a><\/li><li class='av-share-link av-social-link-twitter' ><a target=\"_blank\" aria-label=\"Compartir en Twitter\" href='https:\/\/twitter.com\/share?text=Gira%20del%20subsecretario%20de%20Medio%20Ambiente%20en%20Ays%C3%A9n%20refuerza%20trabajo%20conjunto%20por%20la%20calidad%20del%20aire&#038;url=https:\/\/radiorevelacionfm.cl\/?p=66740' aria-hidden='false' data-av_icon='\ue8f1' data-av_iconfont='entypo-fontello' title='' data-avia-related-tooltip='Compartir en Twitter' rel=\"noopener\"><span class='avia_hidden_link_text'>Compartir en Twitter<\/span><\/a><\/li><li class='av-share-link av-social-link-whatsapp' ><a target=\"_blank\" aria-label=\"Compartir en Whatsapp\" href='https:\/\/api.whatsapp.com\/send?text=https:\/\/radiorevelacionfm.cl\/?p=66740' aria-hidden='false' data-av_icon='\uf232' data-av_iconfont='entypo-fontello' title='' data-avia-related-tooltip='Compartir en Whatsapp' rel=\"noopener\"><span class='avia_hidden_link_text'>Compartir en Whatsapp<\/span><\/a><\/li><li class='av-share-link av-social-link-linkedin' ><a target=\"_blank\" aria-label=\"Compartir en LinkedIn\" href='https:\/\/linkedin.com\/shareArticle?mini=true&#038;title=Gira%20del%20subsecretario%20de%20Medio%20Ambiente%20en%20Ays%C3%A9n%20refuerza%20trabajo%20conjunto%20por%20la%20calidad%20del%20aire&#038;url=https:\/\/radiorevelacionfm.cl\/?p=66740' aria-hidden='false' data-av_icon='\ue8fc' data-av_iconfont='entypo-fontello' title='' data-avia-related-tooltip='Compartir en LinkedIn' rel=\"noopener\"><span class='avia_hidden_link_text'>Compartir en LinkedIn<\/span><\/a><\/li><li class='av-share-link av-social-link-mail' ><a  aria-label=\"Compartir por correo\" href='mailto:?subject=Gira%20del%20subsecretario%20de%20Medio%20Ambiente%20en%20Ays%C3%A9n%20refuerza%20trabajo%20conjunto%20por%20la%20calidad%20del%20aire&#038;body=https:\/\/radiorevelacionfm.cl\/?p=66740' aria-hidden='false' data-av_icon='\ue805' data-av_iconfont='entypo-fontello' title='' data-avia-related-tooltip='Compartir por correo'><span class='avia_hidden_link_text'>Compartir por correo<\/span><\/a><\/li><\/ul><\/div><\/div>\n<div  style='height:50px' class='hr hr-invisible   avia-builder-el-8  el_after_av_social_share  el_before_av_comments_list '><span class='hr-inner ' ><span class='hr-inner-style'><\/span><\/span><\/div>\n<div  class='av-buildercomment  av-blog-meta-html-info-disabled av-blog-meta-tag-disabled  '><\/div>\n","protected":false},"excerpt":{"rendered":"","protected":false},"author":1,"featured_media":66741,"comment_status":"closed","ping_status":"closed","sticky":false,"template":"","format":"standard","meta":{"footnotes":""},"categories":[39],"tags":[],"class_list":["post-66740","post","type-post","status-publish","format-standard","has-post-thumbnail","hentry","category-medio-ambiente"],"jetpack_featured_media_url":"https:\/\/radiorevelacionfm.cl\/wp-content\/uploads\/2026\/04\/7-49-1-1.jpg","_links":{"self":[{"href":"https:\/\/radiorevelacionfm.cl\/index.php?rest_route=\/wp\/v2\/posts\/66740","targetHints":{"allow":["GET"]}}],"collection":[{"href":"https:\/\/radiorevelacionfm.cl\/index.php?rest_route=\/wp\/v2\/posts"}],"about":[{"href":"https:\/\/radiorevelacionfm.cl\/index.php?rest_route=\/wp\/v2\/types\/post"}],"author":[{"embeddable":true,"href":"https:\/\/radiorevelacionfm.cl\/index.php?rest_route=\/wp\/v2\/users\/1"}],"replies":[{"embeddable":true,"href":"https:\/\/radiorevelacionfm.cl\/index.php?rest_route=%2Fwp%2Fv2%2Fcomments&post=66740"}],"version-history":[{"count":2,"href":"https:\/\/radiorevelacionfm.cl\/index.php?rest_route=\/wp\/v2\/posts\/66740\/revisions"}],"predecessor-version":[{"id":66754,"href":"https:\/\/radiorevelacionfm.cl\/index.php?rest_route=\/wp\/v2\/posts\/66740\/revisions\/66754"}],"wp:featuredmedia":[{"embeddable":true,"href":"https:\/\/radiorevelacionfm.cl\/index.php?rest_route=\/wp\/v2\/media\/66741"}],"wp:attachment":[{"href":"https:\/\/radiorevelacionfm.cl\/index.php?rest_route=%2Fwp%2Fv2%2Fmedia&parent=66740"}],"wp:term":[{"taxonomy":"category","embeddable":true,"href":"https:\/\/radiorevelacionfm.cl\/index.php?rest_route=%2Fwp%2Fv2%2Fcategories&post=66740"},{"taxonomy":"post_tag","embeddable":true,"href":"https:\/\/radiorevelacionfm.cl\/index.php?rest_route=%2Fwp%2Fv2%2Ftags&post=66740"}],"curies":[{"name":"wp","href":"https:\/\/api.w.org\/{rel}","templated":true}]}}