{"id":66733,"date":"2026-04-29T17:47:30","date_gmt":"2026-04-29T20:47:30","guid":{"rendered":"https:\/\/radiorevelacionfm.cl\/?p=66733"},"modified":"2026-04-29T17:47:30","modified_gmt":"2026-04-29T20:47:30","slug":"calisto-pide-celeridad-en-compromisos-ante-grave-crisis-oncologica-en-aysen","status":"publish","type":"post","link":"https:\/\/radiorevelacionfm.cl\/?p=66733","title":{"rendered":"Calisto pide celeridad en compromisos ante grave crisis oncol\u00f3gica en Ays\u00e9n"},"content":{"rendered":"<div class=\"flex_column av_one_full  flex_column_div av-zero-column-padding first  avia-builder-el-0  el_before_av_one_full  avia-builder-el-first  \" style='border-radius:0px; '><div  class='avia-image-container  av-styling-    avia-builder-el-1  avia-builder-el-no-sibling  avia-align-center '  itemprop=\"image\" itemscope=\"itemscope\" itemtype=\"https:\/\/schema.org\/ImageObject\"  ><div class='avia-image-container-inner'><div class='avia-image-overlay-wrap'><img decoding=\"async\" class='wp-image-66734 avia-img-lazy-loading-not-66734 avia_image' src=\"https:\/\/radiorevelacionfm.cl\/wp-content\/uploads\/2026\/04\/FOTO-CALISTO-ONCO-AYSEN-1-1.jpg\" alt='' title='FOTO CALISTO ONCO AYS\u00c9N (1) (1)' height=\"600\" width=\"831\"  itemprop=\"thumbnailUrl\" srcset=\"https:\/\/radiorevelacionfm.cl\/wp-content\/uploads\/2026\/04\/FOTO-CALISTO-ONCO-AYSEN-1-1.jpg 831w, https:\/\/radiorevelacionfm.cl\/wp-content\/uploads\/2026\/04\/FOTO-CALISTO-ONCO-AYSEN-1-1-300x217.jpg 300w, https:\/\/radiorevelacionfm.cl\/wp-content\/uploads\/2026\/04\/FOTO-CALISTO-ONCO-AYSEN-1-1-768x555.jpg 768w, https:\/\/radiorevelacionfm.cl\/wp-content\/uploads\/2026\/04\/FOTO-CALISTO-ONCO-AYSEN-1-1-705x509.jpg 705w, https:\/\/radiorevelacionfm.cl\/wp-content\/uploads\/2026\/04\/FOTO-CALISTO-ONCO-AYSEN-1-1-450x325.jpg 450w, https:\/\/radiorevelacionfm.cl\/wp-content\/uploads\/2026\/04\/FOTO-CALISTO-ONCO-AYSEN-1-1-600x433.jpg 600w\" sizes=\"(max-width: 831px) 100vw, 831px\" \/><\/div><\/div><\/div><\/div><div class=\"flex_column av_one_full  flex_column_div av-zero-column-padding first  avia-builder-el-2  el_after_av_one_full  el_before_av_one_full  column-top-margin\" style='border-radius:0px; '><section class=\"av_textblock_section \"  itemscope=\"itemscope\" itemtype=\"https:\/\/schema.org\/BlogPosting\" itemprop=\"blogPost\" ><div class='avia_textblock  '   itemprop=\"text\" ><p style=\"text-align: center;\"><strong><span style=\"font-size: 18pt;\">Calisto pide celeridad en compromisos ante grave crisis oncol\u00f3gica en Ays\u00e9n<\/span><\/strong><\/p>\n<div id=\"gtx-trans\" style=\"position: absolute; left: -50px; top: 4.31534px;\"><\/div>\n<\/div><\/section><\/div><div class=\"flex_column av_one_full  flex_column_div av-zero-column-padding first  avia-builder-el-4  el_after_av_one_full  el_before_av_hr  column-top-margin\" style='border-radius:0px; '><section class=\"av_textblock_section \"  itemscope=\"itemscope\" itemtype=\"https:\/\/schema.org\/BlogPosting\" itemprop=\"blogPost\" ><div class='avia_textblock  '   itemprop=\"text\" ><p style=\"text-align: justify;\"><em>Tras una reciente reuni\u00f3n con autoridades de salud y organizaciones civiles, el senador Miguel \u00c1ngel Calisto manifest\u00f3 su profunda preocupaci\u00f3n por el incumplimiento de los plazos en proyectos clave y la persistencia de brechas que hoy ponen en riesgo la vida de cientos de pacientes, especialmente en el tema oncol\u00f3gico.<\/em><\/p>\n<p style=\"text-align: justify;\">La Regi\u00f3n de Ays\u00e9n enfrenta una situaci\u00f3n cr\u00edtica en materia de salud p\u00fablica, marcada por el aumento de casos de c\u00e1ncer y una infraestructura que no logra dar abasto a las necesidades urgentes de la poblaci\u00f3n.<\/p>\n<p style=\"text-align: justify;\">Valeria Galaz, presidenta de la Corporaci\u00f3n Onco Ays\u00e9n, quien estuvo presente en la instancia, fue enf\u00e1tica al se\u00f1alar que el tiempo se agota para las familias que esperan soluciones concretas. Seg\u00fan Galaz, \u00abencontramos que falta mucho por cumplir o por hacer todav\u00eda, ya que la comunidad est\u00e1 al tanto de lo que est\u00e1 pasando aqu\u00ed con el tema oncol\u00f3gico\u00bb. Uno de los puntos de mayor tensi\u00f3n es el retraso del Centro Oncol\u00f3gico Transitorio, un proyecto del que dependen muchos tratamientos locales. \u00abEstamos esperando la licitaci\u00f3n; el director se comprometi\u00f3 que de aqu\u00ed a la otra semana ten\u00edan que viajar a Santiago para ir a pedir el presupuesto y, bajo eso, nos va a hacer una reuni\u00f3n a nosotros para poder contarnos en qu\u00e9 proceso va\u00bb, detall\u00f3 la dirigenta.<\/p>\n<p style=\"text-align: justify;\">Por su parte, el senador Calisto valor\u00f3 el esfuerzo de las organizaciones sociales, reconociendo que su rol ha sido vital debido a las falencias estatales. \u00abLas organizaciones nacen porque, en definitiva, las instituciones del Estado no dan respuesta; y evidentemente eso es algo que nosotros tenemos que permanentemente escuchar\u00bb, afirm\u00f3 el parlamentario. Sin embargo, Calisto cuestion\u00f3 duramente el estado de la licitaci\u00f3n de la estructura modular para la atenci\u00f3n oncol\u00f3gica, la cual debi\u00f3 iniciar sus tr\u00e1mites en el primer trimestre del a\u00f1o. \u00abSi estamos hablando de que el c\u00e1ncer es un tema de tiempo, evidentemente tenemos que actuar con la urgencia necesaria respecto de una enfermedad tan compleja\u00bb, fustig\u00f3 el legislador.<\/p>\n<p style=\"text-align: justify;\">La preocupaci\u00f3n del senador tambi\u00e9n se extendi\u00f3 a las alarmantes listas de espera para ex\u00e1menes preventivos y de diagn\u00f3stico, como colonoscopias y mamograf\u00edas, donde las demoras pueden superar los tres meses. Al respecto, Calisto denunci\u00f3 la desigualdad que sufren los habitantes de la zona: \u00abEsa es una brecha entre alguien que se atiende en el sector p\u00fablico, que en el caso nuestro en Ays\u00e9n somos todos, versus alguien que tiene plata, se toma un avi\u00f3n, se va a una cl\u00ednica ya sea Puerto Varas o Santiago y resuelve su tema con m\u00e1s rapidez\u00bb.<\/p>\n<p style=\"text-align: justify;\">Ante este escenario, la comunidad regional mantiene un estado de alerta frente a las promesas de la administraci\u00f3n central. La crisis oncol\u00f3gica en Ays\u00e9n no solo revela la falta de equipamiento t\u00e9cnico y humano, sino tambi\u00e9n una centralizaci\u00f3n que castiga a las zonas extremas. La resoluci\u00f3n de estas deficiencias administrativas y presupuestarias es hoy la prioridad m\u00e1xima para evitar que el diagn\u00f3stico de c\u00e1ncer siga siendo sin\u00f3nimo de una espera burocr\u00e1tica insalvable para las familias ayseninas.<\/p>\n<\/div><\/section><\/div><div  style='height:50px' class='hr hr-invisible   avia-builder-el-6  el_after_av_one_full  el_before_av_social_share '><span class='hr-inner ' ><span class='hr-inner-style'><\/span><\/span><\/div><\/p>\n<div  class='av-social-sharing-box  avia-builder-el-7  el_after_av_hr  el_before_av_hr  '><div class='av-share-box'><h5 class='av-share-link-description av-no-toc '>Compartir esta noticia<\/h5><ul class='av-share-box-list noLightbox'><li class='av-share-link av-social-link-facebook' ><a target=\"_blank\" aria-label=\"Compartir en Facebook\" href='https:\/\/www.facebook.com\/sharer.php?u=https:\/\/radiorevelacionfm.cl\/?p=66733&#038;t=Calisto%20pide%20celeridad%20en%20compromisos%20ante%20grave%20crisis%20oncol%C3%B3gica%20en%20Ays%C3%A9n' aria-hidden='false' data-av_icon='\ue8f3' data-av_iconfont='entypo-fontello' title='' data-avia-related-tooltip='Compartir en Facebook' rel=\"noopener\"><span class='avia_hidden_link_text'>Compartir en Facebook<\/span><\/a><\/li><li class='av-share-link av-social-link-twitter' ><a target=\"_blank\" aria-label=\"Compartir en Twitter\" href='https:\/\/twitter.com\/share?text=Calisto%20pide%20celeridad%20en%20compromisos%20ante%20grave%20crisis%20oncol%C3%B3gica%20en%20Ays%C3%A9n&#038;url=https:\/\/radiorevelacionfm.cl\/?p=66733' aria-hidden='false' data-av_icon='\ue8f1' data-av_iconfont='entypo-fontello' title='' data-avia-related-tooltip='Compartir en Twitter' rel=\"noopener\"><span class='avia_hidden_link_text'>Compartir en Twitter<\/span><\/a><\/li><li class='av-share-link av-social-link-whatsapp' ><a target=\"_blank\" aria-label=\"Compartir en Whatsapp\" href='https:\/\/api.whatsapp.com\/send?text=https:\/\/radiorevelacionfm.cl\/?p=66733' aria-hidden='false' data-av_icon='\uf232' data-av_iconfont='entypo-fontello' title='' data-avia-related-tooltip='Compartir en Whatsapp' rel=\"noopener\"><span class='avia_hidden_link_text'>Compartir en Whatsapp<\/span><\/a><\/li><li class='av-share-link av-social-link-linkedin' ><a target=\"_blank\" aria-label=\"Compartir en LinkedIn\" href='https:\/\/linkedin.com\/shareArticle?mini=true&#038;title=Calisto%20pide%20celeridad%20en%20compromisos%20ante%20grave%20crisis%20oncol%C3%B3gica%20en%20Ays%C3%A9n&#038;url=https:\/\/radiorevelacionfm.cl\/?p=66733' aria-hidden='false' data-av_icon='\ue8fc' data-av_iconfont='entypo-fontello' title='' data-avia-related-tooltip='Compartir en LinkedIn' rel=\"noopener\"><span class='avia_hidden_link_text'>Compartir en LinkedIn<\/span><\/a><\/li><li class='av-share-link av-social-link-mail' ><a  aria-label=\"Compartir por correo\" href='mailto:?subject=Calisto%20pide%20celeridad%20en%20compromisos%20ante%20grave%20crisis%20oncol%C3%B3gica%20en%20Ays%C3%A9n&#038;body=https:\/\/radiorevelacionfm.cl\/?p=66733' aria-hidden='false' data-av_icon='\ue805' data-av_iconfont='entypo-fontello' title='' data-avia-related-tooltip='Compartir por correo'><span class='avia_hidden_link_text'>Compartir por correo<\/span><\/a><\/li><\/ul><\/div><\/div>\n<div  style='height:50px' class='hr hr-invisible   avia-builder-el-8  el_after_av_social_share  el_before_av_comments_list '><span class='hr-inner ' ><span class='hr-inner-style'><\/span><\/span><\/div>\n<div  class='av-buildercomment  av-blog-meta-html-info-disabled av-blog-meta-tag-disabled  '><\/div>\n","protected":false},"excerpt":{"rendered":"","protected":false},"author":1,"featured_media":66734,"comment_status":"closed","ping_status":"closed","sticky":false,"template":"","format":"standard","meta":{"footnotes":""},"categories":[35],"tags":[],"class_list":["post-66733","post","type-post","status-publish","format-standard","has-post-thumbnail","hentry","category-politica"],"jetpack_featured_media_url":"https:\/\/radiorevelacionfm.cl\/wp-content\/uploads\/2026\/04\/FOTO-CALISTO-ONCO-AYSEN-1-1.jpg","_links":{"self":[{"href":"https:\/\/radiorevelacionfm.cl\/index.php?rest_route=\/wp\/v2\/posts\/66733","targetHints":{"allow":["GET"]}}],"collection":[{"href":"https:\/\/radiorevelacionfm.cl\/index.php?rest_route=\/wp\/v2\/posts"}],"about":[{"href":"https:\/\/radiorevelacionfm.cl\/index.php?rest_route=\/wp\/v2\/types\/post"}],"author":[{"embeddable":true,"href":"https:\/\/radiorevelacionfm.cl\/index.php?rest_route=\/wp\/v2\/users\/1"}],"replies":[{"embeddable":true,"href":"https:\/\/radiorevelacionfm.cl\/index.php?rest_route=%2Fwp%2Fv2%2Fcomments&post=66733"}],"version-history":[{"count":2,"href":"https:\/\/radiorevelacionfm.cl\/index.php?rest_route=\/wp\/v2\/posts\/66733\/revisions"}],"predecessor-version":[{"id":66739,"href":"https:\/\/radiorevelacionfm.cl\/index.php?rest_route=\/wp\/v2\/posts\/66733\/revisions\/66739"}],"wp:featuredmedia":[{"embeddable":true,"href":"https:\/\/radiorevelacionfm.cl\/index.php?rest_route=\/wp\/v2\/media\/66734"}],"wp:attachment":[{"href":"https:\/\/radiorevelacionfm.cl\/index.php?rest_route=%2Fwp%2Fv2%2Fmedia&parent=66733"}],"wp:term":[{"taxonomy":"category","embeddable":true,"href":"https:\/\/radiorevelacionfm.cl\/index.php?rest_route=%2Fwp%2Fv2%2Fcategories&post=66733"},{"taxonomy":"post_tag","embeddable":true,"href":"https:\/\/radiorevelacionfm.cl\/index.php?rest_route=%2Fwp%2Fv2%2Ftags&post=66733"}],"curies":[{"name":"wp","href":"https:\/\/api.w.org\/{rel}","templated":true}]}}