{"id":66727,"date":"2026-04-29T15:28:00","date_gmt":"2026-04-29T18:28:00","guid":{"rendered":"https:\/\/radiorevelacionfm.cl\/?p=66727"},"modified":"2026-04-29T15:28:00","modified_gmt":"2026-04-29T18:28:00","slug":"realizan-primeras-plazas-ciudadanas-del-ano-en-cuatro-localidades-de-la-provincia-general-carrera","status":"publish","type":"post","link":"https:\/\/radiorevelacionfm.cl\/?p=66727","title":{"rendered":"Realizan primeras Plazas Ciudadanas del a\u00f1o en cuatro localidades de la Provincia General Carrera"},"content":{"rendered":"<div class=\"flex_column av_one_full  flex_column_div av-zero-column-padding first  avia-builder-el-0  el_before_av_one_full  avia-builder-el-first  \" style='border-radius:0px; '><div  class='avia-image-container  av-styling-    avia-builder-el-1  avia-builder-el-no-sibling  avia-align-center '  itemprop=\"image\" itemscope=\"itemscope\" itemtype=\"https:\/\/schema.org\/ImageObject\"  ><div class='avia-image-container-inner'><div class='avia-image-overlay-wrap'><img decoding=\"async\" class='wp-image-66728 avia-img-lazy-loading-not-66728 avia_image' src=\"https:\/\/radiorevelacionfm.cl\/wp-content\/uploads\/2026\/04\/GET-6-1-1.jpeg\" alt='' title='GET (6) (1) (1)' height=\"602\" width=\"800\"  itemprop=\"thumbnailUrl\" srcset=\"https:\/\/radiorevelacionfm.cl\/wp-content\/uploads\/2026\/04\/GET-6-1-1.jpeg 800w, https:\/\/radiorevelacionfm.cl\/wp-content\/uploads\/2026\/04\/GET-6-1-1-300x226.jpeg 300w, https:\/\/radiorevelacionfm.cl\/wp-content\/uploads\/2026\/04\/GET-6-1-1-768x578.jpeg 768w, https:\/\/radiorevelacionfm.cl\/wp-content\/uploads\/2026\/04\/GET-6-1-1-705x531.jpeg 705w, https:\/\/radiorevelacionfm.cl\/wp-content\/uploads\/2026\/04\/GET-6-1-1-450x339.jpeg 450w, https:\/\/radiorevelacionfm.cl\/wp-content\/uploads\/2026\/04\/GET-6-1-1-600x452.jpeg 600w\" sizes=\"(max-width: 800px) 100vw, 800px\" \/><\/div><\/div><\/div><\/div><div class=\"flex_column av_one_full  flex_column_div av-zero-column-padding first  avia-builder-el-2  el_after_av_one_full  el_before_av_one_full  column-top-margin\" style='border-radius:0px; '><section class=\"av_textblock_section \"  itemscope=\"itemscope\" itemtype=\"https:\/\/schema.org\/BlogPosting\" itemprop=\"blogPost\" ><div class='avia_textblock  '   itemprop=\"text\" ><p style=\"text-align: center;\"><strong><span style=\"font-size: 18pt;\">Realizan primeras Plazas Ciudadanas del a\u00f1o en cuatro localidades de la Provincia General Carrera <\/span><\/strong><\/p>\n<div id=\"gtx-trans\" style=\"position: absolute; left: -50px; top: 4.31534px;\">\n<div class=\"gtx-trans-icon\"><\/div>\n<\/div>\n<\/div><\/section><\/div><div class=\"flex_column av_one_full  flex_column_div av-zero-column-padding first  avia-builder-el-4  el_after_av_one_full  el_before_av_hr  column-top-margin\" style='border-radius:0px; '><section class=\"av_textblock_section \"  itemscope=\"itemscope\" itemtype=\"https:\/\/schema.org\/BlogPosting\" itemprop=\"blogPost\" ><div class='avia_textblock  '   itemprop=\"text\" ><p style=\"text-align: justify;\">Durante los d\u00edas lunes 27 y martes 28 de abril, la Delegaci\u00f3n Presidencial Provincial de General Carrera llev\u00f3 a cabo cuatro Plazas Ciudadanas en el marco del programa Gobierno en Terreno, marcando el inicio de estas actividades bajo la nueva administraci\u00f3n.<\/p>\n<p style=\"text-align: justify;\">Las jornadas se desarrollaron el lunes en las localidades de Bah\u00eda Murta y Puerto R\u00edo Tranquilo, en la comuna de R\u00edo Ib\u00e1\u00f1ez, mientras que el martes se trasladaron hasta Mall\u00edn Grande y Fachinal, en la comuna de Chile Chico. En cada una de ellas, distintos servicios p\u00fablicos se desplegaron para atender directamente a la comunidad, facilitando el acceso a tr\u00e1mites y solicitud de informaci\u00f3n sin necesidad de trasladarse a otras ciudades como Coyhaique o Chile Chico.<\/p>\n<p style=\"text-align: justify;\">La oferta de servicios p\u00fablicos vari\u00f3 en cada sector, de acuerdo con las necesidades previamente levantadas por los propios vecinos a trav\u00e9s de visitas y conversaciones en terreno.<\/p>\n<p style=\"text-align: justify;\">El delegado presidencial provincial de General Carrera, Jorge Abello, valor\u00f3 el desarrollo de estas instancias: \u201cHemos realizado nuestra primera incursi\u00f3n de Gobierno en Terreno de esta nueva administraci\u00f3n del Gobierno del Presidente Kast en la provincia de General Carrera\u201d, agregando que \u201cResult\u00f3 bastante bien, hubo bastante participaci\u00f3n, nos llevamos muchas tareas y requerimientos que adem\u00e1s queremos resolver\u201d, concluyendo que fue \u201cun buen ejercicio ciudadano y que nos compromete para seguir trabajando por nuestra provincia General Carrera\u201d.<\/p>\n<p style=\"text-align: justify;\">Desde la comunidad, Lissett Aguilante, participante de la Plaza Ciudadana de Puerto R\u00edo Tranquilo, la que calific\u00f3 de importante, se\u00f1al\u00f3 que \u201ces una gran ayuda para aquellos que no pueden viajar hacia Coyhaique y tienen una instancia para informarse y tambi\u00e9n aclarar sus dudas\u201d, sumando que en su caso en particular \u201cvine a hacer un tr\u00e1mite de INDAP y tambi\u00e9n de SERCOTEC porque ten\u00eda unas dudas y quer\u00eda arreglar unos papeles, as\u00ed que fue perfecto\u201d cerr\u00f3 la vecina de la comuna de R\u00edo Ib\u00e1\u00f1ez.<\/p>\n<p style=\"text-align: justify;\">El programa Gobierno en Terreno continuar\u00e1 durante las pr\u00f3ximas semanas, con nuevas Plazas Ciudadanas proyectadas hacia fines de mayo, junto con el seguimiento de los compromisos levantados en estas primeras jornadas.<\/p>\n<\/div><\/section><\/div><div  style='height:50px' class='hr hr-invisible   avia-builder-el-6  el_after_av_one_full  el_before_av_social_share '><span class='hr-inner ' ><span class='hr-inner-style'><\/span><\/span><\/div><\/p>\n<div  class='av-social-sharing-box  avia-builder-el-7  el_after_av_hr  el_before_av_hr  '><div class='av-share-box'><h5 class='av-share-link-description av-no-toc '>Compartir esta noticia<\/h5><ul class='av-share-box-list noLightbox'><li class='av-share-link av-social-link-facebook' ><a target=\"_blank\" aria-label=\"Compartir en Facebook\" href='https:\/\/www.facebook.com\/sharer.php?u=https:\/\/radiorevelacionfm.cl\/?p=66727&#038;t=Realizan%20primeras%20Plazas%20Ciudadanas%20del%20a%C3%B1o%20en%20cuatro%20localidades%20de%20la%20Provincia%20General%20Carrera' aria-hidden='false' data-av_icon='\ue8f3' data-av_iconfont='entypo-fontello' title='' data-avia-related-tooltip='Compartir en Facebook' rel=\"noopener\"><span class='avia_hidden_link_text'>Compartir en Facebook<\/span><\/a><\/li><li class='av-share-link av-social-link-twitter' ><a target=\"_blank\" aria-label=\"Compartir en Twitter\" href='https:\/\/twitter.com\/share?text=Realizan%20primeras%20Plazas%20Ciudadanas%20del%20a%C3%B1o%20en%20cuatro%20localidades%20de%20la%20Provincia%20General%20Carrera&#038;url=https:\/\/radiorevelacionfm.cl\/?p=66727' aria-hidden='false' data-av_icon='\ue8f1' data-av_iconfont='entypo-fontello' title='' data-avia-related-tooltip='Compartir en Twitter' rel=\"noopener\"><span class='avia_hidden_link_text'>Compartir en Twitter<\/span><\/a><\/li><li class='av-share-link av-social-link-whatsapp' ><a target=\"_blank\" aria-label=\"Compartir en Whatsapp\" href='https:\/\/api.whatsapp.com\/send?text=https:\/\/radiorevelacionfm.cl\/?p=66727' aria-hidden='false' data-av_icon='\uf232' data-av_iconfont='entypo-fontello' title='' data-avia-related-tooltip='Compartir en Whatsapp' rel=\"noopener\"><span class='avia_hidden_link_text'>Compartir en Whatsapp<\/span><\/a><\/li><li class='av-share-link av-social-link-linkedin' ><a target=\"_blank\" aria-label=\"Compartir en LinkedIn\" href='https:\/\/linkedin.com\/shareArticle?mini=true&#038;title=Realizan%20primeras%20Plazas%20Ciudadanas%20del%20a%C3%B1o%20en%20cuatro%20localidades%20de%20la%20Provincia%20General%20Carrera&#038;url=https:\/\/radiorevelacionfm.cl\/?p=66727' aria-hidden='false' data-av_icon='\ue8fc' data-av_iconfont='entypo-fontello' title='' data-avia-related-tooltip='Compartir en LinkedIn' rel=\"noopener\"><span class='avia_hidden_link_text'>Compartir en LinkedIn<\/span><\/a><\/li><li class='av-share-link av-social-link-mail' ><a  aria-label=\"Compartir por correo\" href='mailto:?subject=Realizan%20primeras%20Plazas%20Ciudadanas%20del%20a%C3%B1o%20en%20cuatro%20localidades%20de%20la%20Provincia%20General%20Carrera&#038;body=https:\/\/radiorevelacionfm.cl\/?p=66727' aria-hidden='false' data-av_icon='\ue805' data-av_iconfont='entypo-fontello' title='' data-avia-related-tooltip='Compartir por correo'><span class='avia_hidden_link_text'>Compartir por correo<\/span><\/a><\/li><\/ul><\/div><\/div>\n<div  style='height:50px' class='hr hr-invisible   avia-builder-el-8  el_after_av_social_share  el_before_av_comments_list '><span class='hr-inner ' ><span class='hr-inner-style'><\/span><\/span><\/div>\n<div  class='av-buildercomment  av-blog-meta-html-info-disabled av-blog-meta-tag-disabled  '><\/div>\n","protected":false},"excerpt":{"rendered":"","protected":false},"author":1,"featured_media":66728,"comment_status":"closed","ping_status":"closed","sticky":false,"template":"","format":"standard","meta":{"footnotes":""},"categories":[38],"tags":[],"class_list":["post-66727","post","type-post","status-publish","format-standard","has-post-thumbnail","hentry","category-regional"],"jetpack_featured_media_url":"https:\/\/radiorevelacionfm.cl\/wp-content\/uploads\/2026\/04\/GET-6-1-1.jpeg","_links":{"self":[{"href":"https:\/\/radiorevelacionfm.cl\/index.php?rest_route=\/wp\/v2\/posts\/66727","targetHints":{"allow":["GET"]}}],"collection":[{"href":"https:\/\/radiorevelacionfm.cl\/index.php?rest_route=\/wp\/v2\/posts"}],"about":[{"href":"https:\/\/radiorevelacionfm.cl\/index.php?rest_route=\/wp\/v2\/types\/post"}],"author":[{"embeddable":true,"href":"https:\/\/radiorevelacionfm.cl\/index.php?rest_route=\/wp\/v2\/users\/1"}],"replies":[{"embeddable":true,"href":"https:\/\/radiorevelacionfm.cl\/index.php?rest_route=%2Fwp%2Fv2%2Fcomments&post=66727"}],"version-history":[{"count":2,"href":"https:\/\/radiorevelacionfm.cl\/index.php?rest_route=\/wp\/v2\/posts\/66727\/revisions"}],"predecessor-version":[{"id":66737,"href":"https:\/\/radiorevelacionfm.cl\/index.php?rest_route=\/wp\/v2\/posts\/66727\/revisions\/66737"}],"wp:featuredmedia":[{"embeddable":true,"href":"https:\/\/radiorevelacionfm.cl\/index.php?rest_route=\/wp\/v2\/media\/66728"}],"wp:attachment":[{"href":"https:\/\/radiorevelacionfm.cl\/index.php?rest_route=%2Fwp%2Fv2%2Fmedia&parent=66727"}],"wp:term":[{"taxonomy":"category","embeddable":true,"href":"https:\/\/radiorevelacionfm.cl\/index.php?rest_route=%2Fwp%2Fv2%2Fcategories&post=66727"},{"taxonomy":"post_tag","embeddable":true,"href":"https:\/\/radiorevelacionfm.cl\/index.php?rest_route=%2Fwp%2Fv2%2Ftags&post=66727"}],"curies":[{"name":"wp","href":"https:\/\/api.w.org\/{rel}","templated":true}]}}