{"id":66713,"date":"2026-04-29T11:07:12","date_gmt":"2026-04-29T14:07:12","guid":{"rendered":"https:\/\/radiorevelacionfm.cl\/?p=66713"},"modified":"2026-04-29T11:07:12","modified_gmt":"2026-04-29T14:07:12","slug":"edelaysen-acerca-la-generacion-electrica-a-estudiantes-del-cft-aysen-en-visita-a-la-central-tehuelche","status":"publish","type":"post","link":"https:\/\/radiorevelacionfm.cl\/?p=66713","title":{"rendered":"Edelaysen acerca la generaci\u00f3n el\u00e9ctrica a estudiantes del CFT Ays\u00e9n en visita a la Central Tehuelche"},"content":{"rendered":"<div class=\"flex_column av_one_full  flex_column_div av-zero-column-padding first  avia-builder-el-0  el_before_av_one_full  avia-builder-el-first  \" style='border-radius:0px; '><div  class='avia-image-container  av-styling-    avia-builder-el-1  avia-builder-el-no-sibling  avia-align-center '  itemprop=\"image\" itemscope=\"itemscope\" itemtype=\"https:\/\/schema.org\/ImageObject\"  ><div class='avia-image-container-inner'><div class='avia-image-overlay-wrap'><img decoding=\"async\" class='wp-image-66714 avia-img-lazy-loading-not-66714 avia_image' src=\"https:\/\/radiorevelacionfm.cl\/wp-content\/uploads\/2026\/04\/cft-aysen-2-1_optimized.jpeg\" alt='' title='cft-ays\u00e9n-(2)-(1)_optimized' height=\"600\" width=\"800\"  itemprop=\"thumbnailUrl\" srcset=\"https:\/\/radiorevelacionfm.cl\/wp-content\/uploads\/2026\/04\/cft-aysen-2-1_optimized.jpeg 800w, https:\/\/radiorevelacionfm.cl\/wp-content\/uploads\/2026\/04\/cft-aysen-2-1_optimized-300x225.jpeg 300w, https:\/\/radiorevelacionfm.cl\/wp-content\/uploads\/2026\/04\/cft-aysen-2-1_optimized-768x576.jpeg 768w, https:\/\/radiorevelacionfm.cl\/wp-content\/uploads\/2026\/04\/cft-aysen-2-1_optimized-705x529.jpeg 705w, https:\/\/radiorevelacionfm.cl\/wp-content\/uploads\/2026\/04\/cft-aysen-2-1_optimized-450x338.jpeg 450w, https:\/\/radiorevelacionfm.cl\/wp-content\/uploads\/2026\/04\/cft-aysen-2-1_optimized-600x450.jpeg 600w\" sizes=\"(max-width: 800px) 100vw, 800px\" \/><\/div><\/div><\/div><\/div><div class=\"flex_column av_one_full  flex_column_div av-zero-column-padding first  avia-builder-el-2  el_after_av_one_full  el_before_av_one_full  column-top-margin\" style='border-radius:0px; '><section class=\"av_textblock_section \"  itemscope=\"itemscope\" itemtype=\"https:\/\/schema.org\/BlogPosting\" itemprop=\"blogPost\" ><div class='avia_textblock  '   itemprop=\"text\" ><p style=\"text-align: center;\"><strong><span style=\"font-size: 18pt;\">Edelaysen acerca la generaci\u00f3n el\u00e9ctrica a estudiantes del CFT Ays\u00e9n en visita a la Central Tehuelche<\/span><\/strong><\/p>\n<div id=\"gtx-trans\" style=\"position: absolute; left: -50px; top: 4.31534px;\">\n<div class=\"gtx-trans-icon\"><\/div>\n<\/div>\n<\/div><\/section><\/div><div class=\"flex_column av_one_full  flex_column_div av-zero-column-padding first  avia-builder-el-4  el_after_av_one_full  el_before_av_hr  column-top-margin\" style='border-radius:0px; '><section class=\"av_textblock_section \"  itemscope=\"itemscope\" itemtype=\"https:\/\/schema.org\/BlogPosting\" itemprop=\"blogPost\" ><div class='avia_textblock  '   itemprop=\"text\" ><p style=\"text-align: justify;\">Alumnos de la sede Coyhaique conocieron en terreno el funcionamiento de la central el\u00e9ctrica, fortaleciendo su formaci\u00f3n t\u00e9cnica en el \u00e1rea de electricididad.<\/p>\n<p style=\"text-align: justify;\">En el marco de su compromiso con la formaci\u00f3n t\u00e9cnica y el desarrollo regional, Edelaysen recibi\u00f3 en la Central Tehuelche a estudiantes del CFT Ays\u00e9n sede Coyhaique, quienes participaron de una visita t\u00e9cnica orientada a conocer en terreno el funcionamiento de esta instalaci\u00f3n el\u00e9ctrica.<\/p>\n<p style=\"text-align: justify;\">Durante la jornada, alumnos de las especialidades de Electricidad; Electr\u00f3nica Industrial e Instalaciones El\u00e9ctricas Industriales recorrieron las dependencias de la central, instancia en la que pudieron observar distintas etapas del proceso de generaci\u00f3n el\u00e9ctrica, resolver dudas y vincular aprendizajes adquiridos en aula con la operaci\u00f3n real de infraestructura energ\u00e9tica.<\/p>\n<p style=\"text-align: justify;\">La actividad cont\u00f3 con una activa participaci\u00f3n de los estudiantes, quienes realizaron consultas t\u00e9cnicas y profundizaron en aspectos asociados a la operaci\u00f3n, seguridad y funcionamiento de la central, fortaleciendo as\u00ed su proceso formativo como futuros T\u00e9cnicos de Nivel Superior en Electricidad.<\/p>\n<p style=\"text-align: justify;\">Desde Edelaysen la ejecutiva de relacionamiento, Yasna Vera, destac\u00f3 la importancia de abrir estos espacios de encuentro con instituciones educativas de la regi\u00f3n, especialmente en un a\u00f1o significativo para la empresa. \u201cEste 2026 cumpliremos 100 a\u00f1os de historia, y en este centenario renovamos nuestro compromiso con la educaci\u00f3n como una base fundamental para el desarrollo de Ays\u00e9n. Para nosotros es muy valioso que los futuros t\u00e9cnicos de la regi\u00f3n puedan acercarse al mundo de la energ\u00eda, conocer nuestra operaci\u00f3n y proyectar su aporte al desarrollo el\u00e9ctrico regional\u201d.<\/p>\n<p style=\"text-align: justify;\">Por su parte, Danilo Ag\u00fcero, estudiante del CFT Ays\u00e9n destac\u00f3 \u201cLa visita que hicimos hoy, fue m\u00e1s que nada para fortalecer los conocimientos que nos est\u00e1n ense\u00f1ando. Estamos trabajando el tema de generaci\u00f3n que hay en la zona, m\u00e1s que nada para retroalimentar lo aprendido en clases y en general feliz con las oportunidades que nos da Edelaysen porque nos ha ayudado a conocer diferentes puntos de como se genera energ\u00eda en la zona, lo que me parece s\u00faper llamativo\u201d.<\/p>\n<p style=\"text-align: justify;\">Con este tipo de iniciativas, Edelaysen reafirma su compromiso con la vinculaci\u00f3n local, la formaci\u00f3n de capital humano t\u00e9cnico y el fortalecimiento de capacidades que contribuyan al desarrollo energ\u00e9tico de la Regi\u00f3n de Ays\u00e9n.<\/p>\n<\/div><\/section><\/div><div  style='height:50px' class='hr hr-invisible   avia-builder-el-6  el_after_av_one_full  el_before_av_social_share '><span class='hr-inner ' ><span class='hr-inner-style'><\/span><\/span><\/div><\/p>\n<div  class='av-social-sharing-box  avia-builder-el-7  el_after_av_hr  el_before_av_hr  '><div class='av-share-box'><h5 class='av-share-link-description av-no-toc '>Compartir esta noticia<\/h5><ul class='av-share-box-list noLightbox'><li class='av-share-link av-social-link-facebook' ><a target=\"_blank\" aria-label=\"Compartir en Facebook\" href='https:\/\/www.facebook.com\/sharer.php?u=https:\/\/radiorevelacionfm.cl\/?p=66713&#038;t=Edelaysen%20acerca%20la%20generaci%C3%B3n%20el%C3%A9ctrica%20a%20estudiantes%20del%20CFT%20Ays%C3%A9n%20en%20visita%20a%20la%20Central%20Tehuelche' aria-hidden='false' data-av_icon='\ue8f3' data-av_iconfont='entypo-fontello' title='' data-avia-related-tooltip='Compartir en Facebook' rel=\"noopener\"><span class='avia_hidden_link_text'>Compartir en Facebook<\/span><\/a><\/li><li class='av-share-link av-social-link-twitter' ><a target=\"_blank\" aria-label=\"Compartir en Twitter\" href='https:\/\/twitter.com\/share?text=Edelaysen%20acerca%20la%20generaci%C3%B3n%20el%C3%A9ctrica%20a%20estudiantes%20del%20CFT%20Ays%C3%A9n%20en%20visita%20a%20la%20Central%20Tehuelche&#038;url=https:\/\/radiorevelacionfm.cl\/?p=66713' aria-hidden='false' data-av_icon='\ue8f1' data-av_iconfont='entypo-fontello' title='' data-avia-related-tooltip='Compartir en Twitter' rel=\"noopener\"><span class='avia_hidden_link_text'>Compartir en Twitter<\/span><\/a><\/li><li class='av-share-link av-social-link-whatsapp' ><a target=\"_blank\" aria-label=\"Compartir en Whatsapp\" href='https:\/\/api.whatsapp.com\/send?text=https:\/\/radiorevelacionfm.cl\/?p=66713' aria-hidden='false' data-av_icon='\uf232' data-av_iconfont='entypo-fontello' title='' data-avia-related-tooltip='Compartir en Whatsapp' rel=\"noopener\"><span class='avia_hidden_link_text'>Compartir en Whatsapp<\/span><\/a><\/li><li class='av-share-link av-social-link-linkedin' ><a target=\"_blank\" aria-label=\"Compartir en LinkedIn\" href='https:\/\/linkedin.com\/shareArticle?mini=true&#038;title=Edelaysen%20acerca%20la%20generaci%C3%B3n%20el%C3%A9ctrica%20a%20estudiantes%20del%20CFT%20Ays%C3%A9n%20en%20visita%20a%20la%20Central%20Tehuelche&#038;url=https:\/\/radiorevelacionfm.cl\/?p=66713' aria-hidden='false' data-av_icon='\ue8fc' data-av_iconfont='entypo-fontello' title='' data-avia-related-tooltip='Compartir en LinkedIn' rel=\"noopener\"><span class='avia_hidden_link_text'>Compartir en LinkedIn<\/span><\/a><\/li><li class='av-share-link av-social-link-mail' ><a  aria-label=\"Compartir por correo\" href='mailto:?subject=Edelaysen%20acerca%20la%20generaci%C3%B3n%20el%C3%A9ctrica%20a%20estudiantes%20del%20CFT%20Ays%C3%A9n%20en%20visita%20a%20la%20Central%20Tehuelche&#038;body=https:\/\/radiorevelacionfm.cl\/?p=66713' aria-hidden='false' data-av_icon='\ue805' data-av_iconfont='entypo-fontello' title='' data-avia-related-tooltip='Compartir por correo'><span class='avia_hidden_link_text'>Compartir por correo<\/span><\/a><\/li><\/ul><\/div><\/div>\n<div  style='height:50px' class='hr hr-invisible   avia-builder-el-8  el_after_av_social_share  el_before_av_comments_list '><span class='hr-inner ' ><span class='hr-inner-style'><\/span><\/span><\/div>\n<div  class='av-buildercomment  av-blog-meta-html-info-disabled av-blog-meta-tag-disabled  '><\/div>\n","protected":false},"excerpt":{"rendered":"","protected":false},"author":1,"featured_media":66714,"comment_status":"closed","ping_status":"closed","sticky":false,"template":"","format":"standard","meta":{"footnotes":""},"categories":[38],"tags":[],"class_list":["post-66713","post","type-post","status-publish","format-standard","has-post-thumbnail","hentry","category-regional"],"jetpack_featured_media_url":"https:\/\/radiorevelacionfm.cl\/wp-content\/uploads\/2026\/04\/cft-aysen-2-1_optimized.jpeg","_links":{"self":[{"href":"https:\/\/radiorevelacionfm.cl\/index.php?rest_route=\/wp\/v2\/posts\/66713","targetHints":{"allow":["GET"]}}],"collection":[{"href":"https:\/\/radiorevelacionfm.cl\/index.php?rest_route=\/wp\/v2\/posts"}],"about":[{"href":"https:\/\/radiorevelacionfm.cl\/index.php?rest_route=\/wp\/v2\/types\/post"}],"author":[{"embeddable":true,"href":"https:\/\/radiorevelacionfm.cl\/index.php?rest_route=\/wp\/v2\/users\/1"}],"replies":[{"embeddable":true,"href":"https:\/\/radiorevelacionfm.cl\/index.php?rest_route=%2Fwp%2Fv2%2Fcomments&post=66713"}],"version-history":[{"count":2,"href":"https:\/\/radiorevelacionfm.cl\/index.php?rest_route=\/wp\/v2\/posts\/66713\/revisions"}],"predecessor-version":[{"id":66718,"href":"https:\/\/radiorevelacionfm.cl\/index.php?rest_route=\/wp\/v2\/posts\/66713\/revisions\/66718"}],"wp:featuredmedia":[{"embeddable":true,"href":"https:\/\/radiorevelacionfm.cl\/index.php?rest_route=\/wp\/v2\/media\/66714"}],"wp:attachment":[{"href":"https:\/\/radiorevelacionfm.cl\/index.php?rest_route=%2Fwp%2Fv2%2Fmedia&parent=66713"}],"wp:term":[{"taxonomy":"category","embeddable":true,"href":"https:\/\/radiorevelacionfm.cl\/index.php?rest_route=%2Fwp%2Fv2%2Fcategories&post=66713"},{"taxonomy":"post_tag","embeddable":true,"href":"https:\/\/radiorevelacionfm.cl\/index.php?rest_route=%2Fwp%2Fv2%2Ftags&post=66713"}],"curies":[{"name":"wp","href":"https:\/\/api.w.org\/{rel}","templated":true}]}}