{"id":6671,"date":"2021-07-27T10:31:58","date_gmt":"2021-07-27T13:31:58","guid":{"rendered":"https:\/\/radiorevelacionfm.cl\/?p=6671"},"modified":"2021-07-27T10:31:58","modified_gmt":"2021-07-27T13:31:58","slug":"desarrollan-operativo-de-implantacion-de-microchip-y-desparasitacion-en-sector-la-balsa","status":"publish","type":"post","link":"https:\/\/radiorevelacionfm.cl\/?p=6671","title":{"rendered":"Desarrollan operativo de implantaci\u00f3n de microchip y desparasitaci\u00f3n en sector La Balsa"},"content":{"rendered":"<div class=\"flex_column av_one_full  flex_column_div av-zero-column-padding first  avia-builder-el-0  el_before_av_one_full  avia-builder-el-first  \" style='border-radius:0px; '><div  class='avia-image-container  av-styling-    avia-builder-el-1  avia-builder-el-no-sibling  avia-align-center '  itemprop=\"image\" itemscope=\"itemscope\" itemtype=\"https:\/\/schema.org\/ImageObject\"  ><div class='avia-image-container-inner'><div class='avia-image-overlay-wrap'><img decoding=\"async\" class='wp-image-6672 avia-img-lazy-loading-not-6672 avia_image' src=\"https:\/\/radiorevelacionfm.cl\/wp-content\/uploads\/2021\/07\/IMG-MCPtrac1-1.jpg\" alt='' title='IMG-MCPtrac1 (1)' height=\"600\" width=\"900\"  itemprop=\"thumbnailUrl\" srcset=\"https:\/\/radiorevelacionfm.cl\/wp-content\/uploads\/2021\/07\/IMG-MCPtrac1-1.jpg 900w, https:\/\/radiorevelacionfm.cl\/wp-content\/uploads\/2021\/07\/IMG-MCPtrac1-1-300x200.jpg 300w, https:\/\/radiorevelacionfm.cl\/wp-content\/uploads\/2021\/07\/IMG-MCPtrac1-1-768x512.jpg 768w, https:\/\/radiorevelacionfm.cl\/wp-content\/uploads\/2021\/07\/IMG-MCPtrac1-1-705x470.jpg 705w, https:\/\/radiorevelacionfm.cl\/wp-content\/uploads\/2021\/07\/IMG-MCPtrac1-1-600x400.jpg 600w\" sizes=\"(max-width: 900px) 100vw, 900px\" \/><\/div><\/div><\/div><\/div>\n<div class=\"flex_column av_one_full  flex_column_div av-zero-column-padding first  avia-builder-el-2  el_after_av_one_full  el_before_av_one_full  column-top-margin\" style='border-radius:0px; '><section class=\"av_textblock_section \"  itemscope=\"itemscope\" itemtype=\"https:\/\/schema.org\/BlogPosting\" itemprop=\"blogPost\" ><div class='avia_textblock  '   itemprop=\"text\" ><p style=\"text-align: center;\"><strong><span style=\"font-size: 18pt;\">Desarrollan operativo de implantaci\u00f3n de microchip y desparasitaci\u00f3n en sector La Balsa\u00a0<\/span><\/strong><\/p>\n<div id=\"gtx-trans\" style=\"position: absolute; left: -50px; top: 4.31534px;\">\n<div class=\"gtx-trans-icon\"><\/div>\n<\/div>\n<\/div><\/section><\/div><div class=\"flex_column av_one_full  flex_column_div av-zero-column-padding first  avia-builder-el-4  el_after_av_one_full  el_before_av_hr  column-top-margin\" style='border-radius:0px; '><section class=\"av_textblock_section \"  itemscope=\"itemscope\" itemtype=\"https:\/\/schema.org\/BlogPosting\" itemprop=\"blogPost\" ><div class='avia_textblock  '   itemprop=\"text\" ><p style=\"text-align: justify;\">Con el objetivo de cuidar el entorno y la salud p\u00fablica, en el contexto del Programa de Tenencia Responsable de Animales de Compa\u00f1\u00eda (PTRAC) que ejecuta la Casa Edicilia de Ays\u00e9n con los recursos provenientes de la Subsecretar\u00eda de Desarrollo Regional (Subdere) se efectu\u00f3 un amplio operativo en la sede del sector La Balsa de Puerto Ays\u00e9n gracias a la colaboraci\u00f3n realizada por el programa Quiero Mi Barrio y que permiti\u00f3 entregar una importante prestaci\u00f3n a m\u00e1s de una treintena de perros y gatos.<\/p>\n<p style=\"text-align: justify;\">Respecto a la actividad, Ximena Obando, Medica Veterinaria de la Ilustre Municipalidad de Ays\u00e9n junto con abordar lo acontecido destac\u00f3 que \u201cesta actividad se realiz\u00f3 con el programa Quiero Mi Barrio del sector La Balsa junto con el encargado de la Tenencia Responsable de Mascotas de la Direcci\u00f3n de Aseo, Ornato y Medio Ambiente del municipio, esta actividad fue bastante exitosa se lograron implantar microchip a 36 mascotas tanto perros y gatos y todos estos incluyen en la inscripci\u00f3n en el registro nacional de mascotas\u201d.<\/p>\n<p style=\"text-align: justify;\">A\u00f1adiendo adem\u00e1s, que \u201cse desparasitaron 34 perros, esos antiparasitarios son de la Seremi de Salud de Ays\u00e9n del programa de Control y Prevenci\u00f3n de la Hidatidosis. A los due\u00f1os de los perros que asistieron adem\u00e1s, se les entreg\u00f3 un carnet de salud en el cual se indica el calendario de desparasitaci\u00f3n e identificaci\u00f3n. Invitamos a toda la comunidad a participar de estas actividades gratuitas que organiza la Municipalidad de Ays\u00e9n, durante el mes de agosto vamos a estar en Villa Ma\u00f1ihuales, Los Torreones, Puerto Chacabuco y en Puerto Ays\u00e9n\u201d.<\/p>\n<p style=\"text-align: justify;\">La informaci\u00f3n relativa a las fechas de los operativos destinadas a los perros y gatos de la comuna de Ays\u00e9n se entregar\u00e1 a trav\u00e9s de las redes sociales municipales (@muniaysen).<\/p>\n<\/div><\/section><\/div><\/p>\n<div  style='height:50px' class='hr hr-invisible   avia-builder-el-6  el_after_av_one_full  el_before_av_social_share '><span class='hr-inner ' ><span class='hr-inner-style'><\/span><\/span><\/div>\n<div  class='av-social-sharing-box  avia-builder-el-7  el_after_av_hr  el_before_av_hr  '><div class='av-share-box'><h5 class='av-share-link-description av-no-toc '>Compartir esta noticia<\/h5><ul class='av-share-box-list noLightbox'><li class='av-share-link av-social-link-facebook' ><a target=\"_blank\" aria-label=\"Compartir en Facebook\" href='https:\/\/www.facebook.com\/sharer.php?u=https:\/\/radiorevelacionfm.cl\/?p=6671&#038;t=Desarrollan%20operativo%20de%20implantaci%C3%B3n%20de%20microchip%20y%20desparasitaci%C3%B3n%20en%20sector%20La%20Balsa' aria-hidden='false' data-av_icon='\ue8f3' data-av_iconfont='entypo-fontello' title='' data-avia-related-tooltip='Compartir en Facebook' rel=\"noopener\"><span class='avia_hidden_link_text'>Compartir en Facebook<\/span><\/a><\/li><li class='av-share-link av-social-link-twitter' ><a target=\"_blank\" aria-label=\"Compartir en Twitter\" href='https:\/\/twitter.com\/share?text=Desarrollan%20operativo%20de%20implantaci%C3%B3n%20de%20microchip%20y%20desparasitaci%C3%B3n%20en%20sector%20La%20Balsa&#038;url=https:\/\/radiorevelacionfm.cl\/?p=6671' aria-hidden='false' data-av_icon='\ue8f1' data-av_iconfont='entypo-fontello' title='' data-avia-related-tooltip='Compartir en Twitter' rel=\"noopener\"><span class='avia_hidden_link_text'>Compartir en Twitter<\/span><\/a><\/li><li class='av-share-link av-social-link-whatsapp' ><a target=\"_blank\" aria-label=\"Compartir en Whatsapp\" href='https:\/\/api.whatsapp.com\/send?text=https:\/\/radiorevelacionfm.cl\/?p=6671' aria-hidden='false' data-av_icon='\uf232' data-av_iconfont='entypo-fontello' title='' data-avia-related-tooltip='Compartir en Whatsapp' rel=\"noopener\"><span class='avia_hidden_link_text'>Compartir en Whatsapp<\/span><\/a><\/li><li class='av-share-link av-social-link-linkedin' ><a target=\"_blank\" aria-label=\"Compartir en LinkedIn\" href='https:\/\/linkedin.com\/shareArticle?mini=true&#038;title=Desarrollan%20operativo%20de%20implantaci%C3%B3n%20de%20microchip%20y%20desparasitaci%C3%B3n%20en%20sector%20La%20Balsa&#038;url=https:\/\/radiorevelacionfm.cl\/?p=6671' aria-hidden='false' data-av_icon='\ue8fc' data-av_iconfont='entypo-fontello' title='' data-avia-related-tooltip='Compartir en LinkedIn' rel=\"noopener\"><span class='avia_hidden_link_text'>Compartir en LinkedIn<\/span><\/a><\/li><li class='av-share-link av-social-link-mail' ><a  aria-label=\"Compartir por correo\" href='mailto:?subject=Desarrollan%20operativo%20de%20implantaci%C3%B3n%20de%20microchip%20y%20desparasitaci%C3%B3n%20en%20sector%20La%20Balsa&#038;body=https:\/\/radiorevelacionfm.cl\/?p=6671' aria-hidden='false' data-av_icon='\ue805' data-av_iconfont='entypo-fontello' title='' data-avia-related-tooltip='Compartir por correo'><span class='avia_hidden_link_text'>Compartir por correo<\/span><\/a><\/li><\/ul><\/div><\/div>\n<div  style='height:50px' class='hr hr-invisible   avia-builder-el-8  el_after_av_social_share  el_before_av_comments_list '><span class='hr-inner ' ><span class='hr-inner-style'><\/span><\/span><\/div>\n<div  class='av-buildercomment  av-blog-meta-html-info-disabled av-blog-meta-tag-disabled  '><\/div>\n","protected":false},"excerpt":{"rendered":"","protected":false},"author":1,"featured_media":6672,"comment_status":"open","ping_status":"open","sticky":false,"template":"","format":"standard","meta":{"footnotes":""},"categories":[38],"tags":[],"class_list":["post-6671","post","type-post","status-publish","format-standard","has-post-thumbnail","hentry","category-regional"],"jetpack_featured_media_url":"https:\/\/radiorevelacionfm.cl\/wp-content\/uploads\/2021\/07\/IMG-MCPtrac1-1.jpg","_links":{"self":[{"href":"https:\/\/radiorevelacionfm.cl\/index.php?rest_route=\/wp\/v2\/posts\/6671","targetHints":{"allow":["GET"]}}],"collection":[{"href":"https:\/\/radiorevelacionfm.cl\/index.php?rest_route=\/wp\/v2\/posts"}],"about":[{"href":"https:\/\/radiorevelacionfm.cl\/index.php?rest_route=\/wp\/v2\/types\/post"}],"author":[{"embeddable":true,"href":"https:\/\/radiorevelacionfm.cl\/index.php?rest_route=\/wp\/v2\/users\/1"}],"replies":[{"embeddable":true,"href":"https:\/\/radiorevelacionfm.cl\/index.php?rest_route=%2Fwp%2Fv2%2Fcomments&post=6671"}],"version-history":[{"count":2,"href":"https:\/\/radiorevelacionfm.cl\/index.php?rest_route=\/wp\/v2\/posts\/6671\/revisions"}],"predecessor-version":[{"id":6680,"href":"https:\/\/radiorevelacionfm.cl\/index.php?rest_route=\/wp\/v2\/posts\/6671\/revisions\/6680"}],"wp:featuredmedia":[{"embeddable":true,"href":"https:\/\/radiorevelacionfm.cl\/index.php?rest_route=\/wp\/v2\/media\/6672"}],"wp:attachment":[{"href":"https:\/\/radiorevelacionfm.cl\/index.php?rest_route=%2Fwp%2Fv2%2Fmedia&parent=6671"}],"wp:term":[{"taxonomy":"category","embeddable":true,"href":"https:\/\/radiorevelacionfm.cl\/index.php?rest_route=%2Fwp%2Fv2%2Fcategories&post=6671"},{"taxonomy":"post_tag","embeddable":true,"href":"https:\/\/radiorevelacionfm.cl\/index.php?rest_route=%2Fwp%2Fv2%2Ftags&post=6671"}],"curies":[{"name":"wp","href":"https:\/\/api.w.org\/{rel}","templated":true}]}}