{"id":66703,"date":"2026-04-29T16:45:37","date_gmt":"2026-04-29T19:45:37","guid":{"rendered":"https:\/\/radiorevelacionfm.cl\/?p=66703"},"modified":"2026-04-29T16:45:37","modified_gmt":"2026-04-29T19:45:37","slug":"coyhaique-irrumpe-en-la-fao-y-posiciona-a-chile-como-referente-global-en-seguridad-alimentaria","status":"publish","type":"post","link":"https:\/\/radiorevelacionfm.cl\/?p=66703","title":{"rendered":"Coyhaique irrumpe en la FAO y posiciona a Chile como referente global en seguridad alimentaria"},"content":{"rendered":"<div class=\"flex_column av_one_full  flex_column_div av-zero-column-padding first  avia-builder-el-0  el_before_av_one_full  avia-builder-el-first  \" style='border-radius:0px; '><div  class='avia-image-container  av-styling-    avia-builder-el-1  avia-builder-el-no-sibling  avia-align-center '  itemprop=\"image\" itemscope=\"itemscope\" itemtype=\"https:\/\/schema.org\/ImageObject\"  ><div class='avia-image-container-inner'><div class='avia-image-overlay-wrap'><img decoding=\"async\" class='wp-image-66704 avia-img-lazy-loading-not-66704 avia_image' src=\"https:\/\/radiorevelacionfm.cl\/wp-content\/uploads\/2026\/04\/fao-2_optimized-1.jpeg\" alt='' title='fao-(2)_optimized (1)' height=\"600\" width=\"932\"  itemprop=\"thumbnailUrl\" srcset=\"https:\/\/radiorevelacionfm.cl\/wp-content\/uploads\/2026\/04\/fao-2_optimized-1.jpeg 932w, https:\/\/radiorevelacionfm.cl\/wp-content\/uploads\/2026\/04\/fao-2_optimized-1-300x193.jpeg 300w, https:\/\/radiorevelacionfm.cl\/wp-content\/uploads\/2026\/04\/fao-2_optimized-1-768x494.jpeg 768w, https:\/\/radiorevelacionfm.cl\/wp-content\/uploads\/2026\/04\/fao-2_optimized-1-705x454.jpeg 705w, https:\/\/radiorevelacionfm.cl\/wp-content\/uploads\/2026\/04\/fao-2_optimized-1-450x290.jpeg 450w, https:\/\/radiorevelacionfm.cl\/wp-content\/uploads\/2026\/04\/fao-2_optimized-1-600x386.jpeg 600w\" sizes=\"(max-width: 932px) 100vw, 932px\" \/><\/div><\/div><\/div><\/div><div class=\"flex_column av_one_full  flex_column_div av-zero-column-padding first  avia-builder-el-2  el_after_av_one_full  el_before_av_one_full  column-top-margin\" style='border-radius:0px; '><section class=\"av_textblock_section \"  itemscope=\"itemscope\" itemtype=\"https:\/\/schema.org\/BlogPosting\" itemprop=\"blogPost\" ><div class='avia_textblock  '   itemprop=\"text\" ><p style=\"text-align: center;\"><strong><span style=\"font-size: 18pt;\">Coyhaique irrumpe en la FAO y posiciona a Chile como referente global en seguridad alimentaria<\/span><\/strong><\/p>\n<div id=\"gtx-trans\" style=\"position: absolute; left: -50px; top: 4.31534px;\">\n<div class=\"gtx-trans-icon\"><\/div>\n<\/div>\n<\/div><\/section><\/div><div class=\"flex_column av_one_full  flex_column_div av-zero-column-padding first  avia-builder-el-4  el_after_av_one_full  el_before_av_hr  column-top-margin\" style='border-radius:0px; '><section class=\"av_textblock_section \"  itemscope=\"itemscope\" itemtype=\"https:\/\/schema.org\/BlogPosting\" itemprop=\"blogPost\" ><div class='avia_textblock  '   itemprop=\"text\" ><p style=\"text-align: justify;\">Coyhaique fue parte de la Tercera Jornada Regional sobre Sistemas Alimentarios Urbanos, encuentro impulsado por la Organizaci\u00f3n de las Naciones Unidas para la Alimentaci\u00f3n y la Agricultura que re\u00fane a autoridades y expertos para fortalecer pol\u00edticas alimentarias sostenibles. La comuna particip\u00f3 como invitada por la Organizaci\u00f3n de las Naciones Unidas, destacando su innovador plan \u201cCoyhaique Aut\u00f3nomo y Solidario\u201d.<\/p>\n<p style=\"text-align: justify;\">La instancia forma parte de una agenda regional que busca enfrentar los desaf\u00edos de la seguridad alimentaria en Am\u00e9rica Latina y el Caribe, donde persisten brechas de acceso a dietas saludables y una fuerte dependencia de sistemas urbanos que concentran m\u00e1s del 80 % de la poblaci\u00f3n.<\/p>\n<p style=\"text-align: justify;\">En este contexto, Coyhaique ha logrado posicionarse como un caso destacado gracias a una propuesta que integra sostenibilidad, desarrollo productivo y autonom\u00eda territorial.<\/p>\n<p style=\"text-align: justify;\">El alcalde de Coyhaique, Carlos Gatica Villegas, valor\u00f3 la invitaci\u00f3n y relev\u00f3 el impacto del plan comunal, destacando que \u201chemos sido invitados por la ONU para poder complementar y explicar lo que significa nuestro plan Coyhaique aut\u00f3nomo y solidario. Este plan habla no solo de una autonom\u00eda energ\u00e9tica que deje fuera los combustibles f\u00f3siles, sino que tambi\u00e9n involucra el desarrollo productivo, potenciando a nuestros emprendedores y cadena productiva, con el objetivo de poder producir m\u00e1s alimentos en nuestra regi\u00f3n y no depender de los combustibles y del alza de ellos\u201d.<\/p>\n<p style=\"text-align: justify;\">La autoridad comunal tambi\u00e9n destac\u00f3 el enfoque del municipio en materia de soberan\u00eda alimentaria, asegurando que \u201cen nuestro pilar de soberan\u00eda alimentaria y desarrollo productivo, es que estamos conociendo otras experiencias aqu\u00ed en Colombia y que nos van a permitir llegar con una pol\u00edtica comunal concreta y fortalecer lo que ya hemos anunciado a nuestra comunidad\u201d.<\/p>\n<p style=\"text-align: justify;\">Quien tambi\u00e9n particip\u00f3 en esta instancia, fue la Concejala Marcela Ag\u00fcero, quien manifest\u00f3 que \u00abes un orgullo ver c\u00f3mo una iniciativa que nace desde la ruralidad de la Patagonia hoy se proyecta en un espacio internacional como la Organizaci\u00f3n de las Naciones Unidas para la Alimentaci\u00f3n y la Agricultura. Nuestro territorio tiene caracter\u00edsticas \u00fanicas, donde las distancias, el clima y el aislamiento nos desaf\u00edan, pero tambi\u00e9n nos impulsan a desarrollar soluciones propias. El plan Coyhaique Aut\u00f3nomo y Solidario recoge esa identidad, fortaleciendo la producci\u00f3n local y la soberan\u00eda alimentaria. Participar en estas instancias nos permite visibilizar la realidad de nuestros sectores rurales y demostrar que desde la Patagonia tambi\u00e9n podemos aportar con propuestas concretas a desaf\u00edos que involucran a todo el mundo\u00bb.<\/p>\n<p style=\"text-align: justify;\">El plan \u201cCoyhaique Aut\u00f3nomo y Solidario\u201d busca fortalecer la producci\u00f3n local de alimentos, impulsar la econom\u00eda territorial y avanzar hacia una mayor independencia energ\u00e9tica, posicionando a la comuna como referente en soluciones concretas frente a los desaf\u00edos actuales.<\/p>\n<p style=\"text-align: justify;\">La participaci\u00f3n en esta instancia internacional no solo visibiliza el trabajo local realizado en el Coraz\u00f3n de la Patagonia, sino que tambi\u00e9n proyecta a Chile como un actor relevante en la construcci\u00f3n de sistemas alimentarios m\u00e1s sostenibles, concretando el apalancamiento de recursos con organizaciones internacionales concretando su estrategia de desarrollo para proyectos de inter\u00e9s internacional.<\/p>\n<\/div><\/section><\/div><div  style='height:50px' class='hr hr-invisible   avia-builder-el-6  el_after_av_one_full  el_before_av_social_share '><span class='hr-inner ' ><span class='hr-inner-style'><\/span><\/span><\/div><\/p>\n<div  class='av-social-sharing-box  avia-builder-el-7  el_after_av_hr  el_before_av_hr  '><div class='av-share-box'><h5 class='av-share-link-description av-no-toc '>Compartir esta noticia<\/h5><ul class='av-share-box-list noLightbox'><li class='av-share-link av-social-link-facebook' ><a target=\"_blank\" aria-label=\"Compartir en Facebook\" href='https:\/\/www.facebook.com\/sharer.php?u=https:\/\/radiorevelacionfm.cl\/?p=66703&#038;t=Coyhaique%20irrumpe%20en%20la%20FAO%20y%20posiciona%20a%20Chile%20como%20referente%20global%20en%20seguridad%20alimentaria' aria-hidden='false' data-av_icon='\ue8f3' data-av_iconfont='entypo-fontello' title='' data-avia-related-tooltip='Compartir en Facebook' rel=\"noopener\"><span class='avia_hidden_link_text'>Compartir en Facebook<\/span><\/a><\/li><li class='av-share-link av-social-link-twitter' ><a target=\"_blank\" aria-label=\"Compartir en Twitter\" href='https:\/\/twitter.com\/share?text=Coyhaique%20irrumpe%20en%20la%20FAO%20y%20posiciona%20a%20Chile%20como%20referente%20global%20en%20seguridad%20alimentaria&#038;url=https:\/\/radiorevelacionfm.cl\/?p=66703' aria-hidden='false' data-av_icon='\ue8f1' data-av_iconfont='entypo-fontello' title='' data-avia-related-tooltip='Compartir en Twitter' rel=\"noopener\"><span class='avia_hidden_link_text'>Compartir en Twitter<\/span><\/a><\/li><li class='av-share-link av-social-link-whatsapp' ><a target=\"_blank\" aria-label=\"Compartir en Whatsapp\" href='https:\/\/api.whatsapp.com\/send?text=https:\/\/radiorevelacionfm.cl\/?p=66703' aria-hidden='false' data-av_icon='\uf232' data-av_iconfont='entypo-fontello' title='' data-avia-related-tooltip='Compartir en Whatsapp' rel=\"noopener\"><span class='avia_hidden_link_text'>Compartir en Whatsapp<\/span><\/a><\/li><li class='av-share-link av-social-link-linkedin' ><a target=\"_blank\" aria-label=\"Compartir en LinkedIn\" href='https:\/\/linkedin.com\/shareArticle?mini=true&#038;title=Coyhaique%20irrumpe%20en%20la%20FAO%20y%20posiciona%20a%20Chile%20como%20referente%20global%20en%20seguridad%20alimentaria&#038;url=https:\/\/radiorevelacionfm.cl\/?p=66703' aria-hidden='false' data-av_icon='\ue8fc' data-av_iconfont='entypo-fontello' title='' data-avia-related-tooltip='Compartir en LinkedIn' rel=\"noopener\"><span class='avia_hidden_link_text'>Compartir en LinkedIn<\/span><\/a><\/li><li class='av-share-link av-social-link-mail' ><a  aria-label=\"Compartir por correo\" href='mailto:?subject=Coyhaique%20irrumpe%20en%20la%20FAO%20y%20posiciona%20a%20Chile%20como%20referente%20global%20en%20seguridad%20alimentaria&#038;body=https:\/\/radiorevelacionfm.cl\/?p=66703' aria-hidden='false' data-av_icon='\ue805' data-av_iconfont='entypo-fontello' title='' data-avia-related-tooltip='Compartir por correo'><span class='avia_hidden_link_text'>Compartir por correo<\/span><\/a><\/li><\/ul><\/div><\/div>\n<div  style='height:50px' class='hr hr-invisible   avia-builder-el-8  el_after_av_social_share  el_before_av_comments_list '><span class='hr-inner ' ><span class='hr-inner-style'><\/span><\/span><\/div>\n<div  class='av-buildercomment  av-blog-meta-html-info-disabled av-blog-meta-tag-disabled  '><\/div>\n","protected":false},"excerpt":{"rendered":"","protected":false},"author":1,"featured_media":66704,"comment_status":"closed","ping_status":"closed","sticky":false,"template":"","format":"standard","meta":{"footnotes":""},"categories":[38],"tags":[],"class_list":["post-66703","post","type-post","status-publish","format-standard","has-post-thumbnail","hentry","category-regional"],"jetpack_featured_media_url":"https:\/\/radiorevelacionfm.cl\/wp-content\/uploads\/2026\/04\/fao-2_optimized-1.jpeg","_links":{"self":[{"href":"https:\/\/radiorevelacionfm.cl\/index.php?rest_route=\/wp\/v2\/posts\/66703","targetHints":{"allow":["GET"]}}],"collection":[{"href":"https:\/\/radiorevelacionfm.cl\/index.php?rest_route=\/wp\/v2\/posts"}],"about":[{"href":"https:\/\/radiorevelacionfm.cl\/index.php?rest_route=\/wp\/v2\/types\/post"}],"author":[{"embeddable":true,"href":"https:\/\/radiorevelacionfm.cl\/index.php?rest_route=\/wp\/v2\/users\/1"}],"replies":[{"embeddable":true,"href":"https:\/\/radiorevelacionfm.cl\/index.php?rest_route=%2Fwp%2Fv2%2Fcomments&post=66703"}],"version-history":[{"count":2,"href":"https:\/\/radiorevelacionfm.cl\/index.php?rest_route=\/wp\/v2\/posts\/66703\/revisions"}],"predecessor-version":[{"id":66738,"href":"https:\/\/radiorevelacionfm.cl\/index.php?rest_route=\/wp\/v2\/posts\/66703\/revisions\/66738"}],"wp:featuredmedia":[{"embeddable":true,"href":"https:\/\/radiorevelacionfm.cl\/index.php?rest_route=\/wp\/v2\/media\/66704"}],"wp:attachment":[{"href":"https:\/\/radiorevelacionfm.cl\/index.php?rest_route=%2Fwp%2Fv2%2Fmedia&parent=66703"}],"wp:term":[{"taxonomy":"category","embeddable":true,"href":"https:\/\/radiorevelacionfm.cl\/index.php?rest_route=%2Fwp%2Fv2%2Fcategories&post=66703"},{"taxonomy":"post_tag","embeddable":true,"href":"https:\/\/radiorevelacionfm.cl\/index.php?rest_route=%2Fwp%2Fv2%2Ftags&post=66703"}],"curies":[{"name":"wp","href":"https:\/\/api.w.org\/{rel}","templated":true}]}}