{"id":66701,"date":"2026-04-28T20:57:11","date_gmt":"2026-04-28T23:57:11","guid":{"rendered":"https:\/\/radiorevelacionfm.cl\/?p=66701"},"modified":"2026-04-28T20:57:11","modified_gmt":"2026-04-28T23:57:11","slug":"juzgado-de-puerto-aysen-decreta-la-internacion-de-imputado-adolescente-por-robo-y-disparos-injustificados","status":"publish","type":"post","link":"https:\/\/radiorevelacionfm.cl\/?p=66701","title":{"rendered":"Juzgado de Puerto Ays\u00e9n decreta la internaci\u00f3n de imputado adolescente por robo y disparos injustificados"},"content":{"rendered":"<div class=\"flex_column av_one_full  flex_column_div av-zero-column-padding first  avia-builder-el-0  el_before_av_one_full  avia-builder-el-first  \" style='border-radius:0px; '><div  class='avia-image-container  av-styling-    avia-builder-el-1  avia-builder-el-no-sibling  avia-align-center '  itemprop=\"image\" itemscope=\"itemscope\" itemtype=\"https:\/\/schema.org\/ImageObject\"  ><div class='avia-image-container-inner'><div class='avia-image-overlay-wrap'><img decoding=\"async\" class='wp-image-54190 avia-img-lazy-loading-not-54190 avia_image' src=\"https:\/\/radiorevelacionfm.cl\/wp-content\/uploads\/2025\/05\/juzgado-aysen-1_optimized-1.jpg\" alt='' title='juzgado-aysen-(1)_optimized (1)' height=\"600\" width=\"941\"  itemprop=\"thumbnailUrl\" srcset=\"https:\/\/radiorevelacionfm.cl\/wp-content\/uploads\/2025\/05\/juzgado-aysen-1_optimized-1.jpg 941w, https:\/\/radiorevelacionfm.cl\/wp-content\/uploads\/2025\/05\/juzgado-aysen-1_optimized-1-300x191.jpg 300w, https:\/\/radiorevelacionfm.cl\/wp-content\/uploads\/2025\/05\/juzgado-aysen-1_optimized-1-768x490.jpg 768w, https:\/\/radiorevelacionfm.cl\/wp-content\/uploads\/2025\/05\/juzgado-aysen-1_optimized-1-705x450.jpg 705w, https:\/\/radiorevelacionfm.cl\/wp-content\/uploads\/2025\/05\/juzgado-aysen-1_optimized-1-450x287.jpg 450w, https:\/\/radiorevelacionfm.cl\/wp-content\/uploads\/2025\/05\/juzgado-aysen-1_optimized-1-600x383.jpg 600w\" sizes=\"(max-width: 941px) 100vw, 941px\" \/><\/div><\/div><\/div><\/div><div class=\"flex_column av_one_full  flex_column_div av-zero-column-padding first  avia-builder-el-2  el_after_av_one_full  el_before_av_one_full  column-top-margin\" style='border-radius:0px; '><section class=\"av_textblock_section \"  itemscope=\"itemscope\" itemtype=\"https:\/\/schema.org\/BlogPosting\" itemprop=\"blogPost\" ><div class='avia_textblock  '   itemprop=\"text\" ><p style=\"text-align: center;\"><span style=\"font-size: 18pt;\"><b><span lang=\"ES\">Juzgado de Puerto Ays\u00e9n decreta la internaci\u00f3n de imputado adolescente por robo y disparos injustificados<\/span><\/b><\/span><\/p>\n<div id=\"gtx-trans\" style=\"position: absolute; left: -50px; top: 4.31534px;\">\n<div class=\"gtx-trans-icon\"><\/div>\n<\/div>\n<\/div><\/section><\/div><div class=\"flex_column av_one_full  flex_column_div av-zero-column-padding first  avia-builder-el-4  el_after_av_one_full  el_before_av_hr  column-top-margin\" style='border-radius:0px; '><section class=\"av_textblock_section \"  itemscope=\"itemscope\" itemtype=\"https:\/\/schema.org\/BlogPosting\" itemprop=\"blogPost\" ><div class='avia_textblock  '   itemprop=\"text\" ><p style=\"font-weight: 400; text-align: justify;\">El Juzgado de Garant\u00eda de Puerto Ays\u00e9n dej\u00f3 hoy \u2013martes 28 de abril\u2013 sujeto a la medida cautelar de internaci\u00f3n provisoria al adolescente J.J.A., imputado por el Ministerio P\u00fablico como autor de los delitos de robo con intimidaci\u00f3n, disparo injustificado y porte ilegal de arma de fuego. Il\u00edcitos perpetrados el domingo reci\u00e9n pasado, en la comuna.<\/p>\n<p style=\"font-weight: 400; text-align: justify;\">En la audiencia de formalizaci\u00f3n (causa rol 565-2026), la magistrada Dalia Illezca orden\u00f3 el ingreso J.J.A. al centro de internaci\u00f3n provisoria de la ciudad, por considerar que la libertad del imputado constituye un peligro para la seguridad de la sociedad. Adem\u00e1s, fij\u00f3 en 60 d\u00edas el plazo de investigaci\u00f3n.<\/p>\n<p style=\"font-weight: 400; text-align: justify;\">En el caso de F.J.U.O., G.E.E.H.O., J.F.V.R. y M.A.S.F., el tribunal acogi\u00f3 la solicitud de la fiscal\u00eda de ampliar su detenci\u00f3n, por lo que cit\u00f3 a audiencia de formalizaci\u00f3n de la investigaci\u00f3n en contra de estos coimputados, para las 11 horas del pr\u00f3ximo jueves 30 de abril.<\/p>\n<p style=\"font-weight: 400; text-align: justify;\">Seg\u00fan el ente persecutor, el J.J.A., junto a otros sujetos previamente concertados, se traslad\u00f3 hasta un local de juegos de la ciudad de Puerto Ays\u00e9n. Al llegar al establecimiento, ingres\u00f3 junto a un acompa\u00f1ante y los dem\u00e1s se quedaron en el exterior prestando cobertura. Una vez en el interior, el adolescente intimid\u00f3 a trabajadores y clientes con un arma de fuego, mientras su acompa\u00f1ante sustrajo un banano con la recaudaci\u00f3n del d\u00eda. En dicho contexto, adem\u00e1s, J.J.A. efectu\u00f3 un disparo adentro del local, antes de intentar darse a la fuga, pero fue retenido por terceros, quienes lo entregaron a personal de Carabineros que concurri\u00f3 al lugar.<\/p>\n<\/div><\/section><\/div><div  style='height:50px' class='hr hr-invisible   avia-builder-el-6  el_after_av_one_full  el_before_av_social_share '><span class='hr-inner ' ><span class='hr-inner-style'><\/span><\/span><\/div><\/p>\n<div  class='av-social-sharing-box  avia-builder-el-7  el_after_av_hr  el_before_av_hr  '><div class='av-share-box'><h5 class='av-share-link-description av-no-toc '>Compartir esta noticia<\/h5><ul class='av-share-box-list noLightbox'><li class='av-share-link av-social-link-facebook' ><a target=\"_blank\" aria-label=\"Compartir en Facebook\" href='https:\/\/www.facebook.com\/sharer.php?u=https:\/\/radiorevelacionfm.cl\/?p=66701&#038;t=Juzgado%20de%20Puerto%20Ays%C3%A9n%20decreta%20la%20internaci%C3%B3n%20de%20imputado%20adolescente%20por%20robo%20y%20disparos%20injustificados' aria-hidden='false' data-av_icon='\ue8f3' data-av_iconfont='entypo-fontello' title='' data-avia-related-tooltip='Compartir en Facebook' rel=\"noopener\"><span class='avia_hidden_link_text'>Compartir en Facebook<\/span><\/a><\/li><li class='av-share-link av-social-link-twitter' ><a target=\"_blank\" aria-label=\"Compartir en Twitter\" href='https:\/\/twitter.com\/share?text=Juzgado%20de%20Puerto%20Ays%C3%A9n%20decreta%20la%20internaci%C3%B3n%20de%20imputado%20adolescente%20por%20robo%20y%20disparos%20injustificados&#038;url=https:\/\/radiorevelacionfm.cl\/?p=66701' aria-hidden='false' data-av_icon='\ue8f1' data-av_iconfont='entypo-fontello' title='' data-avia-related-tooltip='Compartir en Twitter' rel=\"noopener\"><span class='avia_hidden_link_text'>Compartir en Twitter<\/span><\/a><\/li><li class='av-share-link av-social-link-whatsapp' ><a target=\"_blank\" aria-label=\"Compartir en Whatsapp\" href='https:\/\/api.whatsapp.com\/send?text=https:\/\/radiorevelacionfm.cl\/?p=66701' aria-hidden='false' data-av_icon='\uf232' data-av_iconfont='entypo-fontello' title='' data-avia-related-tooltip='Compartir en Whatsapp' rel=\"noopener\"><span class='avia_hidden_link_text'>Compartir en Whatsapp<\/span><\/a><\/li><li class='av-share-link av-social-link-linkedin' ><a target=\"_blank\" aria-label=\"Compartir en LinkedIn\" href='https:\/\/linkedin.com\/shareArticle?mini=true&#038;title=Juzgado%20de%20Puerto%20Ays%C3%A9n%20decreta%20la%20internaci%C3%B3n%20de%20imputado%20adolescente%20por%20robo%20y%20disparos%20injustificados&#038;url=https:\/\/radiorevelacionfm.cl\/?p=66701' aria-hidden='false' data-av_icon='\ue8fc' data-av_iconfont='entypo-fontello' title='' data-avia-related-tooltip='Compartir en LinkedIn' rel=\"noopener\"><span class='avia_hidden_link_text'>Compartir en LinkedIn<\/span><\/a><\/li><li class='av-share-link av-social-link-mail' ><a  aria-label=\"Compartir por correo\" href='mailto:?subject=Juzgado%20de%20Puerto%20Ays%C3%A9n%20decreta%20la%20internaci%C3%B3n%20de%20imputado%20adolescente%20por%20robo%20y%20disparos%20injustificados&#038;body=https:\/\/radiorevelacionfm.cl\/?p=66701' aria-hidden='false' data-av_icon='\ue805' data-av_iconfont='entypo-fontello' title='' data-avia-related-tooltip='Compartir por correo'><span class='avia_hidden_link_text'>Compartir por correo<\/span><\/a><\/li><\/ul><\/div><\/div>\n<div  style='height:50px' class='hr hr-invisible   avia-builder-el-8  el_after_av_social_share  el_before_av_comments_list '><span class='hr-inner ' ><span class='hr-inner-style'><\/span><\/span><\/div>\n<div  class='av-buildercomment  av-blog-meta-html-info-disabled av-blog-meta-tag-disabled  '><\/div>\n","protected":false},"excerpt":{"rendered":"","protected":false},"author":1,"featured_media":54190,"comment_status":"closed","ping_status":"closed","sticky":false,"template":"","format":"standard","meta":{"footnotes":""},"categories":[55],"tags":[],"class_list":["post-66701","post","type-post","status-publish","format-standard","has-post-thumbnail","hentry","category-justicia"],"jetpack_featured_media_url":"https:\/\/radiorevelacionfm.cl\/wp-content\/uploads\/2025\/05\/juzgado-aysen-1_optimized-1.jpg","_links":{"self":[{"href":"https:\/\/radiorevelacionfm.cl\/index.php?rest_route=\/wp\/v2\/posts\/66701","targetHints":{"allow":["GET"]}}],"collection":[{"href":"https:\/\/radiorevelacionfm.cl\/index.php?rest_route=\/wp\/v2\/posts"}],"about":[{"href":"https:\/\/radiorevelacionfm.cl\/index.php?rest_route=\/wp\/v2\/types\/post"}],"author":[{"embeddable":true,"href":"https:\/\/radiorevelacionfm.cl\/index.php?rest_route=\/wp\/v2\/users\/1"}],"replies":[{"embeddable":true,"href":"https:\/\/radiorevelacionfm.cl\/index.php?rest_route=%2Fwp%2Fv2%2Fcomments&post=66701"}],"version-history":[{"count":2,"href":"https:\/\/radiorevelacionfm.cl\/index.php?rest_route=\/wp\/v2\/posts\/66701\/revisions"}],"predecessor-version":[{"id":66708,"href":"https:\/\/radiorevelacionfm.cl\/index.php?rest_route=\/wp\/v2\/posts\/66701\/revisions\/66708"}],"wp:featuredmedia":[{"embeddable":true,"href":"https:\/\/radiorevelacionfm.cl\/index.php?rest_route=\/wp\/v2\/media\/54190"}],"wp:attachment":[{"href":"https:\/\/radiorevelacionfm.cl\/index.php?rest_route=%2Fwp%2Fv2%2Fmedia&parent=66701"}],"wp:term":[{"taxonomy":"category","embeddable":true,"href":"https:\/\/radiorevelacionfm.cl\/index.php?rest_route=%2Fwp%2Fv2%2Fcategories&post=66701"},{"taxonomy":"post_tag","embeddable":true,"href":"https:\/\/radiorevelacionfm.cl\/index.php?rest_route=%2Fwp%2Fv2%2Ftags&post=66701"}],"curies":[{"name":"wp","href":"https:\/\/api.w.org\/{rel}","templated":true}]}}