{"id":66697,"date":"2026-04-28T20:42:50","date_gmt":"2026-04-28T23:42:50","guid":{"rendered":"https:\/\/radiorevelacionfm.cl\/?p=66697"},"modified":"2026-04-28T20:42:50","modified_gmt":"2026-04-28T23:42:50","slug":"coyhaique-38-vehiculos-del-corral-municipal-seran-rematados-mediante-un-proceso-publico-y-transparente","status":"publish","type":"post","link":"https:\/\/radiorevelacionfm.cl\/?p=66697","title":{"rendered":"Coyhaique: 38 veh\u00edculos del corral municipal ser\u00e1n rematados mediante un proceso p\u00fablico y transparente"},"content":{"rendered":"<div class=\"flex_column av_one_full  flex_column_div av-zero-column-padding first  avia-builder-el-0  el_before_av_one_full  avia-builder-el-first  \" style='border-radius:0px; '><div  class='avia-image-container  av-styling-    avia-builder-el-1  avia-builder-el-no-sibling  avia-align-center '  itemprop=\"image\" itemscope=\"itemscope\" itemtype=\"https:\/\/schema.org\/ImageObject\"  ><div class='avia-image-container-inner'><div class='avia-image-overlay-wrap'><img decoding=\"async\" class='wp-image-66698 avia-img-lazy-loading-not-66698 avia_image' src=\"https:\/\/radiorevelacionfm.cl\/wp-content\/uploads\/2026\/04\/drone-lote-45-1-1_optimized-1.jpeg\" alt='' title='drone-lote-45-(1)-(1)_optimized (1)' height=\"600\" width=\"1074\"  itemprop=\"thumbnailUrl\" srcset=\"https:\/\/radiorevelacionfm.cl\/wp-content\/uploads\/2026\/04\/drone-lote-45-1-1_optimized-1.jpeg 1074w, https:\/\/radiorevelacionfm.cl\/wp-content\/uploads\/2026\/04\/drone-lote-45-1-1_optimized-1-300x168.jpeg 300w, https:\/\/radiorevelacionfm.cl\/wp-content\/uploads\/2026\/04\/drone-lote-45-1-1_optimized-1-1030x575.jpeg 1030w, https:\/\/radiorevelacionfm.cl\/wp-content\/uploads\/2026\/04\/drone-lote-45-1-1_optimized-1-768x429.jpeg 768w, https:\/\/radiorevelacionfm.cl\/wp-content\/uploads\/2026\/04\/drone-lote-45-1-1_optimized-1-705x394.jpeg 705w, https:\/\/radiorevelacionfm.cl\/wp-content\/uploads\/2026\/04\/drone-lote-45-1-1_optimized-1-450x251.jpeg 450w, https:\/\/radiorevelacionfm.cl\/wp-content\/uploads\/2026\/04\/drone-lote-45-1-1_optimized-1-600x335.jpeg 600w\" sizes=\"(max-width: 1074px) 100vw, 1074px\" \/><\/div><\/div><\/div><\/div>\n<div class=\"flex_column av_one_full  flex_column_div av-zero-column-padding first  avia-builder-el-2  el_after_av_one_full  el_before_av_one_full  column-top-margin\" style='border-radius:0px; '><section class=\"av_textblock_section \"  itemscope=\"itemscope\" itemtype=\"https:\/\/schema.org\/BlogPosting\" itemprop=\"blogPost\" ><div class='avia_textblock  '   itemprop=\"text\" ><p style=\"text-align: center;\"><strong><span style=\"font-size: 18pt;\">Coyhaique: 38 veh\u00edculos del corral municipal ser\u00e1n rematados mediante un proceso p\u00fablico y transparente<\/span><\/strong><\/p>\n<div id=\"gtx-trans\" style=\"position: absolute; left: -50px; top: 4.31534px;\">\n<div class=\"gtx-trans-icon\"><\/div>\n<\/div>\n<\/div><\/section><\/div><div class=\"flex_column av_one_full  flex_column_div av-zero-column-padding first  avia-builder-el-4  el_after_av_one_full  el_before_av_hr  column-top-margin\" style='border-radius:0px; '><section class=\"av_textblock_section \"  itemscope=\"itemscope\" itemtype=\"https:\/\/schema.org\/BlogPosting\" itemprop=\"blogPost\" ><div class='avia_textblock  '   itemprop=\"text\" ><p style=\"text-align: justify;\">La Ilustre Municipalidad de Coyhaique anunci\u00f3 la realizaci\u00f3n del Remate de Veh\u00edculos 2026, instancia abierta a toda la comunidad que permitir\u00e1 acceder a un total de 38 veh\u00edculos disponibles mediante un proceso p\u00fablico y transparente.<\/p>\n<p style=\"text-align: justify;\">Previo al remate, se realizar\u00e1 una jornada de exhibici\u00f3n el pr\u00f3ximo jueves 30 de abril, entre las 09:00 y 13:00 horas, y de 15:00 a 17:00 horas, en el Lote 45 del camino Coyhaique Alto. En esta instancia, las y los interesados podr\u00e1n revisar en detalle el estado de los veh\u00edculos que ser\u00e1n subastados.<\/p>\n<p style=\"text-align: justify;\">El remate oficial se llevar\u00e1 a cabo el Sabado 02 de mayo a las 10:00 horas, en el mismo recinto. En cuanto a los valores, la postura m\u00ednima de la subasta variar\u00e1 seg\u00fan cada veh\u00edculo, con montos que van desde los $400.000 hasta aproximadamente $1.500.000 en algunos casos.<\/p>\n<p style=\"text-align: justify;\">El alcalde (s) de Coyhaique, Reinaldo Reyes, destac\u00f3 la importancia de este proceso se\u00f1alando que \u201ceste remate es una oportunidad concreta para que nuestros vecinos y vecinas puedan acceder a veh\u00edculos a precios accesibles, en un proceso claro y regulado. Invitamos a la comunidad a informarse, asistir a la exhibici\u00f3n y ser parte de esta actividad abierta para todos\u201d.<\/p>\n<p style=\"text-align: justify;\">Desde el municipio explicaron que esta iniciativa se enmarca en la Ordenanza N\u00b0 61, de fecha 25 de julio de 2024, la cual regula los derechos municipales sobre transporte, tr\u00e1nsito y veh\u00edculos. Esta normativa establece que aquellos veh\u00edculos que no sean reclamados dentro de un plazo de 30 d\u00edas desde su ingreso a recintos municipales pueden ser vendidos en p\u00fablica subasta, previa publicaci\u00f3n en medios de comunicaci\u00f3n. Los recursos obtenidos se destinan, en primer lugar, a cubrir gastos de bodegaje, traslado y del propio remate, mientras que el saldo restante queda a disposici\u00f3n del propietario correspondiente.<\/p>\n<p style=\"text-align: justify;\">Finalmente, se reiter\u00f3 el llamado a revisar las bases del proceso en el sitio web oficial <a href=\"http:\/\/www.coyhaique.cl\">www.coyhaique.cl<\/a>, donde se encuentra toda la informaci\u00f3n necesaria para participar.<\/p>\n<\/div><\/section><\/div><\/p>\n<div  style='height:50px' class='hr hr-invisible   avia-builder-el-6  el_after_av_one_full  el_before_av_social_share '><span class='hr-inner ' ><span class='hr-inner-style'><\/span><\/span><\/div>\n<div  class='av-social-sharing-box  avia-builder-el-7  el_after_av_hr  el_before_av_hr  '><div class='av-share-box'><h5 class='av-share-link-description av-no-toc '>Compartir esta noticia<\/h5><ul class='av-share-box-list noLightbox'><li class='av-share-link av-social-link-facebook' ><a target=\"_blank\" aria-label=\"Compartir en Facebook\" href='https:\/\/www.facebook.com\/sharer.php?u=https:\/\/radiorevelacionfm.cl\/?p=66697&#038;t=Coyhaique%3A%2038%20veh%C3%ADculos%20del%20corral%20municipal%20ser%C3%A1n%20rematados%20mediante%20un%20proceso%20p%C3%BAblico%20y%20transparente' aria-hidden='false' data-av_icon='\ue8f3' data-av_iconfont='entypo-fontello' title='' data-avia-related-tooltip='Compartir en Facebook' rel=\"noopener\"><span class='avia_hidden_link_text'>Compartir en Facebook<\/span><\/a><\/li><li class='av-share-link av-social-link-twitter' ><a target=\"_blank\" aria-label=\"Compartir en Twitter\" href='https:\/\/twitter.com\/share?text=Coyhaique%3A%2038%20veh%C3%ADculos%20del%20corral%20municipal%20ser%C3%A1n%20rematados%20mediante%20un%20proceso%20p%C3%BAblico%20y%20transparente&#038;url=https:\/\/radiorevelacionfm.cl\/?p=66697' aria-hidden='false' data-av_icon='\ue8f1' data-av_iconfont='entypo-fontello' title='' data-avia-related-tooltip='Compartir en Twitter' rel=\"noopener\"><span class='avia_hidden_link_text'>Compartir en Twitter<\/span><\/a><\/li><li class='av-share-link av-social-link-whatsapp' ><a target=\"_blank\" aria-label=\"Compartir en Whatsapp\" href='https:\/\/api.whatsapp.com\/send?text=https:\/\/radiorevelacionfm.cl\/?p=66697' aria-hidden='false' data-av_icon='\uf232' data-av_iconfont='entypo-fontello' title='' data-avia-related-tooltip='Compartir en Whatsapp' rel=\"noopener\"><span class='avia_hidden_link_text'>Compartir en Whatsapp<\/span><\/a><\/li><li class='av-share-link av-social-link-linkedin' ><a target=\"_blank\" aria-label=\"Compartir en LinkedIn\" href='https:\/\/linkedin.com\/shareArticle?mini=true&#038;title=Coyhaique%3A%2038%20veh%C3%ADculos%20del%20corral%20municipal%20ser%C3%A1n%20rematados%20mediante%20un%20proceso%20p%C3%BAblico%20y%20transparente&#038;url=https:\/\/radiorevelacionfm.cl\/?p=66697' aria-hidden='false' data-av_icon='\ue8fc' data-av_iconfont='entypo-fontello' title='' data-avia-related-tooltip='Compartir en LinkedIn' rel=\"noopener\"><span class='avia_hidden_link_text'>Compartir en LinkedIn<\/span><\/a><\/li><li class='av-share-link av-social-link-mail' ><a  aria-label=\"Compartir por correo\" href='mailto:?subject=Coyhaique%3A%2038%20veh%C3%ADculos%20del%20corral%20municipal%20ser%C3%A1n%20rematados%20mediante%20un%20proceso%20p%C3%BAblico%20y%20transparente&#038;body=https:\/\/radiorevelacionfm.cl\/?p=66697' aria-hidden='false' data-av_icon='\ue805' data-av_iconfont='entypo-fontello' title='' data-avia-related-tooltip='Compartir por correo'><span class='avia_hidden_link_text'>Compartir por correo<\/span><\/a><\/li><\/ul><\/div><\/div>\n<div  style='height:50px' class='hr hr-invisible   avia-builder-el-8  el_after_av_social_share  el_before_av_comments_list '><span class='hr-inner ' ><span class='hr-inner-style'><\/span><\/span><\/div>\n<div  class='av-buildercomment  av-blog-meta-html-info-disabled av-blog-meta-tag-disabled  '><\/div>\n","protected":false},"excerpt":{"rendered":"","protected":false},"author":1,"featured_media":66698,"comment_status":"closed","ping_status":"closed","sticky":false,"template":"","format":"standard","meta":{"footnotes":""},"categories":[38],"tags":[],"class_list":["post-66697","post","type-post","status-publish","format-standard","has-post-thumbnail","hentry","category-regional"],"jetpack_featured_media_url":"https:\/\/radiorevelacionfm.cl\/wp-content\/uploads\/2026\/04\/drone-lote-45-1-1_optimized-1.jpeg","_links":{"self":[{"href":"https:\/\/radiorevelacionfm.cl\/index.php?rest_route=\/wp\/v2\/posts\/66697","targetHints":{"allow":["GET"]}}],"collection":[{"href":"https:\/\/radiorevelacionfm.cl\/index.php?rest_route=\/wp\/v2\/posts"}],"about":[{"href":"https:\/\/radiorevelacionfm.cl\/index.php?rest_route=\/wp\/v2\/types\/post"}],"author":[{"embeddable":true,"href":"https:\/\/radiorevelacionfm.cl\/index.php?rest_route=\/wp\/v2\/users\/1"}],"replies":[{"embeddable":true,"href":"https:\/\/radiorevelacionfm.cl\/index.php?rest_route=%2Fwp%2Fv2%2Fcomments&post=66697"}],"version-history":[{"count":3,"href":"https:\/\/radiorevelacionfm.cl\/index.php?rest_route=\/wp\/v2\/posts\/66697\/revisions"}],"predecessor-version":[{"id":66707,"href":"https:\/\/radiorevelacionfm.cl\/index.php?rest_route=\/wp\/v2\/posts\/66697\/revisions\/66707"}],"wp:featuredmedia":[{"embeddable":true,"href":"https:\/\/radiorevelacionfm.cl\/index.php?rest_route=\/wp\/v2\/media\/66698"}],"wp:attachment":[{"href":"https:\/\/radiorevelacionfm.cl\/index.php?rest_route=%2Fwp%2Fv2%2Fmedia&parent=66697"}],"wp:term":[{"taxonomy":"category","embeddable":true,"href":"https:\/\/radiorevelacionfm.cl\/index.php?rest_route=%2Fwp%2Fv2%2Fcategories&post=66697"},{"taxonomy":"post_tag","embeddable":true,"href":"https:\/\/radiorevelacionfm.cl\/index.php?rest_route=%2Fwp%2Fv2%2Ftags&post=66697"}],"curies":[{"name":"wp","href":"https:\/\/api.w.org\/{rel}","templated":true}]}}