{"id":66693,"date":"2026-04-28T18:33:39","date_gmt":"2026-04-28T21:33:39","guid":{"rendered":"https:\/\/radiorevelacionfm.cl\/?p=66693"},"modified":"2026-04-28T18:33:39","modified_gmt":"2026-04-28T21:33:39","slug":"despliegue-de-carabineros-de-aysen-y-coyhaique-permitio-desarticular-banda-y-recuperar-botin-tras-asalto-a-local-en-puerto-aysen","status":"publish","type":"post","link":"https:\/\/radiorevelacionfm.cl\/?p=66693","title":{"rendered":"Despliegue de Carabineros de Ays\u00e9n y Coyhaique permiti\u00f3 desarticular banda y recuperar bot\u00edn tras asalto a local en Puerto Ays\u00e9n"},"content":{"rendered":"<div class=\"flex_column av_one_full  flex_column_div av-zero-column-padding first  avia-builder-el-0  el_before_av_one_full  avia-builder-el-first  \" style='border-radius:0px; '><div  class='avia-image-container  av-styling-    avia-builder-el-1  avia-builder-el-no-sibling  avia-align-center '  itemprop=\"image\" itemscope=\"itemscope\" itemtype=\"https:\/\/schema.org\/ImageObject\"  ><div class='avia-image-container-inner'><div class='avia-image-overlay-wrap'><img decoding=\"async\" class='wp-image-66694 avia-img-lazy-loading-not-66694 avia_image' src=\"https:\/\/radiorevelacionfm.cl\/wp-content\/uploads\/2026\/04\/0c794da3-f7e0-4495-99cc-679b768fb5ea-1-1.jpg\" alt='' title='0c794da3-f7e0-4495-99cc-679b768fb5ea (1) (1)' height=\"698\" width=\"802\"  itemprop=\"thumbnailUrl\" srcset=\"https:\/\/radiorevelacionfm.cl\/wp-content\/uploads\/2026\/04\/0c794da3-f7e0-4495-99cc-679b768fb5ea-1-1.jpg 802w, https:\/\/radiorevelacionfm.cl\/wp-content\/uploads\/2026\/04\/0c794da3-f7e0-4495-99cc-679b768fb5ea-1-1-300x261.jpg 300w, https:\/\/radiorevelacionfm.cl\/wp-content\/uploads\/2026\/04\/0c794da3-f7e0-4495-99cc-679b768fb5ea-1-1-768x668.jpg 768w, https:\/\/radiorevelacionfm.cl\/wp-content\/uploads\/2026\/04\/0c794da3-f7e0-4495-99cc-679b768fb5ea-1-1-705x614.jpg 705w, https:\/\/radiorevelacionfm.cl\/wp-content\/uploads\/2026\/04\/0c794da3-f7e0-4495-99cc-679b768fb5ea-1-1-450x392.jpg 450w, https:\/\/radiorevelacionfm.cl\/wp-content\/uploads\/2026\/04\/0c794da3-f7e0-4495-99cc-679b768fb5ea-1-1-600x522.jpg 600w\" sizes=\"(max-width: 802px) 100vw, 802px\" \/><\/div><\/div><\/div><\/div><div class=\"flex_column av_one_full  flex_column_div av-zero-column-padding first  avia-builder-el-2  el_after_av_one_full  el_before_av_one_full  column-top-margin\" style='border-radius:0px; '><section class=\"av_textblock_section \"  itemscope=\"itemscope\" itemtype=\"https:\/\/schema.org\/BlogPosting\" itemprop=\"blogPost\" ><div class='avia_textblock  '   itemprop=\"text\" ><p style=\"text-align: center;\"><strong><span style=\"font-size: 18pt;\">Despliegue de Carabineros de Ays\u00e9n y Coyhaique permiti\u00f3 desarticular banda y recuperar bot\u00edn tras asalto a local en Puerto Ays\u00e9n<\/span><\/strong><\/p>\n<div id=\"gtx-trans\" style=\"position: absolute; left: -50px; top: 4.31534px;\">\n<div class=\"gtx-trans-icon\"><\/div>\n<\/div>\n<\/div><\/section><\/div><div class=\"flex_column av_one_full  flex_column_div av-zero-column-padding first  avia-builder-el-4  el_after_av_one_full  el_before_av_hr  column-top-margin\" style='border-radius:0px; '><section class=\"av_textblock_section \"  itemscope=\"itemscope\" itemtype=\"https:\/\/schema.org\/BlogPosting\" itemprop=\"blogPost\" ><div class='avia_textblock  '   itemprop=\"text\" ><ul>\n<li dir=\"ltr\">\n<p dir=\"ltr\" style=\"text-align: justify;\" role=\"presentation\"><em>El trabajo conjunto entre la 2da. Comisar\u00eda de Puerto Ays\u00e9n y la 1ra Comisar\u00eda de Coyhaique coordinado con la Fiscal\u00eda, culmin\u00f3 con cinco detenidos, la incautaci\u00f3n de un arma de fuego y la recuperaci\u00f3n \u00edntegra de m\u00e1s de dos millones de pesos sustra\u00eddos.<\/em><\/p>\n<\/li>\n<li dir=\"ltr\" style=\"text-align: justify;\">\n<p dir=\"ltr\" role=\"presentation\"><em>Tras la captura de uno de ellos, otros cuatro huyeron a bordo de un veh\u00edculo hacia Coyhaique siendo interceptados en la ruta, en tanto que las diligencias y peritajes est\u00e1n a cargo de la SIP y Labocar.<\/em><\/p>\n<\/li>\n<\/ul>\n<p dir=\"ltr\" style=\"text-align: justify;\">La oportuna denuncia sumado a una r\u00e1pida respuesta por parte de Carabineros de la 2da Comisar\u00eda de Puerto Ays\u00e9n y el apoyo y coordinaci\u00f3n estrat\u00e9gica operativa de la 1ra Comisar\u00eda de Coyhaique, permiti\u00f3 la captura de una banda delictual que, durante la noche de este lunes, protagoniz\u00f3 un violento robo con intimidaci\u00f3n en un local comercial del sector c\u00e9ntrico de Puerto Ays\u00e9n.<\/p>\n<p dir=\"ltr\" style=\"text-align: justify;\"><strong>El Il\u00edcito<\/strong><\/p>\n<p dir=\"ltr\" style=\"text-align: justify;\">Seg\u00fan indic\u00f3 el Comisario de esta ciudad Mayor Patricio Parada, los hechos se registraron aproximadamente a las 23:20 horas del lunes 27 de abril, cuando un grupo de cinco individuos irrumpi\u00f3 en un establecimiento ubicado en la calle Sargento Aldea.<\/p>\n<p dir=\"ltr\" style=\"text-align: justify;\">De acuerdo a los primeros antecedentes recabados, \u201cuno de los sujetos portaba un arma de fuego, con la cual procedieron a intimidar a las v\u00edctimas y personas que se encontraban al interior del local. Tras concretar el asalto, los delincuentes sustrajeron una suma superior a los dos millones de pesos en dinero en efectivo\u201d, indic\u00f3.<\/p>\n<p dir=\"ltr\" style=\"text-align: justify;\"><strong>R\u00e1pida respuesta e interceptaci\u00f3n<\/strong><\/p>\n<p dir=\"ltr\" style=\"text-align: justify;\">Tras recibir la alerta, personal de servicio de la 2da. Comisar\u00eda de Puerto Ays\u00e9n se constituy\u00f3 de forma inmediata en el lugar, sorprendiendo a los antisociales cuando se aprestaban a huir del lugar.<\/p>\n<p dir=\"ltr\" style=\"text-align: justify;\">\u201cFue entonces cuando el personal uniformado logr\u00f3 detener a un adolescente de 17 a\u00f1os de edad, quien manten\u00eda en su poder un arma de fuego tipo rev\u00f3lver\u201d, se\u00f1al\u00f3 el Mayor Parada.<\/p>\n<p dir=\"ltr\" style=\"text-align: justify;\">En forma paralela, otros cuatro sujetos (de entre 27 y 35 a\u00f1os) lograron abordar un veh\u00edculo de color blanco, iniciando una huida en direcci\u00f3n hacia la ciudad de Coyhaique.<\/p>\n<p dir=\"ltr\" style=\"text-align: justify;\">Frente a lo anterior, Carabineros de Puerto Ays\u00e9n activ\u00f3 un plan de cierre perimetral y coordinaci\u00f3n con la 1ra. Comisar\u00eda de Coyhaique para la interceptaci\u00f3n del m\u00f3vil.<\/p>\n<p dir=\"ltr\" style=\"text-align: justify;\"><strong>Detenci\u00f3n y recuperaci\u00f3n del dinero<\/strong><\/p>\n<p dir=\"ltr\" style=\"text-align: justify;\">Minutos m\u00e1s tarde, el despliegue t\u00e1ctico operativo rindi\u00f3 frutos en las cercan\u00edas de la capital regional, donde personal de dicha unidad identific\u00f3 e intercept\u00f3 el autom\u00f3vil, \u201cprocediendo al control y detenci\u00f3n de cuatro individuos mayores de edad, logrando adem\u00e1s recuperar la suma de 2.007.000 pesos que hab\u00edan sido sustra\u00eddos desde el interior de este local\u201d, detall\u00f3 el Comisario de Puerto Ays\u00e9n.<\/p>\n<p dir=\"ltr\" style=\"text-align: justify;\">Frente a lo anterior el Mayor Patricio Parada, destac\u00f3 la eficacia del trabajo y respuesta coordinada frente al hecho denunciado.<\/p>\n<p dir=\"ltr\" style=\"text-align: justify;\"><strong>Diligencias investigativas<\/strong><\/p>\n<p dir=\"ltr\" style=\"text-align: justify;\">Por instrucci\u00f3n del Ministerio P\u00fablico, los cinco imputados pasaron a control de detenci\u00f3n durante la jornada de este martes 28 de abril.<\/p>\n<p dir=\"ltr\" style=\"text-align: justify;\">Asimismo, la Fiscal\u00eda encomend\u00f3 las diligencias especializadas a la Secci\u00f3n de Investigaci\u00f3n Policial (SIP) y al Laboratorio de Criminal\u00edstica (Labocar) de Carabineros, equipos que trabajaron en el levantamiento de evidencia cient\u00edfica y la revisi\u00f3n exhaustiva de c\u00e1maras de seguridad para fortalecer los medios de prueba.<\/p>\n<div class=\"yj6qo\" style=\"text-align: justify;\"><\/div>\n<div class=\"adL\" style=\"text-align: justify;\"><\/div>\n<\/div><\/section><\/div><div  style='height:50px' class='hr hr-invisible   avia-builder-el-6  el_after_av_one_full  el_before_av_social_share '><span class='hr-inner ' ><span class='hr-inner-style'><\/span><\/span><\/div><\/p>\n<div  class='av-social-sharing-box  avia-builder-el-7  el_after_av_hr  el_before_av_hr  '><div class='av-share-box'><h5 class='av-share-link-description av-no-toc '>Compartir esta noticia<\/h5><ul class='av-share-box-list noLightbox'><li class='av-share-link av-social-link-facebook' ><a target=\"_blank\" aria-label=\"Compartir en Facebook\" href='https:\/\/www.facebook.com\/sharer.php?u=https:\/\/radiorevelacionfm.cl\/?p=66693&#038;t=Despliegue%20de%20Carabineros%20de%20Ays%C3%A9n%20y%20Coyhaique%20permiti%C3%B3%20desarticular%20banda%20y%20recuperar%20bot%C3%ADn%20tras%20asalto%20a%20local%20en%20Puerto%20Ays%C3%A9n' aria-hidden='false' data-av_icon='\ue8f3' data-av_iconfont='entypo-fontello' title='' data-avia-related-tooltip='Compartir en Facebook' rel=\"noopener\"><span class='avia_hidden_link_text'>Compartir en Facebook<\/span><\/a><\/li><li class='av-share-link av-social-link-twitter' ><a target=\"_blank\" aria-label=\"Compartir en Twitter\" href='https:\/\/twitter.com\/share?text=Despliegue%20de%20Carabineros%20de%20Ays%C3%A9n%20y%20Coyhaique%20permiti%C3%B3%20desarticular%20banda%20y%20recuperar%20bot%C3%ADn%20tras%20asalto%20a%20local%20en%20Puerto%20Ays%C3%A9n&#038;url=https:\/\/radiorevelacionfm.cl\/?p=66693' aria-hidden='false' data-av_icon='\ue8f1' data-av_iconfont='entypo-fontello' title='' data-avia-related-tooltip='Compartir en Twitter' rel=\"noopener\"><span class='avia_hidden_link_text'>Compartir en Twitter<\/span><\/a><\/li><li class='av-share-link av-social-link-whatsapp' ><a target=\"_blank\" aria-label=\"Compartir en Whatsapp\" href='https:\/\/api.whatsapp.com\/send?text=https:\/\/radiorevelacionfm.cl\/?p=66693' aria-hidden='false' data-av_icon='\uf232' data-av_iconfont='entypo-fontello' title='' data-avia-related-tooltip='Compartir en Whatsapp' rel=\"noopener\"><span class='avia_hidden_link_text'>Compartir en Whatsapp<\/span><\/a><\/li><li class='av-share-link av-social-link-linkedin' ><a target=\"_blank\" aria-label=\"Compartir en LinkedIn\" href='https:\/\/linkedin.com\/shareArticle?mini=true&#038;title=Despliegue%20de%20Carabineros%20de%20Ays%C3%A9n%20y%20Coyhaique%20permiti%C3%B3%20desarticular%20banda%20y%20recuperar%20bot%C3%ADn%20tras%20asalto%20a%20local%20en%20Puerto%20Ays%C3%A9n&#038;url=https:\/\/radiorevelacionfm.cl\/?p=66693' aria-hidden='false' data-av_icon='\ue8fc' data-av_iconfont='entypo-fontello' title='' data-avia-related-tooltip='Compartir en LinkedIn' rel=\"noopener\"><span class='avia_hidden_link_text'>Compartir en LinkedIn<\/span><\/a><\/li><li class='av-share-link av-social-link-mail' ><a  aria-label=\"Compartir por correo\" href='mailto:?subject=Despliegue%20de%20Carabineros%20de%20Ays%C3%A9n%20y%20Coyhaique%20permiti%C3%B3%20desarticular%20banda%20y%20recuperar%20bot%C3%ADn%20tras%20asalto%20a%20local%20en%20Puerto%20Ays%C3%A9n&#038;body=https:\/\/radiorevelacionfm.cl\/?p=66693' aria-hidden='false' data-av_icon='\ue805' data-av_iconfont='entypo-fontello' title='' data-avia-related-tooltip='Compartir por correo'><span class='avia_hidden_link_text'>Compartir por correo<\/span><\/a><\/li><\/ul><\/div><\/div>\n<div  style='height:50px' class='hr hr-invisible   avia-builder-el-8  el_after_av_social_share  el_before_av_comments_list '><span class='hr-inner ' ><span class='hr-inner-style'><\/span><\/span><\/div>\n<div  class='av-buildercomment  av-blog-meta-html-info-disabled av-blog-meta-tag-disabled  '><\/div>\n","protected":false},"excerpt":{"rendered":"","protected":false},"author":1,"featured_media":66694,"comment_status":"closed","ping_status":"closed","sticky":false,"template":"","format":"standard","meta":{"footnotes":""},"categories":[36],"tags":[],"class_list":["post-66693","post","type-post","status-publish","format-standard","has-post-thumbnail","hentry","category-policial"],"jetpack_featured_media_url":"https:\/\/radiorevelacionfm.cl\/wp-content\/uploads\/2026\/04\/0c794da3-f7e0-4495-99cc-679b768fb5ea-1-1.jpg","_links":{"self":[{"href":"https:\/\/radiorevelacionfm.cl\/index.php?rest_route=\/wp\/v2\/posts\/66693","targetHints":{"allow":["GET"]}}],"collection":[{"href":"https:\/\/radiorevelacionfm.cl\/index.php?rest_route=\/wp\/v2\/posts"}],"about":[{"href":"https:\/\/radiorevelacionfm.cl\/index.php?rest_route=\/wp\/v2\/types\/post"}],"author":[{"embeddable":true,"href":"https:\/\/radiorevelacionfm.cl\/index.php?rest_route=\/wp\/v2\/users\/1"}],"replies":[{"embeddable":true,"href":"https:\/\/radiorevelacionfm.cl\/index.php?rest_route=%2Fwp%2Fv2%2Fcomments&post=66693"}],"version-history":[{"count":2,"href":"https:\/\/radiorevelacionfm.cl\/index.php?rest_route=\/wp\/v2\/posts\/66693\/revisions"}],"predecessor-version":[{"id":66696,"href":"https:\/\/radiorevelacionfm.cl\/index.php?rest_route=\/wp\/v2\/posts\/66693\/revisions\/66696"}],"wp:featuredmedia":[{"embeddable":true,"href":"https:\/\/radiorevelacionfm.cl\/index.php?rest_route=\/wp\/v2\/media\/66694"}],"wp:attachment":[{"href":"https:\/\/radiorevelacionfm.cl\/index.php?rest_route=%2Fwp%2Fv2%2Fmedia&parent=66693"}],"wp:term":[{"taxonomy":"category","embeddable":true,"href":"https:\/\/radiorevelacionfm.cl\/index.php?rest_route=%2Fwp%2Fv2%2Fcategories&post=66693"},{"taxonomy":"post_tag","embeddable":true,"href":"https:\/\/radiorevelacionfm.cl\/index.php?rest_route=%2Fwp%2Fv2%2Ftags&post=66693"}],"curies":[{"name":"wp","href":"https:\/\/api.w.org\/{rel}","templated":true}]}}