{"id":66689,"date":"2026-04-28T18:46:03","date_gmt":"2026-04-28T21:46:03","guid":{"rendered":"https:\/\/radiorevelacionfm.cl\/?p=66689"},"modified":"2026-04-28T18:46:03","modified_gmt":"2026-04-28T21:46:03","slug":"indap-entrega-mas-de-23-toneladas-de-alimentacion-invernal-en-la-junta","status":"publish","type":"post","link":"https:\/\/radiorevelacionfm.cl\/?p=66689","title":{"rendered":"Indap entrega m\u00e1s de 23 toneladas de alimentaci\u00f3n invernal en La Junta"},"content":{"rendered":"<div class=\"flex_column av_one_full  flex_column_div av-zero-column-padding first  avia-builder-el-0  el_before_av_one_full  avia-builder-el-first  \" style='border-radius:0px; '><div  class='avia-image-container  av-styling-    avia-builder-el-1  avia-builder-el-no-sibling  avia-align-center '  itemprop=\"image\" itemscope=\"itemscope\" itemtype=\"https:\/\/schema.org\/ImageObject\"  ><div class='avia-image-container-inner'><div class='avia-image-overlay-wrap'><img decoding=\"async\" class='wp-image-66690 avia-img-lazy-loading-not-66690 avia_image' src=\"https:\/\/radiorevelacionfm.cl\/wp-content\/uploads\/2026\/04\/entrega-capital-de-trabajo-la-junta-1_optimized.jpg\" alt='' title='entrega-capital-de-trabajo-la-junta-(1)_optimized' height=\"600\" width=\"859\"  itemprop=\"thumbnailUrl\" srcset=\"https:\/\/radiorevelacionfm.cl\/wp-content\/uploads\/2026\/04\/entrega-capital-de-trabajo-la-junta-1_optimized.jpg 859w, https:\/\/radiorevelacionfm.cl\/wp-content\/uploads\/2026\/04\/entrega-capital-de-trabajo-la-junta-1_optimized-300x210.jpg 300w, https:\/\/radiorevelacionfm.cl\/wp-content\/uploads\/2026\/04\/entrega-capital-de-trabajo-la-junta-1_optimized-768x536.jpg 768w, https:\/\/radiorevelacionfm.cl\/wp-content\/uploads\/2026\/04\/entrega-capital-de-trabajo-la-junta-1_optimized-705x492.jpg 705w, https:\/\/radiorevelacionfm.cl\/wp-content\/uploads\/2026\/04\/entrega-capital-de-trabajo-la-junta-1_optimized-450x314.jpg 450w, https:\/\/radiorevelacionfm.cl\/wp-content\/uploads\/2026\/04\/entrega-capital-de-trabajo-la-junta-1_optimized-600x419.jpg 600w\" sizes=\"(max-width: 859px) 100vw, 859px\" \/><\/div><\/div><\/div><\/div><div class=\"flex_column av_one_full  flex_column_div av-zero-column-padding first  avia-builder-el-2  el_after_av_one_full  el_before_av_one_full  column-top-margin\" style='border-radius:0px; '><section class=\"av_textblock_section \"  itemscope=\"itemscope\" itemtype=\"https:\/\/schema.org\/BlogPosting\" itemprop=\"blogPost\" ><div class='avia_textblock  '   itemprop=\"text\" ><p style=\"text-align: center;\"><strong><span style=\"font-size: 18pt;\">Indap entrega m\u00e1s de 23 toneladas de alimentaci\u00f3n invernal en La Junta<\/span><\/strong><\/p>\n<div id=\"gtx-trans\" style=\"position: absolute; left: -50px; top: 4.31534px;\">\n<div class=\"gtx-trans-icon\"><\/div>\n<\/div>\n<\/div><\/section><\/div><div class=\"flex_column av_one_full  flex_column_div av-zero-column-padding first  avia-builder-el-4  el_after_av_one_full  el_before_av_hr  column-top-margin\" style='border-radius:0px; '><section class=\"av_textblock_section \"  itemscope=\"itemscope\" itemtype=\"https:\/\/schema.org\/BlogPosting\" itemprop=\"blogPost\" ><div class='avia_textblock  '   itemprop=\"text\" ><p style=\"text-align: justify;\"><em>La Directora Regional (s) de INDAP, Josefina Dom\u00ednguez, junto al equipo del \u00e1rea La Junta y el PRODESAL de la Municipalidad de Cisnes, realizaron la entrega asociativa de alimentaci\u00f3n en la localidad. <\/em><\/p>\n<p style=\"text-align: justify;\">El Programa de Desarrollo Local (PRODESAL) de INDAP, en convenio con la municipalidad de Cisnes, entrega un incentivo anual destinado a cofinanciar insumos y herramientas b\u00e1sicas para microproductores. La Unidad Operativa Cisnes norte PRODESAL, entreg\u00f3 a 48 usuarios de La Junta y Puyuhuapi alimentaci\u00f3n invernal en el galp\u00f3n de la Agroveterinaria Casa de Campo.<\/p>\n<p style=\"text-align: justify;\">La Directora Regional (s) de Ays\u00e9n, Josefina Dom\u00ednguez, se\u00f1al\u00f3: \u201cNos encontramos desplegados en La Junta para dar una excelente noticia a las y los usuarios de PRODESAL. Realizamos la entrega de capital de trabajo para que se pueda fortalecer la producci\u00f3n de cara al invierno en la regi\u00f3n. Es importante para el gobierno del presidente Kast avanzar en iniciativas que protejan el trabajo de nuestros agricultores en la regi\u00f3n, el desarrollo econ\u00f3mico local, para no s\u00f3lo mejorar la producci\u00f3n de alimentos, sino que tambi\u00e9n impulsar territorios m\u00e1s sostenibles\u201d.<\/p>\n<p style=\"text-align: justify;\">Mediante una compra asociativa a un productor local orientadas a la adquisici\u00f3n de cosetan, avena, ma\u00edz entero, ma\u00edz partido y alimento ponedora, se obtuvo 921 sacos, equivalentes a 23.025 kilos de alimentos para distribuir entre las personas beneficiadas.<\/p>\n<p style=\"text-align: justify;\">Luis P\u00e9rez, Presidente del Comit\u00e9 de Agencia de \u00c1rea (CADA) del \u00c1rea de la Junta, instancia de participaci\u00f3n y cooperaci\u00f3n entre la comunidad campesina y la Agencia de \u00c1rea de INDAP orientada a evaluar programas, dar opini\u00f3n sobre la gesti\u00f3n y mejorar la articulaci\u00f3n de pol\u00edticas locales, productivas y comerciales en el territorio, resalt\u00f3 el trabajo que realiza la instituci\u00f3n: \u201cQuisiera destacar el gran trabajo que est\u00e1 haciendo el INDAP regional y a nivel de \u00e1rea para entregar el capital de trabajo a los usuarios del programa PRODESAL. Creo que es una muy buena iniciativa para que nuestros campesinos y campesinas se preparen para enfrentar el invierno que se nos avecina\u201d.<\/p>\n<p style=\"text-align: justify;\">Por su parte, el Alcalde de Cisnes, Francisco Roncagliolo se\u00f1al\u00f3 \u201cValoramos mucho el trabajo colaborativo y conjunto que llevamos adelante junto a INDAP dentro de la comuna. En este caso entregando herramientas para fortalecer las capacidades de nuestros usuarios provisionales tanto de la zona norte como sur de la comuna. Estas herramientas lo que esperamos es que mejoren las capacidades de nuestros usuarios para abordar sus desaf\u00edos de emprendimiento, de desarrollo y que obviamente fortalezcan la agricultura campesina. Y esto se une tambi\u00e9n al trabajo que est\u00e1 realizando nuestro municipio de fortalecer a trav\u00e9s de apoyo t\u00e9cnico a nuestros usuarios, de poder generar distintas instancias de desarrollo dentro del territorio y obviamente apoyando con distintos beneficios que entregamos durante el a\u00f1o, en espec\u00edfico este concentrado para animales mayores y menores dentro de todo el territorio. As\u00ed que la idea nuestra es siempre seguir trabajando en forma colaborativa porque as\u00ed sumamos energ\u00edas en beneficio de la gente de nuestra comuna\u201d, finaliz\u00f3.<\/p>\n<\/div><\/section><\/div><div  style='height:50px' class='hr hr-invisible   avia-builder-el-6  el_after_av_one_full  el_before_av_social_share '><span class='hr-inner ' ><span class='hr-inner-style'><\/span><\/span><\/div><\/p>\n<div  class='av-social-sharing-box  avia-builder-el-7  el_after_av_hr  el_before_av_hr  '><div class='av-share-box'><h5 class='av-share-link-description av-no-toc '>Compartir esta noticia<\/h5><ul class='av-share-box-list noLightbox'><li class='av-share-link av-social-link-facebook' ><a target=\"_blank\" aria-label=\"Compartir en Facebook\" href='https:\/\/www.facebook.com\/sharer.php?u=https:\/\/radiorevelacionfm.cl\/?p=66689&#038;t=Indap%20entrega%20m%C3%A1s%20de%2023%20toneladas%20de%20alimentaci%C3%B3n%20invernal%20en%20La%20Junta' aria-hidden='false' data-av_icon='\ue8f3' data-av_iconfont='entypo-fontello' title='' data-avia-related-tooltip='Compartir en Facebook' rel=\"noopener\"><span class='avia_hidden_link_text'>Compartir en Facebook<\/span><\/a><\/li><li class='av-share-link av-social-link-twitter' ><a target=\"_blank\" aria-label=\"Compartir en Twitter\" href='https:\/\/twitter.com\/share?text=Indap%20entrega%20m%C3%A1s%20de%2023%20toneladas%20de%20alimentaci%C3%B3n%20invernal%20en%20La%20Junta&#038;url=https:\/\/radiorevelacionfm.cl\/?p=66689' aria-hidden='false' data-av_icon='\ue8f1' data-av_iconfont='entypo-fontello' title='' data-avia-related-tooltip='Compartir en Twitter' rel=\"noopener\"><span class='avia_hidden_link_text'>Compartir en Twitter<\/span><\/a><\/li><li class='av-share-link av-social-link-whatsapp' ><a target=\"_blank\" aria-label=\"Compartir en Whatsapp\" href='https:\/\/api.whatsapp.com\/send?text=https:\/\/radiorevelacionfm.cl\/?p=66689' aria-hidden='false' data-av_icon='\uf232' data-av_iconfont='entypo-fontello' title='' data-avia-related-tooltip='Compartir en Whatsapp' rel=\"noopener\"><span class='avia_hidden_link_text'>Compartir en Whatsapp<\/span><\/a><\/li><li class='av-share-link av-social-link-linkedin' ><a target=\"_blank\" aria-label=\"Compartir en LinkedIn\" href='https:\/\/linkedin.com\/shareArticle?mini=true&#038;title=Indap%20entrega%20m%C3%A1s%20de%2023%20toneladas%20de%20alimentaci%C3%B3n%20invernal%20en%20La%20Junta&#038;url=https:\/\/radiorevelacionfm.cl\/?p=66689' aria-hidden='false' data-av_icon='\ue8fc' data-av_iconfont='entypo-fontello' title='' data-avia-related-tooltip='Compartir en LinkedIn' rel=\"noopener\"><span class='avia_hidden_link_text'>Compartir en LinkedIn<\/span><\/a><\/li><li class='av-share-link av-social-link-mail' ><a  aria-label=\"Compartir por correo\" href='mailto:?subject=Indap%20entrega%20m%C3%A1s%20de%2023%20toneladas%20de%20alimentaci%C3%B3n%20invernal%20en%20La%20Junta&#038;body=https:\/\/radiorevelacionfm.cl\/?p=66689' aria-hidden='false' data-av_icon='\ue805' data-av_iconfont='entypo-fontello' title='' data-avia-related-tooltip='Compartir por correo'><span class='avia_hidden_link_text'>Compartir por correo<\/span><\/a><\/li><\/ul><\/div><\/div>\n<div  style='height:50px' class='hr hr-invisible   avia-builder-el-8  el_after_av_social_share  el_before_av_comments_list '><span class='hr-inner ' ><span class='hr-inner-style'><\/span><\/span><\/div>\n<div  class='av-buildercomment  av-blog-meta-html-info-disabled av-blog-meta-tag-disabled  '><\/div>\n","protected":false},"excerpt":{"rendered":"","protected":false},"author":1,"featured_media":66690,"comment_status":"closed","ping_status":"closed","sticky":false,"template":"","format":"standard","meta":{"footnotes":""},"categories":[38],"tags":[],"class_list":["post-66689","post","type-post","status-publish","format-standard","has-post-thumbnail","hentry","category-regional"],"jetpack_featured_media_url":"https:\/\/radiorevelacionfm.cl\/wp-content\/uploads\/2026\/04\/entrega-capital-de-trabajo-la-junta-1_optimized.jpg","_links":{"self":[{"href":"https:\/\/radiorevelacionfm.cl\/index.php?rest_route=\/wp\/v2\/posts\/66689","targetHints":{"allow":["GET"]}}],"collection":[{"href":"https:\/\/radiorevelacionfm.cl\/index.php?rest_route=\/wp\/v2\/posts"}],"about":[{"href":"https:\/\/radiorevelacionfm.cl\/index.php?rest_route=\/wp\/v2\/types\/post"}],"author":[{"embeddable":true,"href":"https:\/\/radiorevelacionfm.cl\/index.php?rest_route=\/wp\/v2\/users\/1"}],"replies":[{"embeddable":true,"href":"https:\/\/radiorevelacionfm.cl\/index.php?rest_route=%2Fwp%2Fv2%2Fcomments&post=66689"}],"version-history":[{"count":2,"href":"https:\/\/radiorevelacionfm.cl\/index.php?rest_route=\/wp\/v2\/posts\/66689\/revisions"}],"predecessor-version":[{"id":66700,"href":"https:\/\/radiorevelacionfm.cl\/index.php?rest_route=\/wp\/v2\/posts\/66689\/revisions\/66700"}],"wp:featuredmedia":[{"embeddable":true,"href":"https:\/\/radiorevelacionfm.cl\/index.php?rest_route=\/wp\/v2\/media\/66690"}],"wp:attachment":[{"href":"https:\/\/radiorevelacionfm.cl\/index.php?rest_route=%2Fwp%2Fv2%2Fmedia&parent=66689"}],"wp:term":[{"taxonomy":"category","embeddable":true,"href":"https:\/\/radiorevelacionfm.cl\/index.php?rest_route=%2Fwp%2Fv2%2Fcategories&post=66689"},{"taxonomy":"post_tag","embeddable":true,"href":"https:\/\/radiorevelacionfm.cl\/index.php?rest_route=%2Fwp%2Fv2%2Ftags&post=66689"}],"curies":[{"name":"wp","href":"https:\/\/api.w.org\/{rel}","templated":true}]}}