{"id":66686,"date":"2026-04-28T18:12:27","date_gmt":"2026-04-28T21:12:27","guid":{"rendered":"https:\/\/radiorevelacionfm.cl\/?p=66686"},"modified":"2026-04-28T18:12:27","modified_gmt":"2026-04-28T21:12:27","slug":"corfo-aysen-abre-cinco-convocatorias-para-impulsar-desarrollo-regional","status":"publish","type":"post","link":"https:\/\/radiorevelacionfm.cl\/?p=66686","title":{"rendered":"Corfo Ays\u00e9n abre cinco convocatorias para impulsar desarrollo regional"},"content":{"rendered":"<div class=\"flex_column av_one_full  flex_column_div av-zero-column-padding first  avia-builder-el-0  el_before_av_one_full  avia-builder-el-first  \" style='border-radius:0px; '><div  class='avia-image-container  av-styling-    avia-builder-el-1  avia-builder-el-no-sibling  avia-align-center '  itemprop=\"image\" itemscope=\"itemscope\" itemtype=\"https:\/\/schema.org\/ImageObject\"  ><div class='avia-image-container-inner'><div class='avia-image-overlay-wrap'><img decoding=\"async\" class='wp-image-66687 avia-img-lazy-loading-not-66687 avia_image' src=\"https:\/\/radiorevelacionfm.cl\/wp-content\/uploads\/2026\/04\/PUERTO-CISNES_01-2-1-1.jpg\" alt='' title='PUERTO CISNES_01 (2) (1) (1)' height=\"600\" width=\"1067\"  itemprop=\"thumbnailUrl\" srcset=\"https:\/\/radiorevelacionfm.cl\/wp-content\/uploads\/2026\/04\/PUERTO-CISNES_01-2-1-1.jpg 1067w, https:\/\/radiorevelacionfm.cl\/wp-content\/uploads\/2026\/04\/PUERTO-CISNES_01-2-1-1-300x169.jpg 300w, https:\/\/radiorevelacionfm.cl\/wp-content\/uploads\/2026\/04\/PUERTO-CISNES_01-2-1-1-1030x579.jpg 1030w, https:\/\/radiorevelacionfm.cl\/wp-content\/uploads\/2026\/04\/PUERTO-CISNES_01-2-1-1-768x432.jpg 768w, https:\/\/radiorevelacionfm.cl\/wp-content\/uploads\/2026\/04\/PUERTO-CISNES_01-2-1-1-705x396.jpg 705w, https:\/\/radiorevelacionfm.cl\/wp-content\/uploads\/2026\/04\/PUERTO-CISNES_01-2-1-1-450x253.jpg 450w, https:\/\/radiorevelacionfm.cl\/wp-content\/uploads\/2026\/04\/PUERTO-CISNES_01-2-1-1-600x337.jpg 600w\" sizes=\"(max-width: 1067px) 100vw, 1067px\" \/><\/div><\/div><\/div><\/div><div class=\"flex_column av_one_full  flex_column_div av-zero-column-padding first  avia-builder-el-2  el_after_av_one_full  el_before_av_one_full  column-top-margin\" style='border-radius:0px; '><section class=\"av_textblock_section \"  itemscope=\"itemscope\" itemtype=\"https:\/\/schema.org\/BlogPosting\" itemprop=\"blogPost\" ><div class='avia_textblock  '   itemprop=\"text\" ><p style=\"text-align: center;\"><span style=\"font-size: 18pt;\"><b><span lang=\"es-419\">Corfo Ays\u00e9n abre cinco convocatorias para impulsar desarrollo regional<\/span><\/b><\/span><\/p>\n<div id=\"gtx-trans\" style=\"position: absolute; left: -50px; top: 4.31534px;\">\n<div class=\"gtx-trans-icon\"><\/div>\n<\/div>\n<\/div><\/section><\/div><div class=\"flex_column av_one_full  flex_column_div av-zero-column-padding first  avia-builder-el-4  el_after_av_one_full  el_before_av_hr  column-top-margin\" style='border-radius:0px; '><section class=\"av_textblock_section \"  itemscope=\"itemscope\" itemtype=\"https:\/\/schema.org\/BlogPosting\" itemprop=\"blogPost\" ><div class='avia_textblock  '   itemprop=\"text\" ><p style=\"font-weight: 400; text-align: justify;\"><em>En marco del mes del emprendimiento, la entidad busca acercar financiamiento y nuevas oportunidades a empresas, emprendimientos y proyectos innovadores en toda la regi\u00f3n.<\/em><\/p>\n<p style=\"font-weight: 400; text-align: justify;\">Con una inversi\u00f3n superior a $874 millones, Corfo Ays\u00e9n abrir\u00e1 cinco convocatorias orientadas a fortalecer la inversi\u00f3n productiva, la innovaci\u00f3n, la reactivaci\u00f3n econ\u00f3mica y el emprendimiento regional. Las iniciativas beneficiar\u00e1n a empresas, emprendedores y organizaciones de distintos territorios de la regi\u00f3n.<\/p>\n<p style=\"font-weight: 400; text-align: justify;\">Los programas Activa Desarrolla Inversi\u00f3n y Proyectos de Apoyo a la Reactivaci\u00f3n &#8211; PAR, tendr\u00e1n foco en el litoral de Ays\u00e9n, mientras que las convocatorias Innova Regi\u00f3n, Semilla Inicia y Viraliza Difusi\u00f3n-Medios, tendr\u00e1n un foco m\u00e1s amplio. Estas cinco l\u00edneas abrir\u00e1n sus postulaciones el 4 de mayo, cerrando el 4 de junio.<\/p>\n<p style=\"font-weight: 400; text-align: justify;\">Con esto, la cartera busca responder a brechas concretas del territorio: acceso a financiamiento, validaci\u00f3n de proyectos innovadores, fortalecimiento de negocios locales y mayor visibilidad para el ecosistema emprendedor regional.<\/p>\n<p style=\"font-weight: 400; text-align: justify;\">Rodrigo Aguilera Silva, seremi de Econom\u00eda, Fomento y Turismo, se\u00f1al\u00f3 que muchas veces una buena idea no avanza por falta de financiamiento, y que eso es justamente lo que estas convocatorias buscan cambiar. Agreg\u00f3 que estos instrumentos permiten apoyar innovaci\u00f3n, inversi\u00f3n productiva y nuevos negocios en toda la regi\u00f3n, destacando que \u201cno se trata solo de financiar proyectos, sino de generar condiciones reales para que las ideas se transformen en oportunidades concretas para Ays\u00e9n\u201d, impulsando m\u00e1s empleo y desarrollo local desde las propias comunas.<\/p>\n<p style=\"font-weight: 400; text-align: justify;\"><strong>INVERSI\u00d3N PARA CRECER<\/strong><\/p>\n<p style=\"font-weight: 400; text-align: justify;\">Uno de los instrumentos con mayor cobertura es Activa Desarrolla Inversi\u00f3n con un presupuesto de $349.809.600. El programa est\u00e1 dirigido a proyectos de inversi\u00f3n en Tortel, Ays\u00e9n, Cisnes y Guaitecas, permitiendo cofinanciar activo fijo, infraestructura productiva y capital de trabajo.<\/p>\n<p style=\"font-weight: 400; text-align: justify;\">Podr\u00e1n postular iniciativas desde los $12 millones de inversi\u00f3n, con un cofinanciamiento de hasta 60% y un tope de $50 millones por proyecto. En el caso de empresas y cooperativas de base ind\u00edgena, el aporte puede llegar al 70%, ampliando el acceso a financiamiento en sectores con mayores brechas territoriales.<\/p>\n<p style=\"font-weight: 400; text-align: justify;\">A esto se suma el programa PAR (Apoyo a la Reactivaci\u00f3n), que destinar\u00e1 $150 millones para apoyar grupos de entre 5 y 15 empresas o emprendedores de Tortel, Guaitecas e Islas Huichas, incluyendo Puerto Aguirre, Estero Copa y Caleta Andrade. El programa permitir\u00e1 cofinanciar hasta $3,5 millones por beneficiario, cubriendo hasta el 80% del costo total de cada proyecto.<\/p>\n<p style=\"font-weight: 400; text-align: justify;\">Ambas convocatorias forman parte de las iniciativas financiadas en el marco del convenio entre Corfo y el Gobierno Regional de Ays\u00e9n, a trav\u00e9s del programa \u201cFortalecimiento productivo del Litoral de Ays\u00e9n 2026\u201d, orientado a generar mayores oportunidades de desarrollo productivo en los territorios costeros de la regi\u00f3n.<\/p>\n<p style=\"font-weight: 400; text-align: justify;\"><strong>INNOVACI\u00d3N QUE LLEGUE AL MERCADO<\/strong><\/p>\n<p style=\"font-weight: 400; text-align: justify;\">En materia de innovaci\u00f3n, Corfo abrir\u00e1 Innova Regi\u00f3n, con un fondo de $250 millones destinado al desarrollo de nuevos o mejorados productos, servicios y procesos, desde la etapa de prototipo hasta su validaci\u00f3n t\u00e9cnica o comercial a escala productiva.<\/p>\n<p style=\"font-weight: 400; text-align: justify;\">Tambi\u00e9n estar\u00e1 disponible Semilla Inicia, con $75 millones para apoyar emprendimientos innovadores de alto potencial de crecimiento en Coyhaique, Lago Verde, R\u00edo Ib\u00e1\u00f1ez, Chile Chico, Cochrane y O\u2019Higgins. El instrumento financia la validaci\u00f3n t\u00e9cnica y comercial de soluciones con alcance nacional y potencial de internacionalizaci\u00f3n.<\/p>\n<p style=\"font-weight: 400; text-align: justify;\">El subdirector de Corfo Ays\u00e9n, Boris L\u00f3pez Bravo, destac\u00f3 que estas convocatorias representan una oportunidad concreta para que m\u00e1s empresas y emprendimientos puedan crecer en la regi\u00f3n, a trav\u00e9s de financiamiento para inversi\u00f3n, innovaci\u00f3n y reactivaci\u00f3n productiva. En ese contexto, se\u00f1al\u00f3 que \u201cqueremos que estas oportunidades lleguen donde m\u00e1s se necesitan y fortalezcan el desarrollo desde los territorios\u201d.<\/p>\n<p style=\"font-weight: 400; text-align: justify;\">L\u00f3pez agreg\u00f3 que estas herramientas tambi\u00e9n permiten avanzar hacia una econom\u00eda m\u00e1s sostenible y fortalecer el desarrollo local desde la propia regi\u00f3n.<\/p>\n<p style=\"font-weight: 400; text-align: justify;\"><strong>CULTURA DE EMPRENDIMIENTO<\/strong><\/p>\n<p style=\"font-weight: 400; text-align: justify;\">La quinta convocatoria corresponde a Viraliza Difusi\u00f3n Medios, que contempla hasta $50 millones para fortalecer la cultura de emprendimiento e innovaci\u00f3n mediante contenidos audiovisuales y multiplataforma con cobertura en las cuatro provincias de la regi\u00f3n.<\/p>\n<p style=\"font-weight: 400; text-align: justify;\">El objetivo es visibilizar experiencias que inspiren, conecten redes y fortalezcan el ecosistema emprendedor de Ays\u00e9n, mostrando que la innovaci\u00f3n tambi\u00e9n se construye desde los territorios.<\/p>\n<p style=\"font-weight: 400; text-align: justify;\">\u201cNuestro llamado es a revisar los requisitos con tiempo y no dejar la postulaci\u00f3n para \u00faltimo minuto, porque muchas veces buenas iniciativas quedan fuera por comenzar tarde. Queremos que m\u00e1s empresas, emprendedores y organizaciones puedan transformar estas oportunidades en proyectos concretos que impulsen desarrollo y crecimiento para la regi\u00f3n\u201d, concluy\u00f3 L\u00f3pez.<\/p>\n<p style=\"font-weight: 400; text-align: justify;\">Las bases, formularios y antecedentes estar\u00e1n disponibles en el sitio web de Corfo desde las 15:00 horas del lunes 4 de mayo.<\/p>\n<\/div><\/section><\/div><div  style='height:50px' class='hr hr-invisible   avia-builder-el-6  el_after_av_one_full  el_before_av_social_share '><span class='hr-inner ' ><span class='hr-inner-style'><\/span><\/span><\/div><\/p>\n<div  class='av-social-sharing-box  avia-builder-el-7  el_after_av_hr  el_before_av_hr  '><div class='av-share-box'><h5 class='av-share-link-description av-no-toc '>Compartir esta noticia<\/h5><ul class='av-share-box-list noLightbox'><li class='av-share-link av-social-link-facebook' ><a target=\"_blank\" aria-label=\"Compartir en Facebook\" href='https:\/\/www.facebook.com\/sharer.php?u=https:\/\/radiorevelacionfm.cl\/?p=66686&#038;t=Corfo%20Ays%C3%A9n%20abre%20cinco%20convocatorias%20para%20impulsar%20desarrollo%20regional' aria-hidden='false' data-av_icon='\ue8f3' data-av_iconfont='entypo-fontello' title='' data-avia-related-tooltip='Compartir en Facebook' rel=\"noopener\"><span class='avia_hidden_link_text'>Compartir en Facebook<\/span><\/a><\/li><li class='av-share-link av-social-link-twitter' ><a target=\"_blank\" aria-label=\"Compartir en Twitter\" href='https:\/\/twitter.com\/share?text=Corfo%20Ays%C3%A9n%20abre%20cinco%20convocatorias%20para%20impulsar%20desarrollo%20regional&#038;url=https:\/\/radiorevelacionfm.cl\/?p=66686' aria-hidden='false' data-av_icon='\ue8f1' data-av_iconfont='entypo-fontello' title='' data-avia-related-tooltip='Compartir en Twitter' rel=\"noopener\"><span class='avia_hidden_link_text'>Compartir en Twitter<\/span><\/a><\/li><li class='av-share-link av-social-link-whatsapp' ><a target=\"_blank\" aria-label=\"Compartir en Whatsapp\" href='https:\/\/api.whatsapp.com\/send?text=https:\/\/radiorevelacionfm.cl\/?p=66686' aria-hidden='false' data-av_icon='\uf232' data-av_iconfont='entypo-fontello' title='' data-avia-related-tooltip='Compartir en Whatsapp' rel=\"noopener\"><span class='avia_hidden_link_text'>Compartir en Whatsapp<\/span><\/a><\/li><li class='av-share-link av-social-link-linkedin' ><a target=\"_blank\" aria-label=\"Compartir en LinkedIn\" href='https:\/\/linkedin.com\/shareArticle?mini=true&#038;title=Corfo%20Ays%C3%A9n%20abre%20cinco%20convocatorias%20para%20impulsar%20desarrollo%20regional&#038;url=https:\/\/radiorevelacionfm.cl\/?p=66686' aria-hidden='false' data-av_icon='\ue8fc' data-av_iconfont='entypo-fontello' title='' data-avia-related-tooltip='Compartir en LinkedIn' rel=\"noopener\"><span class='avia_hidden_link_text'>Compartir en LinkedIn<\/span><\/a><\/li><li class='av-share-link av-social-link-mail' ><a  aria-label=\"Compartir por correo\" href='mailto:?subject=Corfo%20Ays%C3%A9n%20abre%20cinco%20convocatorias%20para%20impulsar%20desarrollo%20regional&#038;body=https:\/\/radiorevelacionfm.cl\/?p=66686' aria-hidden='false' data-av_icon='\ue805' data-av_iconfont='entypo-fontello' title='' data-avia-related-tooltip='Compartir por correo'><span class='avia_hidden_link_text'>Compartir por correo<\/span><\/a><\/li><\/ul><\/div><\/div>\n<div  style='height:50px' class='hr hr-invisible   avia-builder-el-8  el_after_av_social_share  el_before_av_comments_list '><span class='hr-inner ' ><span class='hr-inner-style'><\/span><\/span><\/div>\n<div  class='av-buildercomment  av-blog-meta-html-info-disabled av-blog-meta-tag-disabled  '><\/div>\n","protected":false},"excerpt":{"rendered":"","protected":false},"author":1,"featured_media":66687,"comment_status":"closed","ping_status":"closed","sticky":false,"template":"","format":"standard","meta":{"footnotes":""},"categories":[38],"tags":[],"class_list":["post-66686","post","type-post","status-publish","format-standard","has-post-thumbnail","hentry","category-regional"],"jetpack_featured_media_url":"https:\/\/radiorevelacionfm.cl\/wp-content\/uploads\/2026\/04\/PUERTO-CISNES_01-2-1-1.jpg","_links":{"self":[{"href":"https:\/\/radiorevelacionfm.cl\/index.php?rest_route=\/wp\/v2\/posts\/66686","targetHints":{"allow":["GET"]}}],"collection":[{"href":"https:\/\/radiorevelacionfm.cl\/index.php?rest_route=\/wp\/v2\/posts"}],"about":[{"href":"https:\/\/radiorevelacionfm.cl\/index.php?rest_route=\/wp\/v2\/types\/post"}],"author":[{"embeddable":true,"href":"https:\/\/radiorevelacionfm.cl\/index.php?rest_route=\/wp\/v2\/users\/1"}],"replies":[{"embeddable":true,"href":"https:\/\/radiorevelacionfm.cl\/index.php?rest_route=%2Fwp%2Fv2%2Fcomments&post=66686"}],"version-history":[{"count":2,"href":"https:\/\/radiorevelacionfm.cl\/index.php?rest_route=\/wp\/v2\/posts\/66686\/revisions"}],"predecessor-version":[{"id":66692,"href":"https:\/\/radiorevelacionfm.cl\/index.php?rest_route=\/wp\/v2\/posts\/66686\/revisions\/66692"}],"wp:featuredmedia":[{"embeddable":true,"href":"https:\/\/radiorevelacionfm.cl\/index.php?rest_route=\/wp\/v2\/media\/66687"}],"wp:attachment":[{"href":"https:\/\/radiorevelacionfm.cl\/index.php?rest_route=%2Fwp%2Fv2%2Fmedia&parent=66686"}],"wp:term":[{"taxonomy":"category","embeddable":true,"href":"https:\/\/radiorevelacionfm.cl\/index.php?rest_route=%2Fwp%2Fv2%2Fcategories&post=66686"},{"taxonomy":"post_tag","embeddable":true,"href":"https:\/\/radiorevelacionfm.cl\/index.php?rest_route=%2Fwp%2Fv2%2Ftags&post=66686"}],"curies":[{"name":"wp","href":"https:\/\/api.w.org\/{rel}","templated":true}]}}