{"id":66683,"date":"2026-04-29T10:00:50","date_gmt":"2026-04-29T13:00:50","guid":{"rendered":"https:\/\/radiorevelacionfm.cl\/?p=66683"},"modified":"2026-04-29T10:00:50","modified_gmt":"2026-04-29T13:00:50","slug":"inician-ciclo-de-charlas-sobre-ciberbullying-en-establecimientos-educacionales-de-aysen","status":"publish","type":"post","link":"https:\/\/radiorevelacionfm.cl\/?p=66683","title":{"rendered":"Inician ciclo de charlas sobre ciberbullying en establecimientos educacionales de Ays\u00e9n"},"content":{"rendered":"<div class=\"flex_column av_one_full  flex_column_div av-zero-column-padding first  avia-builder-el-0  el_before_av_one_full  avia-builder-el-first  \" style='border-radius:0px; '><div  class='avia-image-container  av-styling-    avia-builder-el-1  avia-builder-el-no-sibling  avia-align-center '  itemprop=\"image\" itemscope=\"itemscope\" itemtype=\"https:\/\/schema.org\/ImageObject\"  ><div class='avia-image-container-inner'><div class='avia-image-overlay-wrap'><img decoding=\"async\" class='wp-image-66684 avia-img-lazy-loading-not-66684 avia_image' src=\"https:\/\/radiorevelacionfm.cl\/wp-content\/uploads\/2026\/04\/Charla-Bulling-Kalem-3-1-1-1.jpg\" alt='' title='Charla Bulling Kalem 3 (1) (1) (1)' height=\"600\" width=\"900\"  itemprop=\"thumbnailUrl\" srcset=\"https:\/\/radiorevelacionfm.cl\/wp-content\/uploads\/2026\/04\/Charla-Bulling-Kalem-3-1-1-1.jpg 900w, https:\/\/radiorevelacionfm.cl\/wp-content\/uploads\/2026\/04\/Charla-Bulling-Kalem-3-1-1-1-300x200.jpg 300w, https:\/\/radiorevelacionfm.cl\/wp-content\/uploads\/2026\/04\/Charla-Bulling-Kalem-3-1-1-1-768x512.jpg 768w, https:\/\/radiorevelacionfm.cl\/wp-content\/uploads\/2026\/04\/Charla-Bulling-Kalem-3-1-1-1-705x470.jpg 705w, https:\/\/radiorevelacionfm.cl\/wp-content\/uploads\/2026\/04\/Charla-Bulling-Kalem-3-1-1-1-450x300.jpg 450w, https:\/\/radiorevelacionfm.cl\/wp-content\/uploads\/2026\/04\/Charla-Bulling-Kalem-3-1-1-1-600x400.jpg 600w\" sizes=\"(max-width: 900px) 100vw, 900px\" \/><\/div><\/div><\/div><\/div><div class=\"flex_column av_one_full  flex_column_div av-zero-column-padding first  avia-builder-el-2  el_after_av_one_full  el_before_av_one_full  column-top-margin\" style='border-radius:0px; '><section class=\"av_textblock_section \"  itemscope=\"itemscope\" itemtype=\"https:\/\/schema.org\/BlogPosting\" itemprop=\"blogPost\" ><div class='avia_textblock  '   itemprop=\"text\" ><p style=\"text-align: center;\"><strong><span style=\"font-size: 18pt;\">Inician ciclo de charlas sobre ciberbullying en establecimientos educacionales de Ays\u00e9n<\/span><\/strong><\/p>\n<div id=\"gtx-trans\" style=\"position: absolute; left: -50px; top: 4.31534px;\">\n<div class=\"gtx-trans-icon\"><\/div>\n<\/div>\n<\/div><\/section><\/div><div class=\"flex_column av_one_full  flex_column_div av-zero-column-padding first  avia-builder-el-4  el_after_av_one_full  el_before_av_hr  column-top-margin\" style='border-radius:0px; '><section class=\"av_textblock_section \"  itemscope=\"itemscope\" itemtype=\"https:\/\/schema.org\/BlogPosting\" itemprop=\"blogPost\" ><div class='avia_textblock  '   itemprop=\"text\" ><p style=\"text-align: justify;\">Con el objetivo de promover entornos digitales m\u00e1s seguros y fortalecer la convivencia entre estudiantes, la Municipalidad de Ays\u00e9n dio inicio a un ciclo de charlas sobre ciberbullying y riesgos asociados al uso de internet, iniciativa impulsada en conjunto por la Direcci\u00f3n de Seguridad P\u00fablica y la Oficina Local de la Ni\u00f1ez.<\/p>\n<p style=\"text-align: justify;\">El punto de partida fue el Colegio Kalem, donde cerca de 280 estudiantes participaron activamente en esta jornada educativa, orientada a entregar herramientas para identificar, prevenir y denunciar situaciones de ciberacoso. Adem\u00e1s, se abordaron otros riesgos como el grooming y el uso responsable de redes sociales, poniendo \u00e9nfasis en la importancia de saber con qui\u00e9n se interact\u00faa en el mundo digital.<\/p>\n<p style=\"text-align: justify;\">Nicol\u00e1s Quintana, uno de los estudiantes participantes, valor\u00f3 la instancia se\u00f1alando, \u201caprend\u00ed que si pasa algo as\u00ed hay que acudir a instituciones como la PDI o buscar ayuda en sitios que apoyan en estos casos. Tambi\u00e9n entend\u00ed que, si veo a alguien siendo acosado, debo avisar de inmediato, acompa\u00f1arlo y apoyarlo. Es importante confiar en los profesores, en los pap\u00e1s o en la inspector\u00eda\u201d.<\/p>\n<p style=\"text-align: justify;\">Por su parte, la estudiante Pilar Rosas hizo un llamado a la responsabilidad en el uso de plataformas digitales, \u201clos j\u00f3venes deben ser conscientes de lo que hacen en internet. Esto no es un juego. Detr\u00e1s de un mensaje puede haber una situaci\u00f3n grave, como el acoso por parte de adultos. Es fundamental priorizar la seguridad y entender que estas situaciones pueden tener consecuencias muy serias en la salud emocional de las personas\u201d.<\/p>\n<p style=\"text-align: justify;\">Desde el establecimiento educacional, su directora, Marcela Jaramillo, destac\u00f3 la importancia del trabajo colaborativo, \u201cpara nosotros es muy relevante generar estas alianzas con el municipio u otras instituciones. Como colegio estamos enfocados en la prevenci\u00f3n, abordando problem\u00e1ticas que no solo ocurren a nivel local, sino tambi\u00e9n nacional. Queremos que nuestros estudiantes y sus familias sepan que estamos comprometidos con estos temas que hoy son tan importantes\u201d.<\/p>\n<p style=\"text-align: justify;\">Este ciclo de charlas continuar\u00e1 desarroll\u00e1ndose en distintos establecimientos de la comuna, siguiendo en mayo con el colegio Sina\u00ed y el Sagrada Familia. De esta manera, la Municipalidad reafirma el compromiso con la protecci\u00f3n de ni\u00f1os, ni\u00f1as y adolescentes, y con la promoci\u00f3n de una convivencia basada en el respeto, tanto en espacios f\u00edsicos como digitales.<\/p>\n<\/div><\/section><\/div><div  style='height:50px' class='hr hr-invisible   avia-builder-el-6  el_after_av_one_full  el_before_av_social_share '><span class='hr-inner ' ><span class='hr-inner-style'><\/span><\/span><\/div><\/p>\n<div  class='av-social-sharing-box  avia-builder-el-7  el_after_av_hr  el_before_av_hr  '><div class='av-share-box'><h5 class='av-share-link-description av-no-toc '>Compartir esta noticia<\/h5><ul class='av-share-box-list noLightbox'><li class='av-share-link av-social-link-facebook' ><a target=\"_blank\" aria-label=\"Compartir en Facebook\" href='https:\/\/www.facebook.com\/sharer.php?u=https:\/\/radiorevelacionfm.cl\/?p=66683&#038;t=Inician%20ciclo%20de%20charlas%20sobre%20ciberbullying%20en%20establecimientos%20educacionales%20de%20Ays%C3%A9n' aria-hidden='false' data-av_icon='\ue8f3' data-av_iconfont='entypo-fontello' title='' data-avia-related-tooltip='Compartir en Facebook' rel=\"noopener\"><span class='avia_hidden_link_text'>Compartir en Facebook<\/span><\/a><\/li><li class='av-share-link av-social-link-twitter' ><a target=\"_blank\" aria-label=\"Compartir en Twitter\" href='https:\/\/twitter.com\/share?text=Inician%20ciclo%20de%20charlas%20sobre%20ciberbullying%20en%20establecimientos%20educacionales%20de%20Ays%C3%A9n&#038;url=https:\/\/radiorevelacionfm.cl\/?p=66683' aria-hidden='false' data-av_icon='\ue8f1' data-av_iconfont='entypo-fontello' title='' data-avia-related-tooltip='Compartir en Twitter' rel=\"noopener\"><span class='avia_hidden_link_text'>Compartir en Twitter<\/span><\/a><\/li><li class='av-share-link av-social-link-whatsapp' ><a target=\"_blank\" aria-label=\"Compartir en Whatsapp\" href='https:\/\/api.whatsapp.com\/send?text=https:\/\/radiorevelacionfm.cl\/?p=66683' aria-hidden='false' data-av_icon='\uf232' data-av_iconfont='entypo-fontello' title='' data-avia-related-tooltip='Compartir en Whatsapp' rel=\"noopener\"><span class='avia_hidden_link_text'>Compartir en Whatsapp<\/span><\/a><\/li><li class='av-share-link av-social-link-linkedin' ><a target=\"_blank\" aria-label=\"Compartir en LinkedIn\" href='https:\/\/linkedin.com\/shareArticle?mini=true&#038;title=Inician%20ciclo%20de%20charlas%20sobre%20ciberbullying%20en%20establecimientos%20educacionales%20de%20Ays%C3%A9n&#038;url=https:\/\/radiorevelacionfm.cl\/?p=66683' aria-hidden='false' data-av_icon='\ue8fc' data-av_iconfont='entypo-fontello' title='' data-avia-related-tooltip='Compartir en LinkedIn' rel=\"noopener\"><span class='avia_hidden_link_text'>Compartir en LinkedIn<\/span><\/a><\/li><li class='av-share-link av-social-link-mail' ><a  aria-label=\"Compartir por correo\" href='mailto:?subject=Inician%20ciclo%20de%20charlas%20sobre%20ciberbullying%20en%20establecimientos%20educacionales%20de%20Ays%C3%A9n&#038;body=https:\/\/radiorevelacionfm.cl\/?p=66683' aria-hidden='false' data-av_icon='\ue805' data-av_iconfont='entypo-fontello' title='' data-avia-related-tooltip='Compartir por correo'><span class='avia_hidden_link_text'>Compartir por correo<\/span><\/a><\/li><\/ul><\/div><\/div>\n<div  style='height:50px' class='hr hr-invisible   avia-builder-el-8  el_after_av_social_share  el_before_av_comments_list '><span class='hr-inner ' ><span class='hr-inner-style'><\/span><\/span><\/div>\n<div  class='av-buildercomment  av-blog-meta-html-info-disabled av-blog-meta-tag-disabled  '><\/div>\n","protected":false},"excerpt":{"rendered":"","protected":false},"author":1,"featured_media":66684,"comment_status":"closed","ping_status":"closed","sticky":false,"template":"","format":"standard","meta":{"footnotes":""},"categories":[38],"tags":[],"class_list":["post-66683","post","type-post","status-publish","format-standard","has-post-thumbnail","hentry","category-regional"],"jetpack_featured_media_url":"https:\/\/radiorevelacionfm.cl\/wp-content\/uploads\/2026\/04\/Charla-Bulling-Kalem-3-1-1-1.jpg","_links":{"self":[{"href":"https:\/\/radiorevelacionfm.cl\/index.php?rest_route=\/wp\/v2\/posts\/66683","targetHints":{"allow":["GET"]}}],"collection":[{"href":"https:\/\/radiorevelacionfm.cl\/index.php?rest_route=\/wp\/v2\/posts"}],"about":[{"href":"https:\/\/radiorevelacionfm.cl\/index.php?rest_route=\/wp\/v2\/types\/post"}],"author":[{"embeddable":true,"href":"https:\/\/radiorevelacionfm.cl\/index.php?rest_route=\/wp\/v2\/users\/1"}],"replies":[{"embeddable":true,"href":"https:\/\/radiorevelacionfm.cl\/index.php?rest_route=%2Fwp%2Fv2%2Fcomments&post=66683"}],"version-history":[{"count":2,"href":"https:\/\/radiorevelacionfm.cl\/index.php?rest_route=\/wp\/v2\/posts\/66683\/revisions"}],"predecessor-version":[{"id":66716,"href":"https:\/\/radiorevelacionfm.cl\/index.php?rest_route=\/wp\/v2\/posts\/66683\/revisions\/66716"}],"wp:featuredmedia":[{"embeddable":true,"href":"https:\/\/radiorevelacionfm.cl\/index.php?rest_route=\/wp\/v2\/media\/66684"}],"wp:attachment":[{"href":"https:\/\/radiorevelacionfm.cl\/index.php?rest_route=%2Fwp%2Fv2%2Fmedia&parent=66683"}],"wp:term":[{"taxonomy":"category","embeddable":true,"href":"https:\/\/radiorevelacionfm.cl\/index.php?rest_route=%2Fwp%2Fv2%2Fcategories&post=66683"},{"taxonomy":"post_tag","embeddable":true,"href":"https:\/\/radiorevelacionfm.cl\/index.php?rest_route=%2Fwp%2Fv2%2Ftags&post=66683"}],"curies":[{"name":"wp","href":"https:\/\/api.w.org\/{rel}","templated":true}]}}