{"id":66674,"date":"2026-04-29T11:24:07","date_gmt":"2026-04-29T14:24:07","guid":{"rendered":"https:\/\/radiorevelacionfm.cl\/?p=66674"},"modified":"2026-04-29T11:24:07","modified_gmt":"2026-04-29T14:24:07","slug":"presentan-informe-de-caracterizacion-de-jovenes-en-conflicto-con-la-justicia-en-la-region-de-aysen","status":"publish","type":"post","link":"https:\/\/radiorevelacionfm.cl\/?p=66674","title":{"rendered":"Presentan informe de caracterizaci\u00f3n de j\u00f3venes en conflicto con la justicia en la Regi\u00f3n de Ays\u00e9n"},"content":{"rendered":"<div class=\"flex_column av_one_full  flex_column_div av-zero-column-padding first  avia-builder-el-0  el_before_av_one_full  avia-builder-el-first  \" style='border-radius:0px; '><div  class='avia-image-container  av-styling-    avia-builder-el-1  avia-builder-el-no-sibling  avia-align-center '  itemprop=\"image\" itemscope=\"itemscope\" itemtype=\"https:\/\/schema.org\/ImageObject\"  ><div class='avia-image-container-inner'><div class='avia-image-overlay-wrap'><img decoding=\"async\" class='wp-image-66675 avia-img-lazy-loading-not-66675 avia_image' src=\"https:\/\/radiorevelacionfm.cl\/wp-content\/uploads\/2026\/04\/informe-1_optimized.jpg\" alt='' title='informe-(1)_optimized' height=\"600\" width=\"800\"  itemprop=\"thumbnailUrl\" srcset=\"https:\/\/radiorevelacionfm.cl\/wp-content\/uploads\/2026\/04\/informe-1_optimized.jpg 800w, https:\/\/radiorevelacionfm.cl\/wp-content\/uploads\/2026\/04\/informe-1_optimized-300x225.jpg 300w, https:\/\/radiorevelacionfm.cl\/wp-content\/uploads\/2026\/04\/informe-1_optimized-768x576.jpg 768w, https:\/\/radiorevelacionfm.cl\/wp-content\/uploads\/2026\/04\/informe-1_optimized-705x529.jpg 705w, https:\/\/radiorevelacionfm.cl\/wp-content\/uploads\/2026\/04\/informe-1_optimized-450x338.jpg 450w, https:\/\/radiorevelacionfm.cl\/wp-content\/uploads\/2026\/04\/informe-1_optimized-600x450.jpg 600w\" sizes=\"(max-width: 800px) 100vw, 800px\" \/><\/div><\/div><\/div><\/div><div class=\"flex_column av_one_full  flex_column_div av-zero-column-padding first  avia-builder-el-2  el_after_av_one_full  el_before_av_one_full  column-top-margin\" style='border-radius:0px; '><section class=\"av_textblock_section \"  itemscope=\"itemscope\" itemtype=\"https:\/\/schema.org\/BlogPosting\" itemprop=\"blogPost\" ><div class='avia_textblock  '   itemprop=\"text\" ><p style=\"text-align: center;\"><strong><span style=\"font-size: 18pt;\">Presentan informe de caracterizaci\u00f3n de j\u00f3venes en conflicto con la justicia en la Regi\u00f3n de Ays\u00e9n<\/span><\/strong><\/p>\n<div id=\"gtx-trans\" style=\"position: absolute; left: -50px; top: 4.31534px;\">\n<div class=\"gtx-trans-icon\"><\/div>\n<\/div>\n<\/div><\/section><\/div><div class=\"flex_column av_one_full  flex_column_div av-zero-column-padding first  avia-builder-el-4  el_after_av_one_full  el_before_av_hr  column-top-margin\" style='border-radius:0px; '><section class=\"av_textblock_section \"  itemscope=\"itemscope\" itemtype=\"https:\/\/schema.org\/BlogPosting\" itemprop=\"blogPost\" ><div class='avia_textblock  '   itemprop=\"text\" ><p style=\"text-align: justify;\"><em>El documento entrega una aproximaci\u00f3n a la realidad regional, identificando factores de riesgo y orientando el fortalecimiento de estrategias de intervenci\u00f3n y reinserci\u00f3n social juvenil.<\/em><\/p>\n<p style=\"text-align: justify;\">El Servicio Nacional de Reinserci\u00f3n Social Juvenil realiz\u00f3 el lanzamiento del primer informe de caracterizaci\u00f3n de adolescentes y j\u00f3venes en conflicto con la justicia en la Regi\u00f3n de Ays\u00e9n, en una actividad que convoc\u00f3 a m\u00e1s de 70 personas, entre autoridades, equipos t\u00e9cnicos, representantes de instituciones vinculadas y estudiantes de educaci\u00f3n superior.<\/p>\n<p style=\"text-align: justify;\">La actividad se constituy\u00f3 como un espacio de an\u00e1lisis y reflexi\u00f3n en torno a la realidad regional, relevando la importancia de contar con informaci\u00f3n sistematizada y pertinente para la toma de decisiones orientadas a la reinserci\u00f3n social juvenil.<\/p>\n<p style=\"text-align: justify;\">La seremi de Justicia, Andrea Ponce, valor\u00f3 el documento, se\u00f1alando que \u201ceste informe entrega un material important\u00edsimo para cada uno de los servicios que tienen relaci\u00f3n con ni\u00f1os, ni\u00f1as y adolescentes, porque lo que m\u00e1s nos falta en nuestra regi\u00f3n son datos regionales y aqu\u00ed estamos hablando de cu\u00e1les son las situaciones, los hechos, las condiciones que llevan a un joven a ser infractor de ley\u201d.<\/p>\n<p style=\"text-align: justify;\">Por su parte, el director regional del Servicio Nacional de Reinserci\u00f3n Social Juvenil, Israel Villavicencio, destac\u00f3 su relevancia, se\u00f1alando que \u201ceste informe representa un avance para la regi\u00f3n, ya que nos permite contar con evidencia concreta sobre las trayectorias de adolescentes que se vinculan al delito. Estos datos son fundamentales para orientar nuestras intervenciones, fortalecer el trabajo intersectorial y avanzar en estrategias m\u00e1s oportunas y pertinentes que contribuyan efectivamente a la reinserci\u00f3n social juvenil\u201d.<\/p>\n<p style=\"text-align: justify;\">El informe, elaborado a partir de datos correspondientes a los a\u00f1os 2024 y 2025, constituye el primer esfuerzo de caracterizaci\u00f3n integral en la regi\u00f3n, permitiendo identificar tendencias relevantes tanto en el \u00e1mbito delictual como en las trayectorias sociales de los adolescentes y j\u00f3venes.<\/p>\n<p style=\"text-align: justify;\">Entre sus principales resultados, se observa que el 43,9% de las causas corresponde a delitos contra la propiedad, seguido por un 16,9% de delitos contra las personas y un 12,2% asociados a la ley de drogas, lo que da cuenta de una predominancia de il\u00edcitos vinculados a bienes materiales. Asimismo, se identifica una mayor concentraci\u00f3n de casos en la comuna de Coyhaique, posicion\u00e1ndose como el principal foco a nivel regional.<\/p>\n<p style=\"text-align: justify;\">En relaci\u00f3n con el perfil de la poblaci\u00f3n, el informe evidencia una alta masculinizaci\u00f3n, con un 85,5% de j\u00f3venes hombres, y una mayor incidencia de ingreso al sistema entre los 16 y 17 a\u00f1os (41,9%), junto a un 35% de adolescentes entre 14 y 15 a\u00f1os, lo que releva la necesidad de fortalecer estrategias de prevenci\u00f3n temprana.<\/p>\n<p style=\"text-align: justify;\">Desde el punto de vista social, da cuenta de importantes factores de vulnerabilidad. Un 61,8% presenta rezago educativo, mientras que m\u00e1s de la mitad no ha completado la ense\u00f1anza media. Asimismo, el 50,4% registra consumo habitual de alcohol o drogas.<\/p>\n<p style=\"text-align: justify;\">En el \u00e1mbito familiar, un 65% ha sido objeto de intervenciones previas por vulneraci\u00f3n de derechos, lo que refleja contextos de alta complejidad social que inciden en los procesos de desarrollo e integraci\u00f3n.<\/p>\n<p style=\"text-align: justify;\">Finalmente, se destac\u00f3 la necesidad de continuar avanzando en el fortalecimiento de la oferta regional en \u00e1reas clave como salud mental, tratamiento de consumo problem\u00e1tico de sustancias y acceso a trayectorias educativas, elementos fundamentales para favorecer procesos de reinserci\u00f3n social sostenibles y prevenir la reincidencia.<\/p>\n<\/div><\/section><\/div><div  style='height:50px' class='hr hr-invisible   avia-builder-el-6  el_after_av_one_full  el_before_av_social_share '><span class='hr-inner ' ><span class='hr-inner-style'><\/span><\/span><\/div><\/p>\n<div  class='av-social-sharing-box  avia-builder-el-7  el_after_av_hr  el_before_av_hr  '><div class='av-share-box'><h5 class='av-share-link-description av-no-toc '>Compartir esta noticia<\/h5><ul class='av-share-box-list noLightbox'><li class='av-share-link av-social-link-facebook' ><a target=\"_blank\" aria-label=\"Compartir en Facebook\" href='https:\/\/www.facebook.com\/sharer.php?u=https:\/\/radiorevelacionfm.cl\/?p=66674&#038;t=Presentan%20informe%20de%20caracterizaci%C3%B3n%20de%20j%C3%B3venes%20en%20conflicto%20con%20la%20justicia%20en%20la%20Regi%C3%B3n%20de%20Ays%C3%A9n' aria-hidden='false' data-av_icon='\ue8f3' data-av_iconfont='entypo-fontello' title='' data-avia-related-tooltip='Compartir en Facebook' rel=\"noopener\"><span class='avia_hidden_link_text'>Compartir en Facebook<\/span><\/a><\/li><li class='av-share-link av-social-link-twitter' ><a target=\"_blank\" aria-label=\"Compartir en Twitter\" href='https:\/\/twitter.com\/share?text=Presentan%20informe%20de%20caracterizaci%C3%B3n%20de%20j%C3%B3venes%20en%20conflicto%20con%20la%20justicia%20en%20la%20Regi%C3%B3n%20de%20Ays%C3%A9n&#038;url=https:\/\/radiorevelacionfm.cl\/?p=66674' aria-hidden='false' data-av_icon='\ue8f1' data-av_iconfont='entypo-fontello' title='' data-avia-related-tooltip='Compartir en Twitter' rel=\"noopener\"><span class='avia_hidden_link_text'>Compartir en Twitter<\/span><\/a><\/li><li class='av-share-link av-social-link-whatsapp' ><a target=\"_blank\" aria-label=\"Compartir en Whatsapp\" href='https:\/\/api.whatsapp.com\/send?text=https:\/\/radiorevelacionfm.cl\/?p=66674' aria-hidden='false' data-av_icon='\uf232' data-av_iconfont='entypo-fontello' title='' data-avia-related-tooltip='Compartir en Whatsapp' rel=\"noopener\"><span class='avia_hidden_link_text'>Compartir en Whatsapp<\/span><\/a><\/li><li class='av-share-link av-social-link-linkedin' ><a target=\"_blank\" aria-label=\"Compartir en LinkedIn\" href='https:\/\/linkedin.com\/shareArticle?mini=true&#038;title=Presentan%20informe%20de%20caracterizaci%C3%B3n%20de%20j%C3%B3venes%20en%20conflicto%20con%20la%20justicia%20en%20la%20Regi%C3%B3n%20de%20Ays%C3%A9n&#038;url=https:\/\/radiorevelacionfm.cl\/?p=66674' aria-hidden='false' data-av_icon='\ue8fc' data-av_iconfont='entypo-fontello' title='' data-avia-related-tooltip='Compartir en LinkedIn' rel=\"noopener\"><span class='avia_hidden_link_text'>Compartir en LinkedIn<\/span><\/a><\/li><li class='av-share-link av-social-link-mail' ><a  aria-label=\"Compartir por correo\" href='mailto:?subject=Presentan%20informe%20de%20caracterizaci%C3%B3n%20de%20j%C3%B3venes%20en%20conflicto%20con%20la%20justicia%20en%20la%20Regi%C3%B3n%20de%20Ays%C3%A9n&#038;body=https:\/\/radiorevelacionfm.cl\/?p=66674' aria-hidden='false' data-av_icon='\ue805' data-av_iconfont='entypo-fontello' title='' data-avia-related-tooltip='Compartir por correo'><span class='avia_hidden_link_text'>Compartir por correo<\/span><\/a><\/li><\/ul><\/div><\/div>\n<div  style='height:50px' class='hr hr-invisible   avia-builder-el-8  el_after_av_social_share  el_before_av_comments_list '><span class='hr-inner ' ><span class='hr-inner-style'><\/span><\/span><\/div>\n<div  class='av-buildercomment  av-blog-meta-html-info-disabled av-blog-meta-tag-disabled  '><\/div>\n","protected":false},"excerpt":{"rendered":"","protected":false},"author":1,"featured_media":66675,"comment_status":"closed","ping_status":"closed","sticky":false,"template":"","format":"standard","meta":{"footnotes":""},"categories":[55],"tags":[],"class_list":["post-66674","post","type-post","status-publish","format-standard","has-post-thumbnail","hentry","category-justicia"],"jetpack_featured_media_url":"https:\/\/radiorevelacionfm.cl\/wp-content\/uploads\/2026\/04\/informe-1_optimized.jpg","_links":{"self":[{"href":"https:\/\/radiorevelacionfm.cl\/index.php?rest_route=\/wp\/v2\/posts\/66674","targetHints":{"allow":["GET"]}}],"collection":[{"href":"https:\/\/radiorevelacionfm.cl\/index.php?rest_route=\/wp\/v2\/posts"}],"about":[{"href":"https:\/\/radiorevelacionfm.cl\/index.php?rest_route=\/wp\/v2\/types\/post"}],"author":[{"embeddable":true,"href":"https:\/\/radiorevelacionfm.cl\/index.php?rest_route=\/wp\/v2\/users\/1"}],"replies":[{"embeddable":true,"href":"https:\/\/radiorevelacionfm.cl\/index.php?rest_route=%2Fwp%2Fv2%2Fcomments&post=66674"}],"version-history":[{"count":2,"href":"https:\/\/radiorevelacionfm.cl\/index.php?rest_route=\/wp\/v2\/posts\/66674\/revisions"}],"predecessor-version":[{"id":66722,"href":"https:\/\/radiorevelacionfm.cl\/index.php?rest_route=\/wp\/v2\/posts\/66674\/revisions\/66722"}],"wp:featuredmedia":[{"embeddable":true,"href":"https:\/\/radiorevelacionfm.cl\/index.php?rest_route=\/wp\/v2\/media\/66675"}],"wp:attachment":[{"href":"https:\/\/radiorevelacionfm.cl\/index.php?rest_route=%2Fwp%2Fv2%2Fmedia&parent=66674"}],"wp:term":[{"taxonomy":"category","embeddable":true,"href":"https:\/\/radiorevelacionfm.cl\/index.php?rest_route=%2Fwp%2Fv2%2Fcategories&post=66674"},{"taxonomy":"post_tag","embeddable":true,"href":"https:\/\/radiorevelacionfm.cl\/index.php?rest_route=%2Fwp%2Fv2%2Ftags&post=66674"}],"curies":[{"name":"wp","href":"https:\/\/api.w.org\/{rel}","templated":true}]}}