{"id":66671,"date":"2026-04-28T12:29:48","date_gmt":"2026-04-28T15:29:48","guid":{"rendered":"https:\/\/radiorevelacionfm.cl\/?p=66671"},"modified":"2026-04-28T12:29:48","modified_gmt":"2026-04-28T15:29:48","slug":"escuela-de-lenguaje-kalem-obtiene-certificacion-ambiental-de-excelencia-sncae-y-reafirma-su-sello-sustentable","status":"publish","type":"post","link":"https:\/\/radiorevelacionfm.cl\/?p=66671","title":{"rendered":"Escuela de Lenguaje Kalem obtiene certificaci\u00f3n ambiental de Excelencia SNCAE y reafirma su sello sustentable"},"content":{"rendered":"<div class=\"flex_column av_one_full  flex_column_div av-zero-column-padding first  avia-builder-el-0  el_before_av_one_full  avia-builder-el-first  \" style='border-radius:0px; '><div  class='avia-image-container  av-styling-    avia-builder-el-1  avia-builder-el-no-sibling  avia-align-center '  itemprop=\"image\" itemscope=\"itemscope\" itemtype=\"https:\/\/schema.org\/ImageObject\"  ><div class='avia-image-container-inner'><div class='avia-image-overlay-wrap'><img decoding=\"async\" class='wp-image-66672 avia-img-lazy-loading-not-66672 avia_image' src=\"https:\/\/radiorevelacionfm.cl\/wp-content\/uploads\/2026\/04\/dsc08727-1_optimized.jpg\" alt='' title='dsc08727-(1)_optimized' height=\"600\" width=\"981\"  itemprop=\"thumbnailUrl\" srcset=\"https:\/\/radiorevelacionfm.cl\/wp-content\/uploads\/2026\/04\/dsc08727-1_optimized.jpg 981w, https:\/\/radiorevelacionfm.cl\/wp-content\/uploads\/2026\/04\/dsc08727-1_optimized-300x183.jpg 300w, https:\/\/radiorevelacionfm.cl\/wp-content\/uploads\/2026\/04\/dsc08727-1_optimized-768x470.jpg 768w, https:\/\/radiorevelacionfm.cl\/wp-content\/uploads\/2026\/04\/dsc08727-1_optimized-705x431.jpg 705w, https:\/\/radiorevelacionfm.cl\/wp-content\/uploads\/2026\/04\/dsc08727-1_optimized-450x275.jpg 450w, https:\/\/radiorevelacionfm.cl\/wp-content\/uploads\/2026\/04\/dsc08727-1_optimized-600x367.jpg 600w\" sizes=\"(max-width: 981px) 100vw, 981px\" \/><\/div><\/div><\/div><\/div><div class=\"flex_column av_one_full  flex_column_div av-zero-column-padding first  avia-builder-el-2  el_after_av_one_full  el_before_av_one_full  column-top-margin\" style='border-radius:0px; '><section class=\"av_textblock_section \"  itemscope=\"itemscope\" itemtype=\"https:\/\/schema.org\/BlogPosting\" itemprop=\"blogPost\" ><div class='avia_textblock  '   itemprop=\"text\" ><p style=\"text-align: center;\"><strong><span style=\"font-size: 18pt;\">Escuela de Lenguaje Kalem obtiene certificaci\u00f3n ambiental de Excelencia SNCAE y reafirma su sello sustentable<\/span><\/strong><\/p>\n<div id=\"gtx-trans\" style=\"position: absolute; left: -50px; top: 4.31534px;\">\n<div class=\"gtx-trans-icon\"><\/div>\n<\/div>\n<\/div><\/section><\/div><div class=\"flex_column av_one_full  flex_column_div av-zero-column-padding first  avia-builder-el-4  el_after_av_one_full  el_before_av_hr  column-top-margin\" style='border-radius:0px; '><section class=\"av_textblock_section \"  itemscope=\"itemscope\" itemtype=\"https:\/\/schema.org\/BlogPosting\" itemprop=\"blogPost\" ><div class='avia_textblock  '   itemprop=\"text\" ><p style=\"text-align: justify;\">Con gran orgullo, la Escuela de Lenguaje Kalem celebra la obtenci\u00f3n de la <strong>Certificaci\u00f3n Ambiental en nivel de Excelencia del SNCAE (Sistema Nacional de Certificaci\u00f3n Ambiental de Establecimientos Educacionales)<\/strong>, un importante reconocimiento que destaca el compromiso sostenido de la comunidad educativa con el cuidado del medio ambiente.<\/p>\n<p style=\"text-align: justify;\">Este logro no solo posiciona a la escuela como un referente en educaci\u00f3n ambiental, sino que tambi\u00e9n refleja un trabajo constante y significativo que se vive d\u00eda a d\u00eda en las aulas. A trav\u00e9s de diversas iniciativas como la implementaci\u00f3n de huertos escolares, pr\u00e1cticas de compostaje y actividades orientadas al respeto por la naturaleza, los ni\u00f1os y ni\u00f1as desarrollan aprendizajes que van m\u00e1s all\u00e1 de lo acad\u00e9mico, formando conciencia y responsabilidad ambiental desde la primera infancia.<\/p>\n<p style=\"text-align: justify;\">Como parte de esta significativa celebraci\u00f3n, los estudiantes recibieron las banderas ambientales, s\u00edmbolo que representa este importante hito y que fortalece el sentido de pertenencia y compromiso de toda la comunidad educativa con el entorno.<\/p>\n<p style=\"text-align: justify;\">La directora de la Escuela de Lenguaje Kalem, <strong>Nidia Ovando<\/strong>, destac\u00f3 la relevancia de este reconocimiento se\u00f1alando que \u201ceste logro es muy significativo para nuestra comunidad, ya que refleja el trabajo y la convicci\u00f3n con la que promovemos la educaci\u00f3n ambiental en nuestros ni\u00f1os y ni\u00f1as. Obtener la certificaci\u00f3n de Excelencia SNCAE reafirma nuestro sello medioambiental y nos motiva a seguir formando estudiantes conscientes, respetuosos y comprometidos con el cuidado de nuestro entorno desde temprana edad.\u00bb<\/p>\n<p style=\"text-align: justify;\">De esta manera, la Escuela de Lenguaje Kalem contin\u00faa fortaleciendo su proyecto educativo, integrando la sustentabilidad como un pilar fundamental en la formaci\u00f3n de sus estudiantes, entendiendo que educar tambi\u00e9n es generar cambios positivos para el futuro del planeta.<\/p>\n<\/div><\/section><\/div><div  style='height:50px' class='hr hr-invisible   avia-builder-el-6  el_after_av_one_full  el_before_av_social_share '><span class='hr-inner ' ><span class='hr-inner-style'><\/span><\/span><\/div><\/p>\n<div  class='av-social-sharing-box  avia-builder-el-7  el_after_av_hr  el_before_av_hr  '><div class='av-share-box'><h5 class='av-share-link-description av-no-toc '>Compartir esta noticia<\/h5><ul class='av-share-box-list noLightbox'><li class='av-share-link av-social-link-facebook' ><a target=\"_blank\" aria-label=\"Compartir en Facebook\" href='https:\/\/www.facebook.com\/sharer.php?u=https:\/\/radiorevelacionfm.cl\/?p=66671&#038;t=Escuela%20de%20Lenguaje%20Kalem%20obtiene%20certificaci%C3%B3n%20ambiental%20de%20Excelencia%20SNCAE%20y%20reafirma%20su%20sello%20sustentable' aria-hidden='false' data-av_icon='\ue8f3' data-av_iconfont='entypo-fontello' title='' data-avia-related-tooltip='Compartir en Facebook' rel=\"noopener\"><span class='avia_hidden_link_text'>Compartir en Facebook<\/span><\/a><\/li><li class='av-share-link av-social-link-twitter' ><a target=\"_blank\" aria-label=\"Compartir en Twitter\" href='https:\/\/twitter.com\/share?text=Escuela%20de%20Lenguaje%20Kalem%20obtiene%20certificaci%C3%B3n%20ambiental%20de%20Excelencia%20SNCAE%20y%20reafirma%20su%20sello%20sustentable&#038;url=https:\/\/radiorevelacionfm.cl\/?p=66671' aria-hidden='false' data-av_icon='\ue8f1' data-av_iconfont='entypo-fontello' title='' data-avia-related-tooltip='Compartir en Twitter' rel=\"noopener\"><span class='avia_hidden_link_text'>Compartir en Twitter<\/span><\/a><\/li><li class='av-share-link av-social-link-whatsapp' ><a target=\"_blank\" aria-label=\"Compartir en Whatsapp\" href='https:\/\/api.whatsapp.com\/send?text=https:\/\/radiorevelacionfm.cl\/?p=66671' aria-hidden='false' data-av_icon='\uf232' data-av_iconfont='entypo-fontello' title='' data-avia-related-tooltip='Compartir en Whatsapp' rel=\"noopener\"><span class='avia_hidden_link_text'>Compartir en Whatsapp<\/span><\/a><\/li><li class='av-share-link av-social-link-linkedin' ><a target=\"_blank\" aria-label=\"Compartir en LinkedIn\" href='https:\/\/linkedin.com\/shareArticle?mini=true&#038;title=Escuela%20de%20Lenguaje%20Kalem%20obtiene%20certificaci%C3%B3n%20ambiental%20de%20Excelencia%20SNCAE%20y%20reafirma%20su%20sello%20sustentable&#038;url=https:\/\/radiorevelacionfm.cl\/?p=66671' aria-hidden='false' data-av_icon='\ue8fc' data-av_iconfont='entypo-fontello' title='' data-avia-related-tooltip='Compartir en LinkedIn' rel=\"noopener\"><span class='avia_hidden_link_text'>Compartir en LinkedIn<\/span><\/a><\/li><li class='av-share-link av-social-link-mail' ><a  aria-label=\"Compartir por correo\" href='mailto:?subject=Escuela%20de%20Lenguaje%20Kalem%20obtiene%20certificaci%C3%B3n%20ambiental%20de%20Excelencia%20SNCAE%20y%20reafirma%20su%20sello%20sustentable&#038;body=https:\/\/radiorevelacionfm.cl\/?p=66671' aria-hidden='false' data-av_icon='\ue805' data-av_iconfont='entypo-fontello' title='' data-avia-related-tooltip='Compartir por correo'><span class='avia_hidden_link_text'>Compartir por correo<\/span><\/a><\/li><\/ul><\/div><\/div>\n<div  style='height:50px' class='hr hr-invisible   avia-builder-el-8  el_after_av_social_share  el_before_av_comments_list '><span class='hr-inner ' ><span class='hr-inner-style'><\/span><\/span><\/div>\n<div  class='av-buildercomment  av-blog-meta-html-info-disabled av-blog-meta-tag-disabled  '><\/div>\n","protected":false},"excerpt":{"rendered":"","protected":false},"author":1,"featured_media":66672,"comment_status":"closed","ping_status":"closed","sticky":false,"template":"","format":"standard","meta":{"footnotes":""},"categories":[49],"tags":[],"class_list":["post-66671","post","type-post","status-publish","format-standard","has-post-thumbnail","hentry","category-educacion"],"jetpack_featured_media_url":"https:\/\/radiorevelacionfm.cl\/wp-content\/uploads\/2026\/04\/dsc08727-1_optimized.jpg","_links":{"self":[{"href":"https:\/\/radiorevelacionfm.cl\/index.php?rest_route=\/wp\/v2\/posts\/66671","targetHints":{"allow":["GET"]}}],"collection":[{"href":"https:\/\/radiorevelacionfm.cl\/index.php?rest_route=\/wp\/v2\/posts"}],"about":[{"href":"https:\/\/radiorevelacionfm.cl\/index.php?rest_route=\/wp\/v2\/types\/post"}],"author":[{"embeddable":true,"href":"https:\/\/radiorevelacionfm.cl\/index.php?rest_route=\/wp\/v2\/users\/1"}],"replies":[{"embeddable":true,"href":"https:\/\/radiorevelacionfm.cl\/index.php?rest_route=%2Fwp%2Fv2%2Fcomments&post=66671"}],"version-history":[{"count":2,"href":"https:\/\/radiorevelacionfm.cl\/index.php?rest_route=\/wp\/v2\/posts\/66671\/revisions"}],"predecessor-version":[{"id":66677,"href":"https:\/\/radiorevelacionfm.cl\/index.php?rest_route=\/wp\/v2\/posts\/66671\/revisions\/66677"}],"wp:featuredmedia":[{"embeddable":true,"href":"https:\/\/radiorevelacionfm.cl\/index.php?rest_route=\/wp\/v2\/media\/66672"}],"wp:attachment":[{"href":"https:\/\/radiorevelacionfm.cl\/index.php?rest_route=%2Fwp%2Fv2%2Fmedia&parent=66671"}],"wp:term":[{"taxonomy":"category","embeddable":true,"href":"https:\/\/radiorevelacionfm.cl\/index.php?rest_route=%2Fwp%2Fv2%2Fcategories&post=66671"},{"taxonomy":"post_tag","embeddable":true,"href":"https:\/\/radiorevelacionfm.cl\/index.php?rest_route=%2Fwp%2Fv2%2Ftags&post=66671"}],"curies":[{"name":"wp","href":"https:\/\/api.w.org\/{rel}","templated":true}]}}