{"id":66664,"date":"2026-04-28T11:45:22","date_gmt":"2026-04-28T14:45:22","guid":{"rendered":"https:\/\/radiorevelacionfm.cl\/?p=66664"},"modified":"2026-04-28T11:45:22","modified_gmt":"2026-04-28T14:45:22","slug":"firman-convenio-que-fortalecera-apoyo-a-ninos-ninas-y-adolescentes-con-familiares-privados-de-libertad-en-aysen","status":"publish","type":"post","link":"https:\/\/radiorevelacionfm.cl\/?p=66664","title":{"rendered":"Firman convenio que fortalecer\u00e1 apoyo a ni\u00f1os, ni\u00f1as y adolescentes con familiares privados de libertad en Ays\u00e9n"},"content":{"rendered":"<div class=\"flex_column av_one_full  flex_column_div av-zero-column-padding first  avia-builder-el-0  el_before_av_one_full  avia-builder-el-first  \" style='border-radius:0px; '><div  class='avia-image-container  av-styling-    avia-builder-el-1  avia-builder-el-no-sibling  avia-align-center '  itemprop=\"image\" itemscope=\"itemscope\" itemtype=\"https:\/\/schema.org\/ImageObject\"  ><div class='avia-image-container-inner'><div class='avia-image-overlay-wrap'><img decoding=\"async\" class='wp-image-66665 avia-img-lazy-loading-not-66665 avia_image' src=\"https:\/\/radiorevelacionfm.cl\/wp-content\/uploads\/2026\/04\/img_6522-1_optimized.jpg\" alt='' title='img_6522-(1)_optimized' height=\"600\" width=\"800\"  itemprop=\"thumbnailUrl\" srcset=\"https:\/\/radiorevelacionfm.cl\/wp-content\/uploads\/2026\/04\/img_6522-1_optimized.jpg 800w, https:\/\/radiorevelacionfm.cl\/wp-content\/uploads\/2026\/04\/img_6522-1_optimized-300x225.jpg 300w, https:\/\/radiorevelacionfm.cl\/wp-content\/uploads\/2026\/04\/img_6522-1_optimized-768x576.jpg 768w, https:\/\/radiorevelacionfm.cl\/wp-content\/uploads\/2026\/04\/img_6522-1_optimized-705x529.jpg 705w, https:\/\/radiorevelacionfm.cl\/wp-content\/uploads\/2026\/04\/img_6522-1_optimized-450x338.jpg 450w, https:\/\/radiorevelacionfm.cl\/wp-content\/uploads\/2026\/04\/img_6522-1_optimized-600x450.jpg 600w\" sizes=\"(max-width: 800px) 100vw, 800px\" \/><\/div><\/div><\/div><\/div><div class=\"flex_column av_one_full  flex_column_div av-zero-column-padding first  avia-builder-el-2  el_after_av_one_full  el_before_av_one_full  column-top-margin\" style='border-radius:0px; '><section class=\"av_textblock_section \"  itemscope=\"itemscope\" itemtype=\"https:\/\/schema.org\/BlogPosting\" itemprop=\"blogPost\" ><div class='avia_textblock  '   itemprop=\"text\" ><p style=\"text-align: center;\"><strong><span style=\"font-size: 18pt;\">Firman convenio que fortalecer\u00e1 apoyo a ni\u00f1os, ni\u00f1as y adolescentes con familiares privados de libertad en Ays\u00e9n<\/span><\/strong><\/p>\n<div id=\"gtx-trans\" style=\"position: absolute; left: -50px; top: 4.31534px;\">\n<div class=\"gtx-trans-icon\"><\/div>\n<\/div>\n<\/div><\/section><\/div><div class=\"flex_column av_one_full  flex_column_div av-zero-column-padding first  avia-builder-el-4  el_after_av_one_full  el_before_av_hr  column-top-margin\" style='border-radius:0px; '><section class=\"av_textblock_section \"  itemscope=\"itemscope\" itemtype=\"https:\/\/schema.org\/BlogPosting\" itemprop=\"blogPost\" ><div class='avia_textblock  '   itemprop=\"text\" ><p style=\"text-align: justify;\"><em>La iniciativa permitir\u00e1 ampliar la cobertura del programa \u201cAbriendo Caminos\u201d en la regi\u00f3n, incorporando nuevas l\u00edneas de intervenci\u00f3n orientadas al acompa\u00f1amiento familiar y al desarrollo integral de la ni\u00f1ez en contextos de vulnerabilidad.<\/em><\/p>\n<p style=\"text-align: justify;\">La Secretar\u00eda Regional Ministerial de Desarrollo Social y Familia de la Regi\u00f3n de Ays\u00e9n concret\u00f3 la firma de un importante convenio de transferencia de recursos que permitir\u00e1 la ejecuci\u00f3n del programa <strong>\u201cAbriendo Caminos\u201d<\/strong>, iniciativa orientada a brindar acompa\u00f1amiento a ni\u00f1os, ni\u00f1as y adolescentes que tienen a un adulto significativo privado de libertad.<\/p>\n<p style=\"text-align: justify;\">El acuerdo, suscrito con la Corporaci\u00f3n Servicio Paz y Justicia (SERPAJ), contempla la implementaci\u00f3n de dos l\u00edneas de intervenci\u00f3n en la regi\u00f3n, ampliando la cobertura y fortaleciendo el sistema de apoyo.<\/p>\n<p style=\"text-align: justify;\">En este contexto, la SEREMI de Desarrollo Social y Familia, <strong>Marcia Raphael<\/strong>, destac\u00f3 el impacto de esta iniciativa:<\/p>\n<p style=\"text-align: justify;\">\u201cEste convenio nos permite avanzar en una tarea fundamental: acompa\u00f1ar a nuestros ni\u00f1os y jovenes que enfrentan situaciones complejas, muchas veces invisibilizadas. Como Estado, tenemos la responsabilidad de generar las condiciones para que puedan desarrollarse en entornos m\u00e1s protegidos, y con apoyo real de sus familias\u201d.<\/p>\n<p style=\"text-align: justify;\">El programa considera una primera l\u00ednea de intervenci\u00f3n dirigida a ni\u00f1os, ni\u00f1as y adolescentes con un adulto significativo privado de libertad, y una segunda l\u00ednea enfocada en madres privadas de libertad con hijos entre 0 y 2 a\u00f1os, ampliando as\u00ed la cobertura de atenci\u00f3n en la regi\u00f3n.<\/p>\n<p style=\"text-align: justify;\">Desde SERPAJ, su coordinadora regional subrogante, <strong>Jimena Vel\u00e1zquez<\/strong>, valor\u00f3 la firma del convenio, destacando que:<\/p>\n<p style=\"text-align: justify;\">\u201cEste programa nos permitir\u00e1 continuar trabajando con ni\u00f1os, ni\u00f1as y adolescentes que tienen un adulto significativo privado de libertad, e incorporar una nueva l\u00ednea de intervenci\u00f3n enfocada en madres privadas de libertad, lo que representa un avance importante en el acompa\u00f1amiento a estas familias\u201d.<\/p>\n<p style=\"text-align: justify;\">Por su parte, la coordinadora del programa Abriendo Caminos en la regi\u00f3n, <strong>Patricia Ruiz<\/strong>, relev\u00f3 el impacto directo en las familias:<\/p>\n<p style=\"text-align: justify;\">\u201cEste convenio es muy importante porque permite entregar apoyo a familias que enfrentan situaciones complejas, donde muchas veces se produce una ruptura en la din\u00e1mica familiar. Nuestro trabajo se centra en acompa\u00f1ar tanto a los ni\u00f1os como a sus cuidadores, a trav\u00e9s de intervenciones individuales, talleres y trabajo en red con salud y educaci\u00f3n, seg\u00fan las necesidades de cada caso\u201d.<\/p>\n<p style=\"text-align: justify;\">El programa contempla un trabajo integral que incluye acompa\u00f1amiento psicosocial, fortalecimiento de habilidades familiares y articulaci\u00f3n con redes locales, contribuyendo a disminuir los efectos negativos asociados a la privaci\u00f3n de libertad de un integrante del n\u00facleo familiar.<\/p>\n<p style=\"text-align: justify;\"><strong>\u00a0<\/strong><\/p>\n<\/div><\/section><\/div><div  style='height:50px' class='hr hr-invisible   avia-builder-el-6  el_after_av_one_full  el_before_av_social_share '><span class='hr-inner ' ><span class='hr-inner-style'><\/span><\/span><\/div><\/p>\n<div  class='av-social-sharing-box  avia-builder-el-7  el_after_av_hr  el_before_av_hr  '><div class='av-share-box'><h5 class='av-share-link-description av-no-toc '>Compartir esta noticia<\/h5><ul class='av-share-box-list noLightbox'><li class='av-share-link av-social-link-facebook' ><a target=\"_blank\" aria-label=\"Compartir en Facebook\" href='https:\/\/www.facebook.com\/sharer.php?u=https:\/\/radiorevelacionfm.cl\/?p=66664&#038;t=Firman%20convenio%20que%20fortalecer%C3%A1%20apoyo%20a%20ni%C3%B1os%2C%20ni%C3%B1as%20y%20adolescentes%20con%20familiares%20privados%20de%20libertad%20en%20Ays%C3%A9n' aria-hidden='false' data-av_icon='\ue8f3' data-av_iconfont='entypo-fontello' title='' data-avia-related-tooltip='Compartir en Facebook' rel=\"noopener\"><span class='avia_hidden_link_text'>Compartir en Facebook<\/span><\/a><\/li><li class='av-share-link av-social-link-twitter' ><a target=\"_blank\" aria-label=\"Compartir en Twitter\" href='https:\/\/twitter.com\/share?text=Firman%20convenio%20que%20fortalecer%C3%A1%20apoyo%20a%20ni%C3%B1os%2C%20ni%C3%B1as%20y%20adolescentes%20con%20familiares%20privados%20de%20libertad%20en%20Ays%C3%A9n&#038;url=https:\/\/radiorevelacionfm.cl\/?p=66664' aria-hidden='false' data-av_icon='\ue8f1' data-av_iconfont='entypo-fontello' title='' data-avia-related-tooltip='Compartir en Twitter' rel=\"noopener\"><span class='avia_hidden_link_text'>Compartir en Twitter<\/span><\/a><\/li><li class='av-share-link av-social-link-whatsapp' ><a target=\"_blank\" aria-label=\"Compartir en Whatsapp\" href='https:\/\/api.whatsapp.com\/send?text=https:\/\/radiorevelacionfm.cl\/?p=66664' aria-hidden='false' data-av_icon='\uf232' data-av_iconfont='entypo-fontello' title='' data-avia-related-tooltip='Compartir en Whatsapp' rel=\"noopener\"><span class='avia_hidden_link_text'>Compartir en Whatsapp<\/span><\/a><\/li><li class='av-share-link av-social-link-linkedin' ><a target=\"_blank\" aria-label=\"Compartir en LinkedIn\" href='https:\/\/linkedin.com\/shareArticle?mini=true&#038;title=Firman%20convenio%20que%20fortalecer%C3%A1%20apoyo%20a%20ni%C3%B1os%2C%20ni%C3%B1as%20y%20adolescentes%20con%20familiares%20privados%20de%20libertad%20en%20Ays%C3%A9n&#038;url=https:\/\/radiorevelacionfm.cl\/?p=66664' aria-hidden='false' data-av_icon='\ue8fc' data-av_iconfont='entypo-fontello' title='' data-avia-related-tooltip='Compartir en LinkedIn' rel=\"noopener\"><span class='avia_hidden_link_text'>Compartir en LinkedIn<\/span><\/a><\/li><li class='av-share-link av-social-link-mail' ><a  aria-label=\"Compartir por correo\" href='mailto:?subject=Firman%20convenio%20que%20fortalecer%C3%A1%20apoyo%20a%20ni%C3%B1os%2C%20ni%C3%B1as%20y%20adolescentes%20con%20familiares%20privados%20de%20libertad%20en%20Ays%C3%A9n&#038;body=https:\/\/radiorevelacionfm.cl\/?p=66664' aria-hidden='false' data-av_icon='\ue805' data-av_iconfont='entypo-fontello' title='' data-avia-related-tooltip='Compartir por correo'><span class='avia_hidden_link_text'>Compartir por correo<\/span><\/a><\/li><\/ul><\/div><\/div>\n<div  style='height:50px' class='hr hr-invisible   avia-builder-el-8  el_after_av_social_share  el_before_av_comments_list '><span class='hr-inner ' ><span class='hr-inner-style'><\/span><\/span><\/div>\n<div  class='av-buildercomment  av-blog-meta-html-info-disabled av-blog-meta-tag-disabled  '><\/div>\n","protected":false},"excerpt":{"rendered":"","protected":false},"author":1,"featured_media":66665,"comment_status":"closed","ping_status":"closed","sticky":false,"template":"","format":"standard","meta":{"footnotes":""},"categories":[38],"tags":[],"class_list":["post-66664","post","type-post","status-publish","format-standard","has-post-thumbnail","hentry","category-regional"],"jetpack_featured_media_url":"https:\/\/radiorevelacionfm.cl\/wp-content\/uploads\/2026\/04\/img_6522-1_optimized.jpg","_links":{"self":[{"href":"https:\/\/radiorevelacionfm.cl\/index.php?rest_route=\/wp\/v2\/posts\/66664","targetHints":{"allow":["GET"]}}],"collection":[{"href":"https:\/\/radiorevelacionfm.cl\/index.php?rest_route=\/wp\/v2\/posts"}],"about":[{"href":"https:\/\/radiorevelacionfm.cl\/index.php?rest_route=\/wp\/v2\/types\/post"}],"author":[{"embeddable":true,"href":"https:\/\/radiorevelacionfm.cl\/index.php?rest_route=\/wp\/v2\/users\/1"}],"replies":[{"embeddable":true,"href":"https:\/\/radiorevelacionfm.cl\/index.php?rest_route=%2Fwp%2Fv2%2Fcomments&post=66664"}],"version-history":[{"count":2,"href":"https:\/\/radiorevelacionfm.cl\/index.php?rest_route=\/wp\/v2\/posts\/66664\/revisions"}],"predecessor-version":[{"id":66667,"href":"https:\/\/radiorevelacionfm.cl\/index.php?rest_route=\/wp\/v2\/posts\/66664\/revisions\/66667"}],"wp:featuredmedia":[{"embeddable":true,"href":"https:\/\/radiorevelacionfm.cl\/index.php?rest_route=\/wp\/v2\/media\/66665"}],"wp:attachment":[{"href":"https:\/\/radiorevelacionfm.cl\/index.php?rest_route=%2Fwp%2Fv2%2Fmedia&parent=66664"}],"wp:term":[{"taxonomy":"category","embeddable":true,"href":"https:\/\/radiorevelacionfm.cl\/index.php?rest_route=%2Fwp%2Fv2%2Fcategories&post=66664"},{"taxonomy":"post_tag","embeddable":true,"href":"https:\/\/radiorevelacionfm.cl\/index.php?rest_route=%2Fwp%2Fv2%2Ftags&post=66664"}],"curies":[{"name":"wp","href":"https:\/\/api.w.org\/{rel}","templated":true}]}}