{"id":66660,"date":"2026-04-28T11:12:11","date_gmt":"2026-04-28T14:12:11","guid":{"rendered":"https:\/\/radiorevelacionfm.cl\/?p=66660"},"modified":"2026-04-28T11:12:11","modified_gmt":"2026-04-28T14:12:11","slug":"salud-y-sag-refuerzan-medidas-de-autocuidado-frente-a-influenza-aviar","status":"publish","type":"post","link":"https:\/\/radiorevelacionfm.cl\/?p=66660","title":{"rendered":"Salud y SAG refuerzan medidas de autocuidado frente a Influenza Aviar"},"content":{"rendered":"<div class=\"flex_column av_one_full  flex_column_div av-zero-column-padding first  avia-builder-el-0  el_before_av_one_full  avia-builder-el-first  \" style='border-radius:0px; '><div  class='avia-image-container  av-styling-    avia-builder-el-1  avia-builder-el-no-sibling  avia-align-center '  itemprop=\"image\" itemscope=\"itemscope\" itemtype=\"https:\/\/schema.org\/ImageObject\"  ><div class='avia-image-container-inner'><div class='avia-image-overlay-wrap'><img decoding=\"async\" class='wp-image-66661 avia-img-lazy-loading-not-66661 avia_image' src=\"https:\/\/radiorevelacionfm.cl\/wp-content\/uploads\/2026\/04\/gallinas-1-2_optimized.jpg\" alt='' title='gallinas-(1)-(2)_optimized' height=\"600\" width=\"812\"  itemprop=\"thumbnailUrl\" srcset=\"https:\/\/radiorevelacionfm.cl\/wp-content\/uploads\/2026\/04\/gallinas-1-2_optimized.jpg 812w, https:\/\/radiorevelacionfm.cl\/wp-content\/uploads\/2026\/04\/gallinas-1-2_optimized-300x222.jpg 300w, https:\/\/radiorevelacionfm.cl\/wp-content\/uploads\/2026\/04\/gallinas-1-2_optimized-768x567.jpg 768w, https:\/\/radiorevelacionfm.cl\/wp-content\/uploads\/2026\/04\/gallinas-1-2_optimized-705x521.jpg 705w, https:\/\/radiorevelacionfm.cl\/wp-content\/uploads\/2026\/04\/gallinas-1-2_optimized-450x333.jpg 450w, https:\/\/radiorevelacionfm.cl\/wp-content\/uploads\/2026\/04\/gallinas-1-2_optimized-600x443.jpg 600w\" sizes=\"(max-width: 812px) 100vw, 812px\" \/><\/div><\/div><\/div><\/div><div class=\"flex_column av_one_full  flex_column_div av-zero-column-padding first  avia-builder-el-2  el_after_av_one_full  el_before_av_one_full  column-top-margin\" style='border-radius:0px; '><section class=\"av_textblock_section \"  itemscope=\"itemscope\" itemtype=\"https:\/\/schema.org\/BlogPosting\" itemprop=\"blogPost\" ><div class='avia_textblock  '   itemprop=\"text\" ><p style=\"text-align: center;\"><strong><span style=\"font-size: 18pt;\">Salud y SAG refuerzan medidas de autocuidado frente a Influenza Aviar<\/span><\/strong><\/p>\n<div id=\"gtx-trans\" style=\"position: absolute; left: -50px; top: 4.31534px;\">\n<div class=\"gtx-trans-icon\"><\/div>\n<\/div>\n<\/div><\/section><\/div><div class=\"flex_column av_one_full  flex_column_div av-zero-column-padding first  avia-builder-el-4  el_after_av_one_full  el_before_av_hr  column-top-margin\" style='border-radius:0px; '><section class=\"av_textblock_section \"  itemscope=\"itemscope\" itemtype=\"https:\/\/schema.org\/BlogPosting\" itemprop=\"blogPost\" ><div class='avia_textblock  '   itemprop=\"text\" ><ul>\n<li style=\"text-align: justify;\"><strong><em>Desde la Autoridad Sanitaria, el llamado es a las personas que mantienen criaderos av\u00edcolas familiares, a que adopten las medidas de resguardo frente a esta enfermedad, y accedan a los procesos de vacunaci\u00f3n contra la Influenza.<\/em><\/strong><\/li>\n<\/ul>\n<p style=\"text-align: justify;\">Luego que, transcurrida una semana desde que SENAPRED Ays\u00e9n (Servicio Nacional de Prevenci\u00f3n y Respuesta ante Desastres) declar\u00f3 Alerta Temprana Preventiva por evento zoosanitario tras confirmarse un resultado positivo a Influenza Aviar en un ave silvestre de la especie caiqu\u00e9n, la Seremi de Salud y el Servicio Agr\u00edcola Ganadero han desarrollado diversas acciones para prevenir la propagaci\u00f3n de esta enfermedad en el territorio regional, especialmente hacia las aves dom\u00e9sticas.<\/p>\n<p style=\"text-align: justify;\">A trav\u00e9s de un trabajo intersectorial, este fin de semana, se visit\u00f3 un criadero de aves y venta de huevos en el sector de Balmaceda, con el objetivo de entregar medidas preventivas en lugares de trabajo con posible exposici\u00f3n a Influenza Aviar.\u00a0 Oportunidad donde el Seremi de Salud, Jorge P\u00e9rez Urra, destac\u00f3 la importancia del autocuidado en esta materia. \u201cEstamos en un criadero con m\u00e1s de 200 gallinas donde hemos podido hacer las recomendaciones de salud, llamar al autocuidado en especial, y reforzar la vacunaci\u00f3n contra la Influenza. Aqu\u00ed hablamos con su propietario, le pedimos que se acercara tambi\u00e9n a su posta, porque est\u00e1 ac\u00e1 en Balmaceda, cerquita. Le pedimos tambi\u00e9n que se cuidara, que tuviera las medidas de higiene, como es el lavado de manos y el uso de los elementos que le sirven para protegerse. Aqu\u00ed constatamos que tiene un muy buen cuidado de los animales\u201d.<\/p>\n<p style=\"text-align: justify;\">En esta oportunidad, el director (s) del SAG, Oscar Videla P\u00e9rez, destac\u00f3 en esta visita a terreno las medidas adoptadas por el criador de aves. \u201cEstamos aqu\u00ed en un predio donde hay un gallinero que es un excelente ejemplo porque tiene un lugar donde las aves se conservan separadas de las aves silvestres, con sistemas de alimentaci\u00f3n donde las aves silvestres no tienen contacto ni con la comida ni con la bebida del criadero.\u00a0 Esas son las indicaciones que nosotros estamos dando para que la gente que tiene gallinas dom\u00e9sticas pueda cuidar a sus gallinas y evitar que sean contagiadas con la influenza Aviar,\u201d puntualiz\u00f3.<\/p>\n<p style=\"text-align: justify;\">Tras esta visita, el propietario del criadero de aves, Alfredo Sanda\u00f1a G\u00f3mez, valor\u00f3 la preocupaci\u00f3n de las autoridades regionales. \u201cMe pareci\u00f3 muy bien la visita del servicio del SAG y la Seremi de Salud. Agradezco la preocupaci\u00f3n para aconsejarme para tomar las medidas necesarias en caso de circunstancias de infecci\u00f3n de gripe aviar. Considero que estas visitas son clave para un buen manejo y en un caso de emergencia saber qu\u00e9 medidas tomar.\u201d<\/p>\n<p style=\"text-align: justify;\"><strong>Recomendaciones<\/strong><\/p>\n<ul style=\"text-align: justify;\">\n<li>La gripe o Influenza Aviar, es una enfermedad infecciosa que principalmente afecta a las aves y que es causada por un virus de la familia Orthomyxoviridae. Los s\u00edntomas de la gripe aviar en aves incluyen muerte s\u00fabita, comportamiento neurol\u00f3gico extra\u00f1o (descoordinaci\u00f3n), hinchaz\u00f3n y coloraci\u00f3n morada\/azulada en cresta y patas.<\/li>\n<li>La infecci\u00f3n por Influenza Aviar en personas puede presentarse desde casos asintom\u00e1ticos, s\u00edntomas leves con fiebre y tos, o alcanzar una neumon\u00eda grave con dificultades respiratorias que pueden llevar a la muerte.<\/li>\n<li>El principal factor de riesgo de transmisi\u00f3n a las personas es el contacto con aves infectadas o ambientes y superficies contaminadas por sus fluidos o deyecciones. La manipulaci\u00f3n de aves enfermas o sus cad\u00e1veres.<\/li>\n<li>En caso de observar comportamientos sospechosos de Influenza Aviar, se debe contactar a las autoridades competentes (SAG, SERNAPESCA). <strong>NO MANIPULAR, NO TOCAR.<\/strong><\/li>\n<\/ul>\n<\/div><\/section><\/div><div  style='height:50px' class='hr hr-invisible   avia-builder-el-6  el_after_av_one_full  el_before_av_social_share '><span class='hr-inner ' ><span class='hr-inner-style'><\/span><\/span><\/div><\/p>\n<div  class='av-social-sharing-box  avia-builder-el-7  el_after_av_hr  el_before_av_hr  '><div class='av-share-box'><h5 class='av-share-link-description av-no-toc '>Compartir esta noticia<\/h5><ul class='av-share-box-list noLightbox'><li class='av-share-link av-social-link-facebook' ><a target=\"_blank\" aria-label=\"Compartir en Facebook\" href='https:\/\/www.facebook.com\/sharer.php?u=https:\/\/radiorevelacionfm.cl\/?p=66660&#038;t=Salud%20y%20SAG%20refuerzan%20medidas%20de%20autocuidado%20frente%20a%20Influenza%20Aviar' aria-hidden='false' data-av_icon='\ue8f3' data-av_iconfont='entypo-fontello' title='' data-avia-related-tooltip='Compartir en Facebook' rel=\"noopener\"><span class='avia_hidden_link_text'>Compartir en Facebook<\/span><\/a><\/li><li class='av-share-link av-social-link-twitter' ><a target=\"_blank\" aria-label=\"Compartir en Twitter\" href='https:\/\/twitter.com\/share?text=Salud%20y%20SAG%20refuerzan%20medidas%20de%20autocuidado%20frente%20a%20Influenza%20Aviar&#038;url=https:\/\/radiorevelacionfm.cl\/?p=66660' aria-hidden='false' data-av_icon='\ue8f1' data-av_iconfont='entypo-fontello' title='' data-avia-related-tooltip='Compartir en Twitter' rel=\"noopener\"><span class='avia_hidden_link_text'>Compartir en Twitter<\/span><\/a><\/li><li class='av-share-link av-social-link-whatsapp' ><a target=\"_blank\" aria-label=\"Compartir en Whatsapp\" href='https:\/\/api.whatsapp.com\/send?text=https:\/\/radiorevelacionfm.cl\/?p=66660' aria-hidden='false' data-av_icon='\uf232' data-av_iconfont='entypo-fontello' title='' data-avia-related-tooltip='Compartir en Whatsapp' rel=\"noopener\"><span class='avia_hidden_link_text'>Compartir en Whatsapp<\/span><\/a><\/li><li class='av-share-link av-social-link-linkedin' ><a target=\"_blank\" aria-label=\"Compartir en LinkedIn\" href='https:\/\/linkedin.com\/shareArticle?mini=true&#038;title=Salud%20y%20SAG%20refuerzan%20medidas%20de%20autocuidado%20frente%20a%20Influenza%20Aviar&#038;url=https:\/\/radiorevelacionfm.cl\/?p=66660' aria-hidden='false' data-av_icon='\ue8fc' data-av_iconfont='entypo-fontello' title='' data-avia-related-tooltip='Compartir en LinkedIn' rel=\"noopener\"><span class='avia_hidden_link_text'>Compartir en LinkedIn<\/span><\/a><\/li><li class='av-share-link av-social-link-mail' ><a  aria-label=\"Compartir por correo\" href='mailto:?subject=Salud%20y%20SAG%20refuerzan%20medidas%20de%20autocuidado%20frente%20a%20Influenza%20Aviar&#038;body=https:\/\/radiorevelacionfm.cl\/?p=66660' aria-hidden='false' data-av_icon='\ue805' data-av_iconfont='entypo-fontello' title='' data-avia-related-tooltip='Compartir por correo'><span class='avia_hidden_link_text'>Compartir por correo<\/span><\/a><\/li><\/ul><\/div><\/div>\n<div  style='height:50px' class='hr hr-invisible   avia-builder-el-8  el_after_av_social_share  el_before_av_comments_list '><span class='hr-inner ' ><span class='hr-inner-style'><\/span><\/span><\/div>\n<div  class='av-buildercomment  av-blog-meta-html-info-disabled av-blog-meta-tag-disabled  '><\/div>\n","protected":false},"excerpt":{"rendered":"","protected":false},"author":1,"featured_media":66661,"comment_status":"closed","ping_status":"closed","sticky":false,"template":"","format":"standard","meta":{"footnotes":""},"categories":[46],"tags":[],"class_list":["post-66660","post","type-post","status-publish","format-standard","has-post-thumbnail","hentry","category-salud"],"jetpack_featured_media_url":"https:\/\/radiorevelacionfm.cl\/wp-content\/uploads\/2026\/04\/gallinas-1-2_optimized.jpg","_links":{"self":[{"href":"https:\/\/radiorevelacionfm.cl\/index.php?rest_route=\/wp\/v2\/posts\/66660","targetHints":{"allow":["GET"]}}],"collection":[{"href":"https:\/\/radiorevelacionfm.cl\/index.php?rest_route=\/wp\/v2\/posts"}],"about":[{"href":"https:\/\/radiorevelacionfm.cl\/index.php?rest_route=\/wp\/v2\/types\/post"}],"author":[{"embeddable":true,"href":"https:\/\/radiorevelacionfm.cl\/index.php?rest_route=\/wp\/v2\/users\/1"}],"replies":[{"embeddable":true,"href":"https:\/\/radiorevelacionfm.cl\/index.php?rest_route=%2Fwp%2Fv2%2Fcomments&post=66660"}],"version-history":[{"count":2,"href":"https:\/\/radiorevelacionfm.cl\/index.php?rest_route=\/wp\/v2\/posts\/66660\/revisions"}],"predecessor-version":[{"id":66663,"href":"https:\/\/radiorevelacionfm.cl\/index.php?rest_route=\/wp\/v2\/posts\/66660\/revisions\/66663"}],"wp:featuredmedia":[{"embeddable":true,"href":"https:\/\/radiorevelacionfm.cl\/index.php?rest_route=\/wp\/v2\/media\/66661"}],"wp:attachment":[{"href":"https:\/\/radiorevelacionfm.cl\/index.php?rest_route=%2Fwp%2Fv2%2Fmedia&parent=66660"}],"wp:term":[{"taxonomy":"category","embeddable":true,"href":"https:\/\/radiorevelacionfm.cl\/index.php?rest_route=%2Fwp%2Fv2%2Fcategories&post=66660"},{"taxonomy":"post_tag","embeddable":true,"href":"https:\/\/radiorevelacionfm.cl\/index.php?rest_route=%2Fwp%2Fv2%2Ftags&post=66660"}],"curies":[{"name":"wp","href":"https:\/\/api.w.org\/{rel}","templated":true}]}}