{"id":66656,"date":"2026-04-28T10:49:43","date_gmt":"2026-04-28T13:49:43","guid":{"rendered":"https:\/\/radiorevelacionfm.cl\/?p=66656"},"modified":"2026-04-28T10:49:43","modified_gmt":"2026-04-28T13:49:43","slug":"buscan-rehabilitar-historico-refugio-emplazado-en-el-corazon-de-campos-de-hielo-sur","status":"publish","type":"post","link":"https:\/\/radiorevelacionfm.cl\/?p=66656","title":{"rendered":"Buscan rehabilitar hist\u00f3rico refugio emplazado en el coraz\u00f3n de Campos de Hielo Sur"},"content":{"rendered":"<div class=\"flex_column av_one_full  flex_column_div av-zero-column-padding first  avia-builder-el-0  el_before_av_one_full  avia-builder-el-first  \" style='border-radius:0px; '><div  class='avia-image-container  av-styling-    avia-builder-el-1  avia-builder-el-no-sibling  avia-align-center '  itemprop=\"image\" itemscope=\"itemscope\" itemtype=\"https:\/\/schema.org\/ImageObject\"  ><div class='avia-image-container-inner'><div class='avia-image-overlay-wrap'><img decoding=\"async\" class='wp-image-66657 avia-img-lazy-loading-not-66657 avia_image' src=\"https:\/\/radiorevelacionfm.cl\/wp-content\/uploads\/2026\/04\/refugio-1-1.jpg\" alt='' title='refugio (1) (1)' height=\"600\" width=\"1110\"  itemprop=\"thumbnailUrl\" srcset=\"https:\/\/radiorevelacionfm.cl\/wp-content\/uploads\/2026\/04\/refugio-1-1.jpg 1110w, https:\/\/radiorevelacionfm.cl\/wp-content\/uploads\/2026\/04\/refugio-1-1-300x162.jpg 300w, https:\/\/radiorevelacionfm.cl\/wp-content\/uploads\/2026\/04\/refugio-1-1-1030x557.jpg 1030w, https:\/\/radiorevelacionfm.cl\/wp-content\/uploads\/2026\/04\/refugio-1-1-768x415.jpg 768w, https:\/\/radiorevelacionfm.cl\/wp-content\/uploads\/2026\/04\/refugio-1-1-705x381.jpg 705w, https:\/\/radiorevelacionfm.cl\/wp-content\/uploads\/2026\/04\/refugio-1-1-450x243.jpg 450w, https:\/\/radiorevelacionfm.cl\/wp-content\/uploads\/2026\/04\/refugio-1-1-600x324.jpg 600w\" sizes=\"(max-width: 1110px) 100vw, 1110px\" \/><\/div><\/div><\/div><\/div><div class=\"flex_column av_one_full  flex_column_div av-zero-column-padding first  avia-builder-el-2  el_after_av_one_full  el_before_av_one_full  column-top-margin\" style='border-radius:0px; '><section class=\"av_textblock_section \"  itemscope=\"itemscope\" itemtype=\"https:\/\/schema.org\/BlogPosting\" itemprop=\"blogPost\" ><div class='avia_textblock  '   itemprop=\"text\" ><p style=\"text-align: center;\"><strong><span style=\"font-size: 18pt;\">Buscan rehabilitar hist\u00f3rico refugio emplazado en el coraz\u00f3n de Campos de Hielo Sur<\/span><\/strong><\/p>\n<div id=\"gtx-trans\" style=\"position: absolute; left: -50px; top: 4.31534px;\">\n<div class=\"gtx-trans-icon\"><\/div>\n<\/div>\n<\/div><\/section><\/div><div class=\"flex_column av_one_full  flex_column_div av-zero-column-padding first  avia-builder-el-4  el_after_av_one_full  el_before_av_hr  column-top-margin\" style='border-radius:0px; '><section class=\"av_textblock_section \"  itemscope=\"itemscope\" itemtype=\"https:\/\/schema.org\/BlogPosting\" itemprop=\"blogPost\" ><div class='avia_textblock  '   itemprop=\"text\" ><p style=\"text-align: justify;\">En una reuni\u00f3n marcada por el inter\u00e9s estrat\u00e9gico y la proyecci\u00f3n de desarrollo para la Patagonia, el delegado provincial de Capit\u00e1n Prat, Roberto Recabal, sostuvo en Santiago un encuentro con el ministro de Defensa, Fernando Barros, en la cual uno de los ejes centrales fue la recuperaci\u00f3n del hist\u00f3rico refugio Eduardo Garc\u00eda Soto, emplazado en el coraz\u00f3n de Campos de Hielo Sur.<\/p>\n<p style=\"text-align: justify;\">Instalado en 2004 por el Instituto Chileno de Campos de Hielo, el refugio se ubica en el cerro Gorra Blanca, en las cercan\u00edas del Paso Marconi. Su construcci\u00f3n respondi\u00f3 a fines cient\u00edficos y log\u00edsticos: facilitar el acceso seguro al tercio norte del Campo de Hielo Sur, considerado la tercera mayor extensi\u00f3n de hielo continental del planeta, despu\u00e9s de la Ant\u00e1rtica y Groenlandia.<\/p>\n<p style=\"text-align: justify;\">Esta iniciativa apunta a fomentar expediciones, promover la investigaci\u00f3n cient\u00edfica y abrir nuevas oportunidades para el turismo de intereses especiales en uno de los territorios m\u00e1s remotos y pr\u00edstinos del mundo.<\/p>\n<p style=\"text-align: justify;\"><strong>Impulso a la rehabilitaci\u00f3n<\/strong><\/p>\n<p style=\"text-align: justify;\">La reuni\u00f3n en Santiago permiti\u00f3 alinear voluntades para concretar la rehabilitaci\u00f3n del refugio, una iniciativa que el propio delegado calific\u00f3 como prioritaria.<\/p>\n<p style=\"text-align: justify;\">\u201cEn mis a\u00f1os como alcalde nunca hab\u00eda sostenido una reuni\u00f3n tan cordial y constructiva, en que un ministro demuestre tanto inter\u00e9s por nuestra regi\u00f3n\u201d, afirm\u00f3 Recabal. \u00a0A\u00f1adi\u00f3 que \u201cAbordamos con visi\u00f3n de futuro c\u00f3mo fortalecer la asociatividad p\u00fablico-privada para potenciar el desarrollo tur\u00edstico en la comuna de O\u2019Higgins, especialmente orientado hacia Campos de Hielo Sur. Hemos quedado comprometidos en terminar a la brevedad un proyecto que mejore la habitabilidad del refugio Eduardo Garc\u00eda Soto y permita su pronta inauguraci\u00f3n\u201d.<\/p>\n<p style=\"text-align: justify;\">Desde el Gobierno, el Ministro de Defensa Fernando Barros valor\u00f3 el enfoque territorial y el compromiso local. \u201cConversamos mucho de la regi\u00f3n y de la fascinaci\u00f3n que demostr\u00f3 don Roberto por Campos de Hielo Sur. Me cont\u00f3 de su proyecto de recuperaci\u00f3n de este refugio y el trabajo para que vuelva a ser un centro que apoye la ciencia y las expediciones. Compartimos un sue\u00f1o: desarrollar m\u00e1s la Patagonia chilena\u201d, se\u00f1al\u00f3.<\/p>\n<p style=\"text-align: justify;\">El secretario de Estado destac\u00f3 adem\u00e1s el potencial multisectorial de la zona: \u201cVemos grandes oportunidades en el turismo, en el \u00e1mbito agr\u00edcola y en el desarrollo del monta\u00f1ismo\u201d.<\/p>\n<p style=\"text-align: justify;\"><strong>Conectividad Bah\u00eda Bahamondes<\/strong><\/p>\n<p style=\"text-align: justify;\">La agenda del delegado provincial Roberto Recabal no se limit\u00f3 al refugio, ya que tambi\u00e9n plante\u00f3 la necesidad urgente de avanzar en conectividad, proponiendo la construcci\u00f3n de un camino entre Bah\u00eda Bahamondes y Bah\u00eda Pescado, considerado clave para dinamizar el turismo en la zona.<\/p>\n<p style=\"text-align: justify;\">Seg\u00fan explic\u00f3 Recabal, esta obra podr\u00eda ser ejecutada por el Cuerpo Militar del Trabajo, facilitando su desarrollo en un territorio de compleja geograf\u00eda.<\/p>\n<p style=\"text-align: justify;\">\u201cEs fundamental avanzar en infraestructura, conectividad y poblamiento en sectores como Candelario Mancilla y Ventisquero Chico. Porque el mundo busca la Patagonia, y la Patagonia somos nosotros, est\u00e1 en la regi\u00f3n de Ays\u00e9n\u201d, enfatiz\u00f3.<\/p>\n<p style=\"text-align: justify;\">Con estas gestiones, se busca dar forma a proyectos que apuntan no solo a rescatar infraestructura clave como el refugio Eduardo Garc\u00eda Soto, sino tambi\u00e9n a posicionar a la Patagonia chilena como un polo de ciencia, turismo y desarrollo sostenible a escala global, aunque con mejor infraestructura caminera, tanto para visitantes como para la poblaci\u00f3n del sur austral de Ays\u00e9n.<\/p>\n<\/div><\/section><\/div><div  style='height:50px' class='hr hr-invisible   avia-builder-el-6  el_after_av_one_full  el_before_av_social_share '><span class='hr-inner ' ><span class='hr-inner-style'><\/span><\/span><\/div><\/p>\n<div  class='av-social-sharing-box  avia-builder-el-7  el_after_av_hr  el_before_av_hr  '><div class='av-share-box'><h5 class='av-share-link-description av-no-toc '>Compartir esta noticia<\/h5><ul class='av-share-box-list noLightbox'><li class='av-share-link av-social-link-facebook' ><a target=\"_blank\" aria-label=\"Compartir en Facebook\" href='https:\/\/www.facebook.com\/sharer.php?u=https:\/\/radiorevelacionfm.cl\/?p=66656&#038;t=Buscan%20rehabilitar%20hist%C3%B3rico%20refugio%20emplazado%20en%20el%20coraz%C3%B3n%20de%20Campos%20de%20Hielo%20Sur' aria-hidden='false' data-av_icon='\ue8f3' data-av_iconfont='entypo-fontello' title='' data-avia-related-tooltip='Compartir en Facebook' rel=\"noopener\"><span class='avia_hidden_link_text'>Compartir en Facebook<\/span><\/a><\/li><li class='av-share-link av-social-link-twitter' ><a target=\"_blank\" aria-label=\"Compartir en Twitter\" href='https:\/\/twitter.com\/share?text=Buscan%20rehabilitar%20hist%C3%B3rico%20refugio%20emplazado%20en%20el%20coraz%C3%B3n%20de%20Campos%20de%20Hielo%20Sur&#038;url=https:\/\/radiorevelacionfm.cl\/?p=66656' aria-hidden='false' data-av_icon='\ue8f1' data-av_iconfont='entypo-fontello' title='' data-avia-related-tooltip='Compartir en Twitter' rel=\"noopener\"><span class='avia_hidden_link_text'>Compartir en Twitter<\/span><\/a><\/li><li class='av-share-link av-social-link-whatsapp' ><a target=\"_blank\" aria-label=\"Compartir en Whatsapp\" href='https:\/\/api.whatsapp.com\/send?text=https:\/\/radiorevelacionfm.cl\/?p=66656' aria-hidden='false' data-av_icon='\uf232' data-av_iconfont='entypo-fontello' title='' data-avia-related-tooltip='Compartir en Whatsapp' rel=\"noopener\"><span class='avia_hidden_link_text'>Compartir en Whatsapp<\/span><\/a><\/li><li class='av-share-link av-social-link-linkedin' ><a target=\"_blank\" aria-label=\"Compartir en LinkedIn\" href='https:\/\/linkedin.com\/shareArticle?mini=true&#038;title=Buscan%20rehabilitar%20hist%C3%B3rico%20refugio%20emplazado%20en%20el%20coraz%C3%B3n%20de%20Campos%20de%20Hielo%20Sur&#038;url=https:\/\/radiorevelacionfm.cl\/?p=66656' aria-hidden='false' data-av_icon='\ue8fc' data-av_iconfont='entypo-fontello' title='' data-avia-related-tooltip='Compartir en LinkedIn' rel=\"noopener\"><span class='avia_hidden_link_text'>Compartir en LinkedIn<\/span><\/a><\/li><li class='av-share-link av-social-link-mail' ><a  aria-label=\"Compartir por correo\" href='mailto:?subject=Buscan%20rehabilitar%20hist%C3%B3rico%20refugio%20emplazado%20en%20el%20coraz%C3%B3n%20de%20Campos%20de%20Hielo%20Sur&#038;body=https:\/\/radiorevelacionfm.cl\/?p=66656' aria-hidden='false' data-av_icon='\ue805' data-av_iconfont='entypo-fontello' title='' data-avia-related-tooltip='Compartir por correo'><span class='avia_hidden_link_text'>Compartir por correo<\/span><\/a><\/li><\/ul><\/div><\/div>\n<div  style='height:50px' class='hr hr-invisible   avia-builder-el-8  el_after_av_social_share  el_before_av_comments_list '><span class='hr-inner ' ><span class='hr-inner-style'><\/span><\/span><\/div>\n<div  class='av-buildercomment  av-blog-meta-html-info-disabled av-blog-meta-tag-disabled  '><\/div>\n","protected":false},"excerpt":{"rendered":"","protected":false},"author":1,"featured_media":66657,"comment_status":"closed","ping_status":"closed","sticky":false,"template":"","format":"standard","meta":{"footnotes":""},"categories":[38],"tags":[],"class_list":["post-66656","post","type-post","status-publish","format-standard","has-post-thumbnail","hentry","category-regional"],"jetpack_featured_media_url":"https:\/\/radiorevelacionfm.cl\/wp-content\/uploads\/2026\/04\/refugio-1-1.jpg","_links":{"self":[{"href":"https:\/\/radiorevelacionfm.cl\/index.php?rest_route=\/wp\/v2\/posts\/66656","targetHints":{"allow":["GET"]}}],"collection":[{"href":"https:\/\/radiorevelacionfm.cl\/index.php?rest_route=\/wp\/v2\/posts"}],"about":[{"href":"https:\/\/radiorevelacionfm.cl\/index.php?rest_route=\/wp\/v2\/types\/post"}],"author":[{"embeddable":true,"href":"https:\/\/radiorevelacionfm.cl\/index.php?rest_route=\/wp\/v2\/users\/1"}],"replies":[{"embeddable":true,"href":"https:\/\/radiorevelacionfm.cl\/index.php?rest_route=%2Fwp%2Fv2%2Fcomments&post=66656"}],"version-history":[{"count":2,"href":"https:\/\/radiorevelacionfm.cl\/index.php?rest_route=\/wp\/v2\/posts\/66656\/revisions"}],"predecessor-version":[{"id":66659,"href":"https:\/\/radiorevelacionfm.cl\/index.php?rest_route=\/wp\/v2\/posts\/66656\/revisions\/66659"}],"wp:featuredmedia":[{"embeddable":true,"href":"https:\/\/radiorevelacionfm.cl\/index.php?rest_route=\/wp\/v2\/media\/66657"}],"wp:attachment":[{"href":"https:\/\/radiorevelacionfm.cl\/index.php?rest_route=%2Fwp%2Fv2%2Fmedia&parent=66656"}],"wp:term":[{"taxonomy":"category","embeddable":true,"href":"https:\/\/radiorevelacionfm.cl\/index.php?rest_route=%2Fwp%2Fv2%2Fcategories&post=66656"},{"taxonomy":"post_tag","embeddable":true,"href":"https:\/\/radiorevelacionfm.cl\/index.php?rest_route=%2Fwp%2Fv2%2Ftags&post=66656"}],"curies":[{"name":"wp","href":"https:\/\/api.w.org\/{rel}","templated":true}]}}