{"id":66649,"date":"2026-04-28T10:33:59","date_gmt":"2026-04-28T13:33:59","guid":{"rendered":"https:\/\/radiorevelacionfm.cl\/?p=66649"},"modified":"2026-04-28T10:33:59","modified_gmt":"2026-04-28T13:33:59","slug":"uaysen-abordo-los-desafios-del-cambio-climatico-en-la-region-durante-actividad-del-magister-en-gestion-del-cambio-climatico","status":"publish","type":"post","link":"https:\/\/radiorevelacionfm.cl\/?p=66649","title":{"rendered":"UAys\u00e9n abord\u00f3 los desaf\u00edos del cambio clim\u00e1tico en la regi\u00f3n durante actividad del Mag\u00edster en Gesti\u00f3n del Cambio Clim\u00e1tico"},"content":{"rendered":"<div class=\"flex_column av_one_full  flex_column_div av-zero-column-padding first  avia-builder-el-0  el_before_av_one_full  avia-builder-el-first  \" style='border-radius:0px; '><div  class='avia-image-container  av-styling-    avia-builder-el-1  avia-builder-el-no-sibling  avia-align-center '  itemprop=\"image\" itemscope=\"itemscope\" itemtype=\"https:\/\/schema.org\/ImageObject\"  ><div class='avia-image-container-inner'><div class='avia-image-overlay-wrap'><img decoding=\"async\" class='wp-image-66650 avia-img-lazy-loading-not-66650 avia_image' src=\"https:\/\/radiorevelacionfm.cl\/wp-content\/uploads\/2026\/04\/6-83-1-1.jpg\" alt='' title='6 (83) (1) (1)' height=\"600\" width=\"892\"  itemprop=\"thumbnailUrl\" srcset=\"https:\/\/radiorevelacionfm.cl\/wp-content\/uploads\/2026\/04\/6-83-1-1.jpg 892w, https:\/\/radiorevelacionfm.cl\/wp-content\/uploads\/2026\/04\/6-83-1-1-300x202.jpg 300w, https:\/\/radiorevelacionfm.cl\/wp-content\/uploads\/2026\/04\/6-83-1-1-768x517.jpg 768w, https:\/\/radiorevelacionfm.cl\/wp-content\/uploads\/2026\/04\/6-83-1-1-705x474.jpg 705w, https:\/\/radiorevelacionfm.cl\/wp-content\/uploads\/2026\/04\/6-83-1-1-450x303.jpg 450w, https:\/\/radiorevelacionfm.cl\/wp-content\/uploads\/2026\/04\/6-83-1-1-600x404.jpg 600w\" sizes=\"(max-width: 892px) 100vw, 892px\" \/><\/div><\/div><\/div><\/div><div class=\"flex_column av_one_full  flex_column_div av-zero-column-padding first  avia-builder-el-2  el_after_av_one_full  el_before_av_one_full  column-top-margin\" style='border-radius:0px; '><section class=\"av_textblock_section \"  itemscope=\"itemscope\" itemtype=\"https:\/\/schema.org\/BlogPosting\" itemprop=\"blogPost\" ><div class='avia_textblock  '   itemprop=\"text\" ><p style=\"text-align: center;\"><strong><span style=\"font-size: 18pt;\">UAys\u00e9n abord\u00f3 los desaf\u00edos del cambio clim\u00e1tico en la regi\u00f3n durante actividad del Mag\u00edster en Gesti\u00f3n del Cambio Clim\u00e1tico<\/span><\/strong><\/p>\n<div id=\"gtx-trans\" style=\"position: absolute; left: -50px; top: 4.31534px;\">\n<div class=\"gtx-trans-icon\"><\/div>\n<\/div>\n<\/div><\/section><\/div><div class=\"flex_column av_one_full  flex_column_div av-zero-column-padding first  avia-builder-el-4  el_after_av_one_full  el_before_av_hr  column-top-margin\" style='border-radius:0px; '><section class=\"av_textblock_section \"  itemscope=\"itemscope\" itemtype=\"https:\/\/schema.org\/BlogPosting\" itemprop=\"blogPost\" ><div class='avia_textblock  '   itemprop=\"text\" ><ul>\n<li dir=\"ltr\">\n<p dir=\"ltr\" style=\"text-align: justify;\" role=\"presentation\"><em>El seminario, dirigido a estudiantes del mag\u00edster y comunidad en general, convoc\u00f3 a especialistas de la Universidad de Ays\u00e9n, la SEREMI de Medio Ambiente y la Universidad de Chile para analizar impactos ambientales, sociales y de salud asociados al cambio clim\u00e1tico en la regi\u00f3n.<\/em><\/p>\n<\/li>\n<\/ul>\n<p dir=\"ltr\" style=\"text-align: justify;\">El jueves 23 de abril la Universidad de Ays\u00e9n, realiz\u00f3 el seminario \u201cRegi\u00f3n de Ays\u00e9n y los desaf\u00edos del cambio clim\u00e1tico\u201d, una actividad acad\u00e9mica abierta a estudiantes del Mag\u00edster en Gesti\u00f3n del Cambio Clim\u00e1tico y a la comunidad en general, orientada a analizar las principales transformaciones ambientales que enfrenta el territorio desde una perspectiva interdisciplinaria. La instancia se desarroll\u00f3 en el Campus Err\u00e1zuriz y fue transmitida v\u00eda online, formando parte de las actividades formativas complementarias del programa.<\/p>\n<p dir=\"ltr\" style=\"text-align: justify;\">El seminario cont\u00f3 con las exposiciones de la Dra. Astrid Garrido, acad\u00e9mica de la Universidad de Ays\u00e9n; Nicol\u00e1s Smith, profesional de la SEREMI de Medio Ambiente de la Regi\u00f3n de Ays\u00e9n; y el Dr. Ren\u00e9 Garreaud, climat\u00f3logo del Departamento de Geof\u00edsica de la Universidad de Chile. Se abordaron los desaf\u00edos del cambio clim\u00e1tico en la regi\u00f3n desde enfoques asociados a la salud, los ecosistemas y la complejidad de los procesos sociales y ambientales, promoviendo una mirada integral sobre los impactos y las respuestas locales frente a este fen\u00f3meno global.<\/p>\n<p dir=\"ltr\" style=\"text-align: justify;\">El director del Mag\u00edster en Gesti\u00f3n del Cambio Clim\u00e1tico de la Universidad de Ays\u00e9n, Dr. Carlos Zamorano Elgueta, destac\u00f3 la alta convocatoria y su aporte sobre los efectos del cambio clim\u00e1tico en la regi\u00f3n, se\u00f1alando que \u201ctuvimos una alta participaci\u00f3n tambi\u00e9n v\u00eda remota, lo que nos tiene muy contentos, y esperamos poder realizar nuevas actividades similares durante el resto del a\u00f1o como parte de nuestro mag\u00edster. Lo que hoy d\u00eda conversamos, fue sobre los desaf\u00edos del cambio clim\u00e1tico en la regi\u00f3n de Ays\u00e9n desde la perspectiva de la salud, desde la perspectiva de los ecosistemas y desde la perspectiva del cambio clim\u00e1tico en t\u00e9rminos de su complejidad, de aspectos sociales, ambientales y ecosist\u00e9micos\u201d.<\/p>\n<p dir=\"ltr\" style=\"text-align: justify;\">El acad\u00e9mico del Departamento de Geof\u00edsica de la Universidad de Chile e investigador del Centro del Clima y la Resiliencia (CR2), Dr. Ren\u00e9 Garreaud, valor\u00f3 la posibilidad de desarrollar actividades acad\u00e9micas en la Regi\u00f3n de Ays\u00e9n. \u201cLa verdad es que yo soy el que viene a tomar provecho de esta conexi\u00f3n que tenemos con Carlos y otros colegas de la universidad, porque yo, sinceramente, pienso que ac\u00e1 es la tierra de oportunidades cient\u00edficas\u201d. A su vez, coment\u00f3 la necesidad de comprender los efectos m\u00e1s visibles del cambio clim\u00e1tico en la vida cotidiana, agregando que \u201cel cambio clim\u00e1tico lo percibimos muchas veces como tendencias de largo plazo, de condiciones medias, pero tambi\u00e9n implica el cambio clim\u00e1tico el n\u00famero, la distribuci\u00f3n y la intensidad de los eventos extremos, olas de calor, lluvias muy intensas. \u00daltimamente estamos mirando eso porque eso es lo que mayor impacto tiene en la sociedad\u201d.<\/p>\n<p dir=\"ltr\" style=\"text-align: justify;\">El Mag\u00edster en Gesti\u00f3n del Cambio Clim\u00e1tico de la Universidad de Ays\u00e9n es el primero en Chile con foco espec\u00edfico en la Patagonia-Ays\u00e9n y est\u00e1 orientado a profesionales de diversas disciplinas interesados en liderar procesos de adaptaci\u00f3n y mitigaci\u00f3n en sus territorios y organizaciones. El programa cuenta con 17 estudiantes de diversos pa\u00edses de Am\u00e9rica Latina, entre ellos Colombia, Per\u00fa y Chile, y tiene una duraci\u00f3n de 15 meses en modalidad h\u00edbrida e incorpora una experiencia intensiva en terreno en ecosistemas estrat\u00e9gicos de la regi\u00f3n, entregando herramientas te\u00f3ricas y metodol\u00f3gicas para dise\u00f1ar soluciones sostenibles con pertinencia local y proyecci\u00f3n regional.<\/p>\n<p dir=\"ltr\" style=\"text-align: justify;\">El seminario \u201cRegi\u00f3n de Ays\u00e9n y los desaf\u00edos del cambio clim\u00e1tico\u201d fue transmitido por YouTube y se encuentra disponible en el canal oficial de la Universidad de Ays\u00e9n.<\/p>\n<\/div><\/section><\/div><div  style='height:50px' class='hr hr-invisible   avia-builder-el-6  el_after_av_one_full  el_before_av_social_share '><span class='hr-inner ' ><span class='hr-inner-style'><\/span><\/span><\/div><\/p>\n<div  class='av-social-sharing-box  avia-builder-el-7  el_after_av_hr  el_before_av_hr  '><div class='av-share-box'><h5 class='av-share-link-description av-no-toc '>Compartir esta noticia<\/h5><ul class='av-share-box-list noLightbox'><li class='av-share-link av-social-link-facebook' ><a target=\"_blank\" aria-label=\"Compartir en Facebook\" href='https:\/\/www.facebook.com\/sharer.php?u=https:\/\/radiorevelacionfm.cl\/?p=66649&#038;t=UAys%C3%A9n%20abord%C3%B3%20los%20desaf%C3%ADos%20del%20cambio%20clim%C3%A1tico%20en%20la%20regi%C3%B3n%20durante%20actividad%20del%20Mag%C3%ADster%20en%20Gesti%C3%B3n%20del%20Cambio%20Clim%C3%A1tico' aria-hidden='false' data-av_icon='\ue8f3' data-av_iconfont='entypo-fontello' title='' data-avia-related-tooltip='Compartir en Facebook' rel=\"noopener\"><span class='avia_hidden_link_text'>Compartir en Facebook<\/span><\/a><\/li><li class='av-share-link av-social-link-twitter' ><a target=\"_blank\" aria-label=\"Compartir en Twitter\" href='https:\/\/twitter.com\/share?text=UAys%C3%A9n%20abord%C3%B3%20los%20desaf%C3%ADos%20del%20cambio%20clim%C3%A1tico%20en%20la%20regi%C3%B3n%20durante%20actividad%20del%20Mag%C3%ADster%20en%20Gesti%C3%B3n%20del%20Cambio%20Clim%C3%A1tico&#038;url=https:\/\/radiorevelacionfm.cl\/?p=66649' aria-hidden='false' data-av_icon='\ue8f1' data-av_iconfont='entypo-fontello' title='' data-avia-related-tooltip='Compartir en Twitter' rel=\"noopener\"><span class='avia_hidden_link_text'>Compartir en Twitter<\/span><\/a><\/li><li class='av-share-link av-social-link-whatsapp' ><a target=\"_blank\" aria-label=\"Compartir en Whatsapp\" href='https:\/\/api.whatsapp.com\/send?text=https:\/\/radiorevelacionfm.cl\/?p=66649' aria-hidden='false' data-av_icon='\uf232' data-av_iconfont='entypo-fontello' title='' data-avia-related-tooltip='Compartir en Whatsapp' rel=\"noopener\"><span class='avia_hidden_link_text'>Compartir en Whatsapp<\/span><\/a><\/li><li class='av-share-link av-social-link-linkedin' ><a target=\"_blank\" aria-label=\"Compartir en LinkedIn\" href='https:\/\/linkedin.com\/shareArticle?mini=true&#038;title=UAys%C3%A9n%20abord%C3%B3%20los%20desaf%C3%ADos%20del%20cambio%20clim%C3%A1tico%20en%20la%20regi%C3%B3n%20durante%20actividad%20del%20Mag%C3%ADster%20en%20Gesti%C3%B3n%20del%20Cambio%20Clim%C3%A1tico&#038;url=https:\/\/radiorevelacionfm.cl\/?p=66649' aria-hidden='false' data-av_icon='\ue8fc' data-av_iconfont='entypo-fontello' title='' data-avia-related-tooltip='Compartir en LinkedIn' rel=\"noopener\"><span class='avia_hidden_link_text'>Compartir en LinkedIn<\/span><\/a><\/li><li class='av-share-link av-social-link-mail' ><a  aria-label=\"Compartir por correo\" href='mailto:?subject=UAys%C3%A9n%20abord%C3%B3%20los%20desaf%C3%ADos%20del%20cambio%20clim%C3%A1tico%20en%20la%20regi%C3%B3n%20durante%20actividad%20del%20Mag%C3%ADster%20en%20Gesti%C3%B3n%20del%20Cambio%20Clim%C3%A1tico&#038;body=https:\/\/radiorevelacionfm.cl\/?p=66649' aria-hidden='false' data-av_icon='\ue805' data-av_iconfont='entypo-fontello' title='' data-avia-related-tooltip='Compartir por correo'><span class='avia_hidden_link_text'>Compartir por correo<\/span><\/a><\/li><\/ul><\/div><\/div>\n<div  style='height:50px' class='hr hr-invisible   avia-builder-el-8  el_after_av_social_share  el_before_av_comments_list '><span class='hr-inner ' ><span class='hr-inner-style'><\/span><\/span><\/div>\n<div  class='av-buildercomment  av-blog-meta-html-info-disabled av-blog-meta-tag-disabled  '><\/div>\n","protected":false},"excerpt":{"rendered":"","protected":false},"author":1,"featured_media":66650,"comment_status":"closed","ping_status":"closed","sticky":false,"template":"","format":"standard","meta":{"footnotes":""},"categories":[49],"tags":[],"class_list":["post-66649","post","type-post","status-publish","format-standard","has-post-thumbnail","hentry","category-educacion"],"jetpack_featured_media_url":"https:\/\/radiorevelacionfm.cl\/wp-content\/uploads\/2026\/04\/6-83-1-1.jpg","_links":{"self":[{"href":"https:\/\/radiorevelacionfm.cl\/index.php?rest_route=\/wp\/v2\/posts\/66649","targetHints":{"allow":["GET"]}}],"collection":[{"href":"https:\/\/radiorevelacionfm.cl\/index.php?rest_route=\/wp\/v2\/posts"}],"about":[{"href":"https:\/\/radiorevelacionfm.cl\/index.php?rest_route=\/wp\/v2\/types\/post"}],"author":[{"embeddable":true,"href":"https:\/\/radiorevelacionfm.cl\/index.php?rest_route=\/wp\/v2\/users\/1"}],"replies":[{"embeddable":true,"href":"https:\/\/radiorevelacionfm.cl\/index.php?rest_route=%2Fwp%2Fv2%2Fcomments&post=66649"}],"version-history":[{"count":2,"href":"https:\/\/radiorevelacionfm.cl\/index.php?rest_route=\/wp\/v2\/posts\/66649\/revisions"}],"predecessor-version":[{"id":66655,"href":"https:\/\/radiorevelacionfm.cl\/index.php?rest_route=\/wp\/v2\/posts\/66649\/revisions\/66655"}],"wp:featuredmedia":[{"embeddable":true,"href":"https:\/\/radiorevelacionfm.cl\/index.php?rest_route=\/wp\/v2\/media\/66650"}],"wp:attachment":[{"href":"https:\/\/radiorevelacionfm.cl\/index.php?rest_route=%2Fwp%2Fv2%2Fmedia&parent=66649"}],"wp:term":[{"taxonomy":"category","embeddable":true,"href":"https:\/\/radiorevelacionfm.cl\/index.php?rest_route=%2Fwp%2Fv2%2Fcategories&post=66649"},{"taxonomy":"post_tag","embeddable":true,"href":"https:\/\/radiorevelacionfm.cl\/index.php?rest_route=%2Fwp%2Fv2%2Ftags&post=66649"}],"curies":[{"name":"wp","href":"https:\/\/api.w.org\/{rel}","templated":true}]}}