{"id":66646,"date":"2026-04-27T21:35:35","date_gmt":"2026-04-28T00:35:35","guid":{"rendered":"https:\/\/radiorevelacionfm.cl\/?p=66646"},"modified":"2026-04-27T21:35:35","modified_gmt":"2026-04-28T00:35:35","slug":"carabineros-de-aysen-rumbo-al-centenario-modernizacion-al-servicio-de-la-seguridad-y-la-prevencion-marcan-sus-99-anos","status":"publish","type":"post","link":"https:\/\/radiorevelacionfm.cl\/?p=66646","title":{"rendered":"Carabineros de Ays\u00e9n rumbo al centenario: Modernizaci\u00f3n al servicio de la seguridad y la prevenci\u00f3n marcan sus 99 a\u00f1os"},"content":{"rendered":"<div class=\"flex_column av_one_full  flex_column_div av-zero-column-padding first  avia-builder-el-0  el_before_av_one_full  avia-builder-el-first  \" style='border-radius:0px; '><div  class='avia-image-container  av-styling-    avia-builder-el-1  avia-builder-el-no-sibling  avia-align-center '  itemprop=\"image\" itemscope=\"itemscope\" itemtype=\"https:\/\/schema.org\/ImageObject\"  ><div class='avia-image-container-inner'><div class='avia-image-overlay-wrap'><img decoding=\"async\" class='wp-image-66647 avia-img-lazy-loading-not-66647 avia_image' src=\"https:\/\/radiorevelacionfm.cl\/wp-content\/uploads\/2026\/04\/12fb3efb-6a96-4da0-b7a8-130cc273242a-1-1-1.jpg\" alt='' title='12fb3efb-6a96-4da0-b7a8-130cc273242a (1) (1) (1)' height=\"600\" width=\"1067\"  itemprop=\"thumbnailUrl\" srcset=\"https:\/\/radiorevelacionfm.cl\/wp-content\/uploads\/2026\/04\/12fb3efb-6a96-4da0-b7a8-130cc273242a-1-1-1.jpg 1067w, https:\/\/radiorevelacionfm.cl\/wp-content\/uploads\/2026\/04\/12fb3efb-6a96-4da0-b7a8-130cc273242a-1-1-1-300x169.jpg 300w, https:\/\/radiorevelacionfm.cl\/wp-content\/uploads\/2026\/04\/12fb3efb-6a96-4da0-b7a8-130cc273242a-1-1-1-1030x579.jpg 1030w, https:\/\/radiorevelacionfm.cl\/wp-content\/uploads\/2026\/04\/12fb3efb-6a96-4da0-b7a8-130cc273242a-1-1-1-768x432.jpg 768w, https:\/\/radiorevelacionfm.cl\/wp-content\/uploads\/2026\/04\/12fb3efb-6a96-4da0-b7a8-130cc273242a-1-1-1-705x396.jpg 705w, https:\/\/radiorevelacionfm.cl\/wp-content\/uploads\/2026\/04\/12fb3efb-6a96-4da0-b7a8-130cc273242a-1-1-1-450x253.jpg 450w, https:\/\/radiorevelacionfm.cl\/wp-content\/uploads\/2026\/04\/12fb3efb-6a96-4da0-b7a8-130cc273242a-1-1-1-600x337.jpg 600w\" sizes=\"(max-width: 1067px) 100vw, 1067px\" \/><\/div><\/div><\/div><\/div><div class=\"flex_column av_one_full  flex_column_div av-zero-column-padding first  avia-builder-el-2  el_after_av_one_full  el_before_av_one_full  column-top-margin\" style='border-radius:0px; '><section class=\"av_textblock_section \"  itemscope=\"itemscope\" itemtype=\"https:\/\/schema.org\/BlogPosting\" itemprop=\"blogPost\" ><div class='avia_textblock  '   itemprop=\"text\" ><p style=\"text-align: center;\"><strong><span style=\"font-size: 18pt;\">Carabineros de Ays\u00e9n rumbo al centenario: Modernizaci\u00f3n al servicio de la seguridad y la prevenci\u00f3n marcan sus 99 a\u00f1os<\/span><\/strong><\/p>\n<div id=\"gtx-trans\" style=\"position: absolute; left: -50px; top: 4.31534px;\">\n<div class=\"gtx-trans-icon\"><\/div>\n<\/div>\n<\/div><\/section><\/div><div class=\"flex_column av_one_full  flex_column_div av-zero-column-padding first  avia-builder-el-4  el_after_av_one_full  el_before_av_hr  column-top-margin\" style='border-radius:0px; '><section class=\"av_textblock_section \"  itemscope=\"itemscope\" itemtype=\"https:\/\/schema.org\/BlogPosting\" itemprop=\"blogPost\" ><div class='avia_textblock  '   itemprop=\"text\" ><ul>\n<li dir=\"ltr\">\n<p dir=\"ltr\" style=\"text-align: justify;\" role=\"presentation\"><em>En una emotiva ceremonia regional, se destac\u00f3 la futura implementaci\u00f3n del SEBV, el fortalecimiento de las capacidades operativas y la lucha frontal contra el tr\u00e1fico de drogas en las zonas m\u00e1s aisladas de la Patagonia.<\/em><\/p>\n<\/li>\n<\/ul>\n<p dir=\"ltr\" style=\"text-align: justify;\">Al borde de cumplir un siglo de historia al servicio de la comunidad y el pa\u00eds, Carabineros de Chile celebr\u00f3 su 99\u00b0 aniversario en la Regi\u00f3n de Ays\u00e9n, reafirmando su proceso de modernizaci\u00f3n institucional.<\/p>\n<p dir=\"ltr\" style=\"text-align: justify;\">El acto cont\u00f3 con la presencia de la Delegada Presidencial Regional Ays\u00e9n, Luz Mar\u00eda Vicu\u00f1a, parlamentarios, sumado a la participaci\u00f3n de diversas autoridades regionales y comunales, ramas de la Defensa Nacional, Polic\u00eda de investigaciones, Gendarmer\u00eda y la sociedad civil.<\/p>\n<p dir=\"ltr\" style=\"text-align: justify;\">La jornada comenz\u00f3 a las 08:00 horas con un toque de silencio y el izamiento de la gran bandera bicentenario, conmemorando no s\u00f3lo 99 a\u00f1os de historia marcada por sacrificio, vocaci\u00f3n y compromiso de generaciones de hombres y mujeres que han vestido el uniforme color verde esperanza y estando donde y cuando la patria lo ha requerido, velando por el orden, la paz social y la tranquilidad de las familias chilenas.<\/p>\n<p dir=\"ltr\" style=\"text-align: justify;\">\u201cLa memoria de aquellos carabineros que entregaron su vida en el cumplineto del deber, no envejece, su ejemplo permanece y su legado nos exige seguir sirviendo con honor y valent\u00eda\u201d, indic\u00f3 el Jefe de Zona de Carabineros Ays\u00e9n, General Eduardo Palma Fuentes, quien aprovech\u00f3 la ocasi\u00f3n para agradecer al Gobierno Regional y su Consejo por el apoyo a diversos proyectos impulsados por la Zona de Carabineros orientados al bienestar de la regi\u00f3n, as\u00ed como el trabajo coordinado con la Delegaci\u00f3n Presidencial Regional y el Seremi de Seguridad P\u00fablica, avanzando con una mirada conjunta de seguridad, con voluntad y sentido de servicio en beneficio de la comunidad.<\/p>\n<p dir=\"ltr\" style=\"text-align: justify;\">Dicho acto sirvi\u00f3 de antesala para anunciar importantes avances tecnol\u00f3gicos y operativos que buscan fortalecer la seguridad en el extremo sur del pa\u00eds.<\/p>\n<p dir=\"ltr\" style=\"text-align: justify;\"><strong>Nueva especialidad<\/strong><\/p>\n<p dir=\"ltr\" style=\"text-align: justify;\">El Jefe de Zona de Carabineros Ays\u00e9n, General Eduardo Palma Fuentes indic\u00f3 que uno de los hitos m\u00e1s relevantes para el segundo semestre de este a\u00f1o ser\u00e1 la inauguraci\u00f3n de la Secci\u00f3n de Encargo y B\u00fasqueda de Veh\u00edculos (SEBV) en la regi\u00f3n.<\/p>\n<p dir=\"ltr\" style=\"text-align: justify;\">Asimismo, la capacidad de respuesta preventiva se ha visto potenciada con la reciente incorporaci\u00f3n de 20 motos todoterreno que fueron presentadas en el acto central -e inauguradas junto a dirigentes vecinales (reconociendo ellos su vocaci\u00f3n de servicio desinteresada y que contribuye a contar con barrios m\u00e1s seguros y unidos)- medios operativos que fueron gestionados a nivel central y que permitir\u00e1n patrullajes m\u00e1s \u00e1giles y mejorar la capacidad de reacci\u00f3n y patrullajes preventivos, en la compleja geograf\u00eda de Ays\u00e9n, pudiendo llegar donde otros medios hoy no pueden hacerlo.<\/p>\n<p dir=\"ltr\" style=\"text-align: justify;\"><strong>Lucha contra el narcotr\u00e1fico<\/strong><\/p>\n<p dir=\"ltr\" style=\"text-align: justify;\">La gesti\u00f3n regional present\u00f3 importantes cifras en materia de seguridad p\u00fablica. En lo que va del a\u00f1o, seg\u00fan indic\u00f3 el General Palma, la Instituci\u00f3n ha logrado casi duplicar el n\u00famero de detenidos por infracci\u00f3n a la Ley de Drogas en comparaci\u00f3n al periodo anterior.<\/p>\n<p dir=\"ltr\" style=\"text-align: justify;\">\u00abNo permitiremos que el narcotr\u00e1fico avance en esta regi\u00f3n\u00bb. En tal sentido precis\u00f3 que la vigilancia no se limita a zonas urbanas, sino que se extiende con fuerza a la Ruta 7, donde los destacamentos rurales combaten activamente el abigeato y capturan a pr\u00f3fugos de la justicia mediante la presencia y el control permanente.<\/p>\n<p dir=\"ltr\" style=\"text-align: justify;\">En tal sentido Carabineros ser\u00e1 constante, firme y en\u00e9rgico para detener y sacar de circulaci\u00f3n a quienes da\u00f1an a la juventud y amenazan el futuro de la comunidad.<\/p>\n<p dir=\"ltr\" style=\"text-align: justify;\">Otra de las problem\u00e1ticas dice relaci\u00f3n con la violencia intrafamiliar, donde no basta con prevenir y educar, sino que estos hechos complejos que se viven al interior de muchos hogares deben ser denunciados.<\/p>\n<p dir=\"ltr\" style=\"text-align: justify;\"><strong>Haciendo patria en la lejan\u00eda y clima austral<\/strong><\/p>\n<p dir=\"ltr\" style=\"text-align: justify;\">Durante 99 a\u00f1os Carabineros ha mantenido un estrecho v\u00ednculo con la comunidad, estando donde \u00e9sta nos necesita.<\/p>\n<p dir=\"ltr\" style=\"text-align: justify;\">En tal sentido, el Jefe de Zona Ays\u00e9n rindi\u00f3 homenaje a aquellos funcionarios que a diario, sin importar el fr\u00edo, la distancia y la lejan\u00eda de sus familias, sirven en los cuarteles m\u00e1s inh\u00f3spitos de la Patagonia, donde \u00abmimetizados con la lluvia y la escarcha, cumplen una labor de soberan\u00eda silenciosa\u201d, indic\u00f3.<\/p>\n<p dir=\"ltr\" style=\"text-align: justify;\">\u201cAll\u00ed donde otros ven el aislamiento, Carabineros lleva la paz, seguridad y compa\u00f1\u00eda. All\u00ed donde el viento golpea fuerte y la noche parece m\u00e1s extensa, siempre hay un carabinero haciendo patria, silenciosamente\u201d, indic\u00f3.<\/p>\n<p dir=\"ltr\" style=\"text-align: justify;\">Esta cercan\u00eda tambi\u00e9n se traduce en una mayor sensibilidad social. En tal sentido, la Instituci\u00f3n formul\u00f3 un llamado a quienes forman parte de la comunidad a no normalizar la violencia intrafamiliar, incentivando la denuncia y fortaleciendo la prevenci\u00f3n escolar para proteger a los sectores m\u00e1s vulnerables.<\/p>\n<p dir=\"ltr\" style=\"text-align: justify;\">Durante la ceremonia el Oficial General junto a autoridades hizo entrega de la medalla Carabineros de Chile por 20 a\u00f1os de servicio al personal, as\u00ed como la Condecoraci\u00f3n al M\u00e9rito Carabineros de Chile por 30 a\u00f1os de servicio.<\/p>\n<p dir=\"ltr\" style=\"text-align: justify;\"><strong>Alianzas estrat\u00e9gicas y proyecci\u00f3n internacional<\/strong><\/p>\n<p dir=\"ltr\" style=\"text-align: justify;\">Hoy como ayer, la modernizaci\u00f3n de Carabineros en la regi\u00f3n de Ays\u00e9n no es s\u00f3lo operativa, sino tambi\u00e9n acad\u00e9mica y humana.<\/p>\n<p dir=\"ltr\" style=\"text-align: justify;\">Recientemente gracias a convenios con el Campus Patagonia de la Universidad Austral, la Fiscal\u00eda, Defensor\u00eda y la Contralor\u00eda, se han reforzado las capacidades en salud mental y \u00e9tica profesional a trav\u00e9s del Seminario Capacitaci\u00f3n para la Excelencia Policial.<\/p>\n<p dir=\"ltr\" style=\"text-align: justify;\">\u201cEn fundamental vivir con serenidad, con bondad y con respeto hacia los dem\u00e1s. La fortaleza no siempre est\u00e1 en la dureza, sino tambi\u00e9n en la capacidad de escuchar, se comprender, de tender la mano y actuar con humanidad (&#8230;). S\u00f3lo as\u00ed podemos seguir siendo una Instituci\u00f3n firme en sus principios, pero cercana en el trato, fuerte en el deber, pero noble en el coraz\u00f3n\u201d, expres\u00f3 el General Palma.<\/p>\n<p dir=\"ltr\" style=\"text-align: justify;\">A nivel global, la relevancia de la Instituci\u00f3n fue subrayada por la designaci\u00f3n del General Director como Secretario Ejecutivo de AMERIPOL, situando a Chile como l\u00edder en la coordinaci\u00f3n policial continental contra el crimen organizado, la delincuencia transnacional y las nuevas amenazas en el entorno virtual.<\/p>\n<p dir=\"ltr\" style=\"text-align: justify;\">\u201cSeguiremos fortaleciendo el trabajo conjunto con la Polic\u00eda de Investigaciones de Chile, porque la seguridad moderna exige cooperaci\u00f3n, inteligencia y unidad de prop\u00f3sito, lo cual no ser\u00eda posible sin Carabineros\u201d, a\u00f1adi\u00f3.<\/p>\n<p dir=\"ltr\" style=\"text-align: justify;\"><strong>\u201cAbrazo entre generaciones\u201d<\/strong><\/p>\n<p dir=\"ltr\" style=\"text-align: justify;\">Durante la jornada el Jefe de Zona Ays\u00e9n agradeci\u00f3 al personal operativo, investigativo y estrat\u00e9gico, administrativo, log\u00edstico y uniformado, a la Banda Instrumental y la familia de cada carabinero.<\/p>\n<p dir=\"ltr\" style=\"text-align: justify;\">\u201cSer carabinero no es solo una funci\u00f3n, es una forma de vida, es poner a Chile por delante de uno mismo, es cuidar incluso cuando nadie aplaude, es estar presente cuando otros descansan, es servir sin esperar reconocimiento (&#8230;) hoy ad portas de estos cien a\u00f1os, quiero que sintamos este aniversario no como una ceremonia, sino como un abrazo entre generaciones. Aqu\u00ed est\u00e1n los que fueron, los que son y los que vendr\u00e1n. Aqu\u00ed late la sangre verde de Carabineros de Chile. Gracias por su entrega, por su lealtad y por hacer patria en esta tierra hermosa y lejana\u201d, expres\u00f3.<\/p>\n<p dir=\"ltr\" style=\"text-align: justify;\">Con la mirada puesta en el centenario, Carabineros de Ays\u00e9n cierra este aniversario renovando su juramento de servicio, consolid\u00e1ndose como una fuerza moderna, humana y profundamente arraigada en el coraz\u00f3n de la Patagonia chilena.<\/p>\n<\/div><\/section><\/div><div  style='height:50px' class='hr hr-invisible   avia-builder-el-6  el_after_av_one_full  el_before_av_social_share '><span class='hr-inner ' ><span class='hr-inner-style'><\/span><\/span><\/div><\/p>\n<div  class='av-social-sharing-box  avia-builder-el-7  el_after_av_hr  el_before_av_hr  '><div class='av-share-box'><h5 class='av-share-link-description av-no-toc '>Compartir esta noticia<\/h5><ul class='av-share-box-list noLightbox'><li class='av-share-link av-social-link-facebook' ><a target=\"_blank\" aria-label=\"Compartir en Facebook\" href='https:\/\/www.facebook.com\/sharer.php?u=https:\/\/radiorevelacionfm.cl\/?p=66646&#038;t=Carabineros%20de%20Ays%C3%A9n%20rumbo%20al%20centenario%3A%20Modernizaci%C3%B3n%20al%20servicio%20de%20la%20seguridad%20y%20la%20prevenci%C3%B3n%20marcan%20sus%2099%20a%C3%B1os' aria-hidden='false' data-av_icon='\ue8f3' data-av_iconfont='entypo-fontello' title='' data-avia-related-tooltip='Compartir en Facebook' rel=\"noopener\"><span class='avia_hidden_link_text'>Compartir en Facebook<\/span><\/a><\/li><li class='av-share-link av-social-link-twitter' ><a target=\"_blank\" aria-label=\"Compartir en Twitter\" href='https:\/\/twitter.com\/share?text=Carabineros%20de%20Ays%C3%A9n%20rumbo%20al%20centenario%3A%20Modernizaci%C3%B3n%20al%20servicio%20de%20la%20seguridad%20y%20la%20prevenci%C3%B3n%20marcan%20sus%2099%20a%C3%B1os&#038;url=https:\/\/radiorevelacionfm.cl\/?p=66646' aria-hidden='false' data-av_icon='\ue8f1' data-av_iconfont='entypo-fontello' title='' data-avia-related-tooltip='Compartir en Twitter' rel=\"noopener\"><span class='avia_hidden_link_text'>Compartir en Twitter<\/span><\/a><\/li><li class='av-share-link av-social-link-whatsapp' ><a target=\"_blank\" aria-label=\"Compartir en Whatsapp\" href='https:\/\/api.whatsapp.com\/send?text=https:\/\/radiorevelacionfm.cl\/?p=66646' aria-hidden='false' data-av_icon='\uf232' data-av_iconfont='entypo-fontello' title='' data-avia-related-tooltip='Compartir en Whatsapp' rel=\"noopener\"><span class='avia_hidden_link_text'>Compartir en Whatsapp<\/span><\/a><\/li><li class='av-share-link av-social-link-linkedin' ><a target=\"_blank\" aria-label=\"Compartir en LinkedIn\" href='https:\/\/linkedin.com\/shareArticle?mini=true&#038;title=Carabineros%20de%20Ays%C3%A9n%20rumbo%20al%20centenario%3A%20Modernizaci%C3%B3n%20al%20servicio%20de%20la%20seguridad%20y%20la%20prevenci%C3%B3n%20marcan%20sus%2099%20a%C3%B1os&#038;url=https:\/\/radiorevelacionfm.cl\/?p=66646' aria-hidden='false' data-av_icon='\ue8fc' data-av_iconfont='entypo-fontello' title='' data-avia-related-tooltip='Compartir en LinkedIn' rel=\"noopener\"><span class='avia_hidden_link_text'>Compartir en LinkedIn<\/span><\/a><\/li><li class='av-share-link av-social-link-mail' ><a  aria-label=\"Compartir por correo\" href='mailto:?subject=Carabineros%20de%20Ays%C3%A9n%20rumbo%20al%20centenario%3A%20Modernizaci%C3%B3n%20al%20servicio%20de%20la%20seguridad%20y%20la%20prevenci%C3%B3n%20marcan%20sus%2099%20a%C3%B1os&#038;body=https:\/\/radiorevelacionfm.cl\/?p=66646' aria-hidden='false' data-av_icon='\ue805' data-av_iconfont='entypo-fontello' title='' data-avia-related-tooltip='Compartir por correo'><span class='avia_hidden_link_text'>Compartir por correo<\/span><\/a><\/li><\/ul><\/div><\/div>\n<div  style='height:50px' class='hr hr-invisible   avia-builder-el-8  el_after_av_social_share  el_before_av_comments_list '><span class='hr-inner ' ><span class='hr-inner-style'><\/span><\/span><\/div>\n<div  class='av-buildercomment  av-blog-meta-html-info-disabled av-blog-meta-tag-disabled  '><\/div>\n","protected":false},"excerpt":{"rendered":"","protected":false},"author":1,"featured_media":66647,"comment_status":"closed","ping_status":"closed","sticky":false,"template":"","format":"standard","meta":{"footnotes":""},"categories":[36],"tags":[],"class_list":["post-66646","post","type-post","status-publish","format-standard","has-post-thumbnail","hentry","category-policial"],"jetpack_featured_media_url":"https:\/\/radiorevelacionfm.cl\/wp-content\/uploads\/2026\/04\/12fb3efb-6a96-4da0-b7a8-130cc273242a-1-1-1.jpg","_links":{"self":[{"href":"https:\/\/radiorevelacionfm.cl\/index.php?rest_route=\/wp\/v2\/posts\/66646","targetHints":{"allow":["GET"]}}],"collection":[{"href":"https:\/\/radiorevelacionfm.cl\/index.php?rest_route=\/wp\/v2\/posts"}],"about":[{"href":"https:\/\/radiorevelacionfm.cl\/index.php?rest_route=\/wp\/v2\/types\/post"}],"author":[{"embeddable":true,"href":"https:\/\/radiorevelacionfm.cl\/index.php?rest_route=\/wp\/v2\/users\/1"}],"replies":[{"embeddable":true,"href":"https:\/\/radiorevelacionfm.cl\/index.php?rest_route=%2Fwp%2Fv2%2Fcomments&post=66646"}],"version-history":[{"count":2,"href":"https:\/\/radiorevelacionfm.cl\/index.php?rest_route=\/wp\/v2\/posts\/66646\/revisions"}],"predecessor-version":[{"id":66654,"href":"https:\/\/radiorevelacionfm.cl\/index.php?rest_route=\/wp\/v2\/posts\/66646\/revisions\/66654"}],"wp:featuredmedia":[{"embeddable":true,"href":"https:\/\/radiorevelacionfm.cl\/index.php?rest_route=\/wp\/v2\/media\/66647"}],"wp:attachment":[{"href":"https:\/\/radiorevelacionfm.cl\/index.php?rest_route=%2Fwp%2Fv2%2Fmedia&parent=66646"}],"wp:term":[{"taxonomy":"category","embeddable":true,"href":"https:\/\/radiorevelacionfm.cl\/index.php?rest_route=%2Fwp%2Fv2%2Fcategories&post=66646"},{"taxonomy":"post_tag","embeddable":true,"href":"https:\/\/radiorevelacionfm.cl\/index.php?rest_route=%2Fwp%2Fv2%2Ftags&post=66646"}],"curies":[{"name":"wp","href":"https:\/\/api.w.org\/{rel}","templated":true}]}}