{"id":66642,"date":"2026-04-27T20:19:09","date_gmt":"2026-04-27T23:19:09","guid":{"rendered":"https:\/\/radiorevelacionfm.cl\/?p=66642"},"modified":"2026-04-27T20:19:09","modified_gmt":"2026-04-27T23:19:09","slug":"ciep-desplego-ciencia-en-el-territorio-en-puerto-ibanez","status":"publish","type":"post","link":"https:\/\/radiorevelacionfm.cl\/?p=66642","title":{"rendered":"CIEP despleg\u00f3 \u201cCiencia en el Territorio\u201d en Puerto Ib\u00e1\u00f1ez"},"content":{"rendered":"<div class=\"flex_column av_one_full  flex_column_div av-zero-column-padding first  avia-builder-el-0  el_before_av_one_full  avia-builder-el-first  \" style='border-radius:0px; '><div  class='avia-image-container  av-styling-    avia-builder-el-1  avia-builder-el-no-sibling  avia-align-center '  itemprop=\"image\" itemscope=\"itemscope\" itemtype=\"https:\/\/schema.org\/ImageObject\"  ><div class='avia-image-container-inner'><div class='avia-image-overlay-wrap'><img decoding=\"async\" class='wp-image-66643 avia-img-lazy-loading-not-66643 avia_image' src=\"https:\/\/radiorevelacionfm.cl\/wp-content\/uploads\/2026\/04\/img_3478_optimized.jpeg\" alt='' title='img_3478_optimized' height=\"600\" width=\"800\"  itemprop=\"thumbnailUrl\" srcset=\"https:\/\/radiorevelacionfm.cl\/wp-content\/uploads\/2026\/04\/img_3478_optimized.jpeg 800w, https:\/\/radiorevelacionfm.cl\/wp-content\/uploads\/2026\/04\/img_3478_optimized-300x225.jpeg 300w, https:\/\/radiorevelacionfm.cl\/wp-content\/uploads\/2026\/04\/img_3478_optimized-768x576.jpeg 768w, https:\/\/radiorevelacionfm.cl\/wp-content\/uploads\/2026\/04\/img_3478_optimized-705x529.jpeg 705w, https:\/\/radiorevelacionfm.cl\/wp-content\/uploads\/2026\/04\/img_3478_optimized-450x338.jpeg 450w, https:\/\/radiorevelacionfm.cl\/wp-content\/uploads\/2026\/04\/img_3478_optimized-600x450.jpeg 600w\" sizes=\"(max-width: 800px) 100vw, 800px\" \/><\/div><\/div><\/div><\/div><div class=\"flex_column av_one_full  flex_column_div av-zero-column-padding first  avia-builder-el-2  el_after_av_one_full  el_before_av_one_full  column-top-margin\" style='border-radius:0px; '><section class=\"av_textblock_section \"  itemscope=\"itemscope\" itemtype=\"https:\/\/schema.org\/BlogPosting\" itemprop=\"blogPost\" ><div class='avia_textblock  '   itemprop=\"text\" ><p style=\"text-align: center;\"><strong><span style=\"font-size: 18pt;\">CIEP despleg\u00f3 \u201cCiencia en el Territorio\u201d en Puerto Ib\u00e1\u00f1ez<\/span><\/strong><\/p>\n<div id=\"gtx-trans\" style=\"position: absolute; left: -50px; top: 4.31534px;\">\n<div class=\"gtx-trans-icon\"><\/div>\n<\/div>\n<\/div><\/section><\/div><div class=\"flex_column av_one_full  flex_column_div av-zero-column-padding first  avia-builder-el-4  el_after_av_one_full  el_before_av_hr  column-top-margin\" style='border-radius:0px; '><section class=\"av_textblock_section \"  itemscope=\"itemscope\" itemtype=\"https:\/\/schema.org\/BlogPosting\" itemprop=\"blogPost\" ><div class='avia_textblock  '   itemprop=\"text\" ><p style=\"text-align: justify;\">M\u00e1s de un centenar de asistentes tuvo la tercera versi\u00f3n de \u201cCiencia en el Territorio\u201d, feria cient\u00edfica que en esta oportunidad se realiz\u00f3 en Puerto Ingeniero Ib\u00e1\u00f1ez, organizada a trav\u00e9s de la Subdirecci\u00f3n de Vinculaci\u00f3n y Transferencia de CIEP, y que se despleg\u00f3 el pasado mi\u00e9rcoles en el Centro de Capacitaci\u00f3n de la comuna, ubicado frente a la Plaza de Armas.<\/p>\n<p style=\"text-align: justify;\">La jornada, que comenz\u00f3 a las 11:00 horas con un acto de inauguraci\u00f3n con la participaci\u00f3n del cantautor regional Jorge Contreras, se extendi\u00f3 hasta las 17:30 horas, con la presentaci\u00f3n de 15 stands, en los cuales investigadoras e investigadores del CIEP, compartieron con el p\u00fablico sus hallazgos en la comprensi\u00f3n y desarrollo sostenible de los ecosistemas patag\u00f3nicos. Adem\u00e1s, participaron estudiantes de la Escuela Aonikenk y del Liceo Bicentenario Cerro Castillo, presentando sus respectivos proyectos de ciencia, junto a Conaf, y varias muestras del trabajo artesanal y de identidad cultural del Comit\u00e9 de Recolectoras \u201cLas Collallas\u201d.<\/p>\n<p style=\"text-align: justify;\">CONECTANDO CON EL TERRITORIO<\/p>\n<p style=\"text-align: justify;\">El programa -que cont\u00f3 con la colaboraci\u00f3n de la Ilustre Municipalidad de R\u00edo Ib\u00e1\u00f1ez- incluy\u00f3 charlas y experiencias pr\u00e1cticas orientadas a fortalecer el quehacer cient\u00edfico del CIEP en comunidades fuera de la capital regional, relevando la pertinencia territorial de la ciencia y fortaleciendo los v\u00ednculos entre la academia, los establecimientos educacionales y las organizaciones locales.<\/p>\n<p style=\"text-align: justify;\">Desde CIEP, su directora ejecutiva, Andrea Foessel, relev\u00f3 el valor del intercambio de conocimientos que propicia esta actividad en directa comunicaci\u00f3n con los territorios.<br \/>\n\u201cEsta instancia nos permite desplegarnos, compartir la ciencia y tambi\u00e9n recoger saberes locales. Es un intercambio muy valioso que fortalece tanto la investigaci\u00f3n como su pertinencia\u201d, coment\u00f3.<\/p>\n<p style=\"text-align: justify;\">En la misma l\u00ednea, representantes de la comunidad destacaron el reconocimiento de sus propios saberes, como Mar\u00eda Castillo, presidenta del Comit\u00e9 de Recolectoras \u201cLas Collallas\u201d, quien afirm\u00f3 que \u201cnosotras tambi\u00e9n somos investigadoras desde nuestra experiencia. Trabajamos con elementos de la naturaleza y generamos conocimiento, y esta instancia nos hace sentir parte de la ciencia, por eso me siento muy orgullosa de recibir ac\u00e1 a los alumnos y a todos los cient\u00edficos de CIEP\u201d.<\/p>\n<p style=\"text-align: justify;\">Desde el \u00e1mbito educativo, Carolina Pabst, jefa UTP de la Escuela Aonikenk, subray\u00f3 el impacto en los estudiantes que participaron con su proyecto de ciencia en el Centro de Capacitaci\u00f3n de la comuna.<\/p>\n<p style=\"text-align: justify;\">\u201cEs una oportunidad \u00fanica para que los estudiantes presenten sus hallazgos y se reconozcan como agentes activos en la construcci\u00f3n de conocimiento sobre su propio territorio\u201d, destac\u00f3.<\/p>\n<p style=\"text-align: justify;\">\u201cCiencia en el Territorio\u201d se ha consolidado como una iniciativa clave de divulgaci\u00f3n cient\u00edfica, pensada para todas las edades y orientada a promover el conocimiento, el di\u00e1logo y la valoraci\u00f3n del territorio patag\u00f3nico, por lo que en esta versi\u00f3n en R\u00edo Ib\u00e1\u00f1ez sum\u00f3 la obra de teatro \u201cLa Gotita de Agua que llega a la Tierra\u201d, realizada en el sal\u00f3n de actos de la Escuela Aonikenk.<\/p>\n<p style=\"text-align: justify;\">Durante 2025, y en el contexto de los 20 a\u00f1os de trayectoria del CIEP, \u201cCiencia en el Territorio\u201d lleg\u00f3 a las comunas de Cisnes y Cochrane con participaci\u00f3n activa de la comunidad educativa y las organizaciones sociales.<\/p>\n<\/div><\/section><\/div><div  style='height:50px' class='hr hr-invisible   avia-builder-el-6  el_after_av_one_full  el_before_av_social_share '><span class='hr-inner ' ><span class='hr-inner-style'><\/span><\/span><\/div><\/p>\n<div  class='av-social-sharing-box  avia-builder-el-7  el_after_av_hr  el_before_av_hr  '><div class='av-share-box'><h5 class='av-share-link-description av-no-toc '>Compartir esta noticia<\/h5><ul class='av-share-box-list noLightbox'><li class='av-share-link av-social-link-facebook' ><a target=\"_blank\" aria-label=\"Compartir en Facebook\" href='https:\/\/www.facebook.com\/sharer.php?u=https:\/\/radiorevelacionfm.cl\/?p=66642&#038;t=CIEP%20despleg%C3%B3%20%E2%80%9CCiencia%20en%20el%20Territorio%E2%80%9D%20en%20Puerto%20Ib%C3%A1%C3%B1ez' aria-hidden='false' data-av_icon='\ue8f3' data-av_iconfont='entypo-fontello' title='' data-avia-related-tooltip='Compartir en Facebook' rel=\"noopener\"><span class='avia_hidden_link_text'>Compartir en Facebook<\/span><\/a><\/li><li class='av-share-link av-social-link-twitter' ><a target=\"_blank\" aria-label=\"Compartir en Twitter\" href='https:\/\/twitter.com\/share?text=CIEP%20despleg%C3%B3%20%E2%80%9CCiencia%20en%20el%20Territorio%E2%80%9D%20en%20Puerto%20Ib%C3%A1%C3%B1ez&#038;url=https:\/\/radiorevelacionfm.cl\/?p=66642' aria-hidden='false' data-av_icon='\ue8f1' data-av_iconfont='entypo-fontello' title='' data-avia-related-tooltip='Compartir en Twitter' rel=\"noopener\"><span class='avia_hidden_link_text'>Compartir en Twitter<\/span><\/a><\/li><li class='av-share-link av-social-link-whatsapp' ><a target=\"_blank\" aria-label=\"Compartir en Whatsapp\" href='https:\/\/api.whatsapp.com\/send?text=https:\/\/radiorevelacionfm.cl\/?p=66642' aria-hidden='false' data-av_icon='\uf232' data-av_iconfont='entypo-fontello' title='' data-avia-related-tooltip='Compartir en Whatsapp' rel=\"noopener\"><span class='avia_hidden_link_text'>Compartir en Whatsapp<\/span><\/a><\/li><li class='av-share-link av-social-link-linkedin' ><a target=\"_blank\" aria-label=\"Compartir en LinkedIn\" href='https:\/\/linkedin.com\/shareArticle?mini=true&#038;title=CIEP%20despleg%C3%B3%20%E2%80%9CCiencia%20en%20el%20Territorio%E2%80%9D%20en%20Puerto%20Ib%C3%A1%C3%B1ez&#038;url=https:\/\/radiorevelacionfm.cl\/?p=66642' aria-hidden='false' data-av_icon='\ue8fc' data-av_iconfont='entypo-fontello' title='' data-avia-related-tooltip='Compartir en LinkedIn' rel=\"noopener\"><span class='avia_hidden_link_text'>Compartir en LinkedIn<\/span><\/a><\/li><li class='av-share-link av-social-link-mail' ><a  aria-label=\"Compartir por correo\" href='mailto:?subject=CIEP%20despleg%C3%B3%20%E2%80%9CCiencia%20en%20el%20Territorio%E2%80%9D%20en%20Puerto%20Ib%C3%A1%C3%B1ez&#038;body=https:\/\/radiorevelacionfm.cl\/?p=66642' aria-hidden='false' data-av_icon='\ue805' data-av_iconfont='entypo-fontello' title='' data-avia-related-tooltip='Compartir por correo'><span class='avia_hidden_link_text'>Compartir por correo<\/span><\/a><\/li><\/ul><\/div><\/div>\n<div  style='height:50px' class='hr hr-invisible   avia-builder-el-8  el_after_av_social_share  el_before_av_comments_list '><span class='hr-inner ' ><span class='hr-inner-style'><\/span><\/span><\/div>\n<div  class='av-buildercomment  av-blog-meta-html-info-disabled av-blog-meta-tag-disabled  '><\/div>\n","protected":false},"excerpt":{"rendered":"","protected":false},"author":1,"featured_media":66643,"comment_status":"closed","ping_status":"closed","sticky":false,"template":"","format":"standard","meta":{"footnotes":""},"categories":[38],"tags":[],"class_list":["post-66642","post","type-post","status-publish","format-standard","has-post-thumbnail","hentry","category-regional"],"jetpack_featured_media_url":"https:\/\/radiorevelacionfm.cl\/wp-content\/uploads\/2026\/04\/img_3478_optimized.jpeg","_links":{"self":[{"href":"https:\/\/radiorevelacionfm.cl\/index.php?rest_route=\/wp\/v2\/posts\/66642","targetHints":{"allow":["GET"]}}],"collection":[{"href":"https:\/\/radiorevelacionfm.cl\/index.php?rest_route=\/wp\/v2\/posts"}],"about":[{"href":"https:\/\/radiorevelacionfm.cl\/index.php?rest_route=\/wp\/v2\/types\/post"}],"author":[{"embeddable":true,"href":"https:\/\/radiorevelacionfm.cl\/index.php?rest_route=\/wp\/v2\/users\/1"}],"replies":[{"embeddable":true,"href":"https:\/\/radiorevelacionfm.cl\/index.php?rest_route=%2Fwp%2Fv2%2Fcomments&post=66642"}],"version-history":[{"count":2,"href":"https:\/\/radiorevelacionfm.cl\/index.php?rest_route=\/wp\/v2\/posts\/66642\/revisions"}],"predecessor-version":[{"id":66652,"href":"https:\/\/radiorevelacionfm.cl\/index.php?rest_route=\/wp\/v2\/posts\/66642\/revisions\/66652"}],"wp:featuredmedia":[{"embeddable":true,"href":"https:\/\/radiorevelacionfm.cl\/index.php?rest_route=\/wp\/v2\/media\/66643"}],"wp:attachment":[{"href":"https:\/\/radiorevelacionfm.cl\/index.php?rest_route=%2Fwp%2Fv2%2Fmedia&parent=66642"}],"wp:term":[{"taxonomy":"category","embeddable":true,"href":"https:\/\/radiorevelacionfm.cl\/index.php?rest_route=%2Fwp%2Fv2%2Fcategories&post=66642"},{"taxonomy":"post_tag","embeddable":true,"href":"https:\/\/radiorevelacionfm.cl\/index.php?rest_route=%2Fwp%2Fv2%2Ftags&post=66642"}],"curies":[{"name":"wp","href":"https:\/\/api.w.org\/{rel}","templated":true}]}}